{"id":9925,"date":"2015-11-16T10:07:33","date_gmt":"2015-11-16T09:07:33","guid":{"rendered":"http:\/\/www.sceltedigusto.it\/public\/?p=9925"},"modified":"2015-11-16T11:14:16","modified_gmt":"2015-11-16T10:14:16","slug":"cosmofood-a-vicenza","status":"publish","type":"post","link":"https:\/\/www.sceltedigusto.it\/public\/cosmofood-a-vicenza\/","title":{"rendered":"COSMOFOOD A VICENZA"},"content":{"rendered":"<p><strong><a href=\"http:\/\/www.sceltedigusto.it\/public\/wp-content\/uploads\/2015\/11\/VMR_1823-3872x2581.jpg\"><img loading=\"lazy\" class=\"alignnone size-medium wp-image-9928\" src=\"http:\/\/www.sceltedigusto.it\/public\/wp-content\/uploads\/2015\/11\/VMR_1823-3872x2581-300x199.jpg\" alt=\"VMR_1823-3872x2581\" width=\"300\" height=\"199\" \/><\/a><\/strong><\/p>\n<p><strong>COSMOFOOD: RISTORAZIONE E TIPICIT\u00c0 SI INCONTRANO A VICENZA<\/strong><\/p>\n<p><strong>Fino a marted\u00ec riflettori puntati sulla Fiera di Vicenza per un evento che propone 3000 prodotti. Verso il tutto esaurito i 100 eventi in programma<\/strong><\/p>\n<p>Un minuto di silenzio per ricordare le vittime di Parigi. Si \u00e8 aperta cos\u00ec la terza edizione di Cosmofood, il salone dell&#8217;enogastronomia e della ristorazione in programma alla Fiera a Vicenza fino a marted\u00ec 17 novembre.<\/p>\n<p><a href=\"http:\/\/www.sceltedigusto.it\/public\/wp-content\/uploads\/2015\/11\/cosmofood-quadrato.jpg\"><img loading=\"lazy\" class=\"alignnone size-medium wp-image-9929\" src=\"http:\/\/www.sceltedigusto.it\/public\/wp-content\/uploads\/2015\/11\/cosmofood-quadrato-300x200.jpg\" alt=\"cosmofood-quadrato\" width=\"300\" height=\"200\" srcset=\"https:\/\/www.sceltedigusto.it\/public\/wp-content\/uploads\/2015\/11\/cosmofood-quadrato-300x200.jpg 300w, https:\/\/www.sceltedigusto.it\/public\/wp-content\/uploads\/2015\/11\/cosmofood-quadrato-1024x683.jpg 1024w, https:\/\/www.sceltedigusto.it\/public\/wp-content\/uploads\/2015\/11\/cosmofood-quadrato-768x512.jpg 768w, https:\/\/www.sceltedigusto.it\/public\/wp-content\/uploads\/2015\/11\/cosmofood-quadrato-150x100.jpg 150w, https:\/\/www.sceltedigusto.it\/public\/wp-content\/uploads\/2015\/11\/cosmofood-quadrato-696x464.jpg 696w, https:\/\/www.sceltedigusto.it\/public\/wp-content\/uploads\/2015\/11\/cosmofood-quadrato-1068x712.jpg 1068w, https:\/\/www.sceltedigusto.it\/public\/wp-content\/uploads\/2015\/11\/cosmofood-quadrato-630x420.jpg 630w, https:\/\/www.sceltedigusto.it\/public\/wp-content\/uploads\/2015\/11\/cosmofood-quadrato.jpg 1200w\" sizes=\"(max-width: 300px) 100vw, 300px\" \/><\/a><\/p>\n<p>\u201cSiamo qui per celebrare l&#8217;enogastronomia italiana, ma quanto accaduto stanotte ci ha toccato tutti\u201d ha spiegato\u00a0<strong>Mauro Grandi<\/strong>, direttore di Cosmofood, al taglio del nastro insieme all&#8217;Assessore all&#8217;innovazione del comune di Vicenza\u00a0<strong>Filippo Zanetti<\/strong>.<br \/>\nDue i padiglioni nei quali sono organizzati i 350 espositori. Uno dedicato ai professionisti della ristorazione (padiglione 1) con<strong>\u00a0Cosmotech<\/strong>, salone delle attrezzature professionali con tutte le ultime novit\u00e0 per la ristorazione. L&#8217;altro (padiglione 7) pi\u00f9 rivolto al grande pubblico, con espositori provenienti da tutta Italia e suddivisi nelle aree tematiche Vino (<strong>Cosmowine<\/strong>), Birra (<strong>Cosmobeer<\/strong>), prodotti di qualit\u00e0 (<strong>Food<\/strong>) e nell&#8217;area dedicata a\u00a0<strong>Intolleranze Alimentari<\/strong>,\u00a0<strong>Gluten Free<\/strong>,<strong>\u00a0Bio&amp;Vegan<\/strong>.<br \/>\nOltre 3000 i prodotti presenti per un vero giro d&#8217;Italia, e non solo, della produzione enogastronomica di qualit\u00e0 in grado di soddisfare sia l&#8217;interesse dell&#8217;appassionato che quello del pubblico professionale alla ricerca di nuove idee per la propria attivit\u00e0.<\/p>\n<p><a href=\"http:\/\/www.sceltedigusto.it\/public\/wp-content\/uploads\/2015\/11\/iStock_000009775886_Full.jpg\"><img loading=\"lazy\" class=\"alignnone size-medium wp-image-9927\" src=\"http:\/\/www.sceltedigusto.it\/public\/wp-content\/uploads\/2015\/11\/iStock_000009775886_Full-200x300.jpg\" alt=\"Various types of cheese composition\" width=\"200\" height=\"300\" srcset=\"https:\/\/www.sceltedigusto.it\/public\/wp-content\/uploads\/2015\/11\/iStock_000009775886_Full-200x300.jpg 200w, https:\/\/www.sceltedigusto.it\/public\/wp-content\/uploads\/2015\/11\/iStock_000009775886_Full.jpg 356w\" sizes=\"(max-width: 200px) 100vw, 200px\" \/><\/a><br \/>\n\u201cLa chiave del successo di Cosmofood \u2013 continua Mauro Grandi \u2013 \u00e8 la sua capacit\u00e0 di dare una visione a 360\u00b0 sul mondo del food e della ristorazione. Gi\u00e0 nelle prime ore di apertura l&#8217;afflusso dei visitatori \u00e8 molto consistente ed \u00e8 particolarmente apprezzata la possibilit\u00e0 di fare\u00a0<strong>acquisti<\/strong>\u00a0direttamente agli stand. A Cosmofood si trova tutto il mondo del food da portare a casa\u201d.<\/p>\n<p><a href=\"http:\/\/www.sceltedigusto.it\/public\/wp-content\/uploads\/2015\/11\/iStock_000046623332_Full.jpg\"><img loading=\"lazy\" class=\"alignnone size-medium wp-image-9930\" src=\"http:\/\/www.sceltedigusto.it\/public\/wp-content\/uploads\/2015\/11\/iStock_000046623332_Full-300x300.jpg\" alt=\"Catalan Salut\" width=\"300\" height=\"300\" srcset=\"https:\/\/www.sceltedigusto.it\/public\/wp-content\/uploads\/2015\/11\/iStock_000046623332_Full-300x300.jpg 300w, https:\/\/www.sceltedigusto.it\/public\/wp-content\/uploads\/2015\/11\/iStock_000046623332_Full-150x150.jpg 150w, https:\/\/www.sceltedigusto.it\/public\/wp-content\/uploads\/2015\/11\/iStock_000046623332_Full-210x210.jpg 210w, https:\/\/www.sceltedigusto.it\/public\/wp-content\/uploads\/2015\/11\/iStock_000046623332_Full.jpg 480w\" sizes=\"(max-width: 300px) 100vw, 300px\" \/><\/a><br \/>\nOltre 100 gli eventi in programma nei quattro giorni tra corsi di formazione, degustazioni, dimostrazioni e seminari. Tra i corsi pi\u00f9 attesi quello per realizzare i Biscotti Vetrati (domenica ore 15.30) nel quale la pastry blogger Vanessa Netto insegner\u00e0 i segreti per una frolla perfetta con la quale realizzare simpatici biscotti con la tecnica \u201cdel vetro\u201d. Grande interesse anche per il corso di Capcake natalizi (sempre domenica alle 16.30) nel quale la pasticcera Laura Pavan sveler\u00e0 una ricetta veloce per imparare a preparare le basi dei cupcakes e sui Frosting.<\/p>\n<p><a href=\"http:\/\/www.sceltedigusto.it\/public\/wp-content\/uploads\/2015\/11\/phGek_lo_3169.jpg\"><img loading=\"lazy\" class=\"alignnone size-medium wp-image-9931\" src=\"http:\/\/www.sceltedigusto.it\/public\/wp-content\/uploads\/2015\/11\/phGek_lo_3169-300x200.jpg\" alt=\"phGek_lo_3169\" width=\"300\" height=\"200\" srcset=\"https:\/\/www.sceltedigusto.it\/public\/wp-content\/uploads\/2015\/11\/phGek_lo_3169-300x200.jpg 300w, https:\/\/www.sceltedigusto.it\/public\/wp-content\/uploads\/2015\/11\/phGek_lo_3169.jpg 900w\" sizes=\"(max-width: 300px) 100vw, 300px\" \/><\/a><\/p>\n<p>Gli ultimi posti disponibili si possono prenotare online sul sito\u00a0<a href=\"http:\/\/www.cosmofood.it\/\" target=\"_blank\">www.cosmofood.it<\/a><br \/>\nDifferenziati gli\u00a0<strong>orari di apertura<\/strong>\u00a0dei due padiglioni. Il padiglione 7 (enogastronomia) sabato e domenica \u00e8 aperto dalle 9 alle 22 per lasciare tempo agli appassionati anche di cenare in uno dei due ristoranti tipici (romano e maremmano), una pizzeria gourmet, in uno dei numerosi punti di ristoro take away. Luned\u00ec e marted\u00ec invece l&#8217;orario \u00e8 dalle 9 alle 19. Il padiglione 1 (Cosmotech) nei quattro giorni invece \u00e8 sempre aperto dalle 9 alle 19.<br \/>\nIl biglietto di ingresso costa solo 5 \u20acuro.<br \/>\n<strong>Info in breve | COSMOFOOD Expo Food Beverage Technology<\/strong><br \/>\n<strong>Data:<\/strong>\u00a0dal 14 al 17 novembre 2015<br \/>\n<strong>Orari di apertura:<\/strong><br \/>\n<strong>PAD 7:<\/strong>\u00a0sabato e domenica dalle 9 alle 22 | luned\u00ec e marted\u00ec dalle 9 alle 19<br \/>\n<strong>PAD 1:<\/strong>\u00a0sabato, domenica, luned\u00ec e marted\u00ec dalle 9 alle 19<br \/>\n<strong>Luogo:<\/strong>\u00a0Fiera di Vicenza (uscita A4 Vicenza ovest)<br \/>\n<strong>Ingresso:<\/strong>\u00a0\u20ac 5. Ingresso gratuito per disabili e bambini fino ai 10 anni, biglietto ridotto ad \u20ac 4 per le scolaresche<br \/>\n<strong>Info:<\/strong>\u00a0<a href=\"http:\/\/www.cosmofood.it\/\" target=\"_blank\">www.cosmofood.it<\/a><\/p>\n","protected":false},"excerpt":{"rendered":"<p>COSMOFOOD: RISTORAZIONE E TIPICIT\u00c0 SI INCONTRANO A VICENZA Fino a marted\u00ec riflettori puntati sulla Fiera di Vicenza per un evento che propone 3000 prodotti. Verso il tutto esaurito i 100 eventi in programma Un minuto di silenzio per ricordare le vittime di Parigi. Si \u00e8 aperta cos\u00ec la terza edizione di Cosmofood, il salone dell&#8217;enogastronomia [&hellip;]<\/p>\n","protected":false},"author":18,"featured_media":9928,"comment_status":"open","ping_status":"open","sticky":false,"template":"","format":"standard","meta":[],"categories":[4,5435],"tags":[6817,124,370,109,1596,6816,6539,6744,6815,800,1601,6540,6814,1803,790,1736,530,894,652,347,6746,383,591,174,1441,671,264,1578,2960,209],"jetpack_featured_media_url":"https:\/\/www.sceltedigusto.it\/public\/wp-content\/uploads\/2015\/11\/VMR_1823-3872x2581-scaled.jpg","_links":{"self":[{"href":"https:\/\/www.sceltedigusto.it\/public\/wp-json\/wp\/v2\/posts\/9925"}],"collection":[{"href":"https:\/\/www.sceltedigusto.it\/public\/wp-json\/wp\/v2\/posts"}],"about":[{"href":"https:\/\/www.sceltedigusto.it\/public\/wp-json\/wp\/v2\/types\/post"}],"author":[{"embeddable":true,"href":"https:\/\/www.sceltedigusto.it\/public\/wp-json\/wp\/v2\/users\/18"}],"replies":[{"embeddable":true,"href":"https:\/\/www.sceltedigusto.it\/public\/wp-json\/wp\/v2\/comments?post=9925"}],"version-history":[{"count":3,"href":"https:\/\/www.sceltedigusto.it\/public\/wp-json\/wp\/v2\/posts\/9925\/revisions"}],"predecessor-version":[{"id":9933,"href":"https:\/\/www.sceltedigusto.it\/public\/wp-json\/wp\/v2\/posts\/9925\/revisions\/9933"}],"wp:featuredmedia":[{"embeddable":true,"href":"https:\/\/www.sceltedigusto.it\/public\/wp-json\/wp\/v2\/media\/9928"}],"wp:attachment":[{"href":"https:\/\/www.sceltedigusto.it\/public\/wp-json\/wp\/v2\/media?parent=9925"}],"wp:term":[{"taxonomy":"category","embeddable":true,"href":"https:\/\/www.sceltedigusto.it\/public\/wp-json\/wp\/v2\/categories?post=9925"},{"taxonomy":"post_tag","embeddable":true,"href":"https:\/\/www.sceltedigusto.it\/public\/wp-json\/wp\/v2\/tags?post=9925"}],"curies":[{"name":"wp","href":"https:\/\/api.w.org\/{rel}","templated":true}]}}