{"id":977,"date":"2011-07-25T07:37:00","date_gmt":"2011-07-25T05:37:00","guid":{"rendered":"http:\/\/www.sceltedigusto.it\/public\/Test\/contest-le-regionali-per-scelte-di-gusto-votate-le-ricette-finaliste\/"},"modified":"2013-11-16T21:18:49","modified_gmt":"2013-11-16T20:18:49","slug":"contest-le-regionali-per-scelte-di-gusto-votate-le-ricette-finaliste","status":"publish","type":"post","link":"https:\/\/www.sceltedigusto.it\/public\/contest-le-regionali-per-scelte-di-gusto-votate-le-ricette-finaliste\/","title":{"rendered":"Contest le regionali per Scelte di Gusto: votate le ricette finaliste!"},"content":{"rendered":"<h3><img loading=\"lazy\" class=\" size-full wp-image-975\" src=\"http:\/\/www.sceltedigusto.it\/public\/Test\/wp-content\/uploads\/2011\/07\/contestsceltedigusto.jpg\" border=\"0\" width=\"300\" height=\"300\" srcset=\"https:\/\/www.sceltedigusto.it\/public\/wp-content\/uploads\/2011\/07\/contestsceltedigusto.jpg 300w, https:\/\/www.sceltedigusto.it\/public\/wp-content\/uploads\/2011\/07\/contestsceltedigusto-150x150.jpg 150w\" sizes=\"(max-width: 300px) 100vw, 300px\" \/><\/h3>\n<h3 style=\"text-align: justify;\">Ormai al termine il contest culinario indetto dal blog tematico ed in collaborazione con la testata giornalistica Scelte di Gusto. Il tema riguardava le ricette regionali per raccontare la storia del luogo che regala natali e tradizioni. Ricette adornate di spiegazioni e racconti relativi alla nascita e l\u2019evoluzione del prodotto gastronomico. In occasione del 150\u00b0 anno dall\u2019unit\u00e0, questo \u00e8 il nostro modo per festeggiare l\u2019Italia: \u00a0nel piatto e con il gusto di riscoprirne radici (Ti.Ni.)<\/h3>\n<h3>  <!--more-->  <\/h3>\n<p style=\"text-align: justify;\">Sul blog <a href=\"http:\/\/pecorelladimarzapane.blogspot.com\/2011\/05\/contest-le-regionali-per-scelte-di.html\" target=\"_blank\">Pecorella di Marzapane<\/a> potrete leggere le regole che hanno visto la partecipazione al concorso di <strong>25 ricette per la categoria \u201csalati\u201d<\/strong> e <strong>14 ricette per la categoria \u201cdolci\u201d<\/strong>. Belli i racconti, le foto, l\u2019elevato interesse specifico che ogni singola ricetta porta con se. E, scelti i criteri di valutazione &#8211; la qualit\u00e0 delle ricette, la presentazione, la complessit\u00e0 e la completezza delle informazioni \u2013 sei (6) sono ora le ricette finaliste che proponiamo a tutti i lettori di scelte di gusto.La prima selezione \u00e8 stata dunque di tipo pi\u00f9 &#8220;emozionale&#8221;, ed \u00e8 stata elaborata da Andrea Piovesan, editore, per Scelte di Gusto, e da Antonio Fiasconaro, giornalista di lungo corso autore di interessanti interviste sempre per Scelte di Gusto.<\/p>\n<p style=\"text-align: justify;\">A voi per\u00f2 spetta la valutazione ultima e la votazione delle vostre preferite:<\/p>\n<p style=\"text-align: justify;\"><img loading=\"lazy\" class=\" size-full wp-image-976\" src=\"http:\/\/www.sceltedigusto.it\/public\/Test\/wp-content\/uploads\/2011\/07\/contestfinaliste.jpg\" border=\"0\" width=\"569\" height=\"564\" width=\"600\" height=\"600\" \/><\/p>\n<p style=\"text-align: justify;\"><span style=\"text-decoration: underline;\">Salati<\/span><\/p>\n<p style=\"text-align: justify;\">&#8211; <strong>Dalla Calabria<\/strong> <a href=\"http:\/\/laricettadellafelicita.blogspot.com\/2011\/06\/linguine-cu-cciuffu-del-pesce-spada.html\" target=\"_blank\">Le linguine cu ciuffo del pesce spada<\/a><\/p>\n<p style=\"text-align: justify;\">&#8211; <strong>Da Genova<\/strong> <a href=\"http:\/\/coookingtherapy.blogspot.com\/2011\/06\/ravieu-au-tocco-de-rosto-de-vitella.html\" target=\"_blank\">I ravi\u00e8u au t\u00f2cco de rosto de vitella<\/a><\/p>\n<p style=\"text-align: justify;\">&#8211; <strong>Dal Lazio <\/strong><a href=\"http:\/\/sciroppodimirtilliepiccoliequilibri.blogspot.com\/2011\/06\/rigatoni-con-coda-alla-vaccinara.html\" target=\"_blank\">La coda alla vaccinara<\/a><\/p>\n<p style=\"text-align: justify;\"><span style=\"text-decoration: underline;\">Dolci<\/span><\/p>\n<p style=\"text-align: justify;\">&#8211; <strong>Dalla Sicilia <\/strong><a href=\"http:\/\/laceliacapasticciona.blogspot.com\/2011\/04\/operazione-cassata-siciliana.html\" target=\"_blank\">La cassata<\/a><\/p>\n<p style=\"text-align: justify;\">&#8211; <strong>Da Napoli<\/strong> <a href=\"http:\/\/acucinaemamma.blogspot.com\/2011\/06\/monachine.html\" target=\"_blank\">Le monachine<\/a><\/p>\n<p style=\"text-align: justify;\">&#8211; <strong>Dalla Sicilia<\/strong> <a href=\"http:\/\/essenzaincucina.blogspot.com\/2011\/06\/biancomangiare-di-mandorle-alla-fava.html\" target=\"_blank\">Il biancomangiare di mandorle alla fava tonka<\/a><\/p>\n<p style=\"text-align: justify;\">I premi delle due ricette vincitrici, messi in palio dal giornale, saranno in un caso un <strong>servizio di piatti in porcellana da 12 coperti<\/strong>, nell\u2019altro caso un <strong>servizio di posateria in acciaio inox per 12 persone<\/strong>.<\/p>\n<p style=\"text-align: justify;\"><em><span style=\"text-decoration: underline;\">Per votare baster\u00e0 esprimere il giudizio con un commento a questa pagina<\/span><\/em>, indicando chiaramente il nome della ricetta (una dolce ed una salata) che ritenete debba essere premiata. Per farlo sar\u00e0 necessario registrarsi al giornale.<\/p>\n<p style=\"text-align: justify;\">La votazione inizia oggi e si concluder\u00e0 tra due mesi esatti. Il <strong>26 Settembre<\/strong> saranno infatti decretate e premiate le ricette vincitrici.<\/p>\n<p style=\"text-align: justify;\">\u00a0<\/p>\n<p style=\"text-align: justify;\"><strong>Tiziana Nicoletti<\/strong><\/p>\n","protected":false},"excerpt":{"rendered":"<p>Ormai al termine il contest culinario indetto dal blog tematico ed in collaborazione con la testata giornalistica Scelte di Gusto. Il tema riguardava le ricette regionali per raccontare la storia del luogo che regala natali e tradizioni. Ricette adornate di spiegazioni e racconti relativi alla nascita e l\u2019evoluzione del prodotto gastronomico. In occasione del 150\u00b0 [&hellip;]<\/p>\n","protected":false},"author":18,"featured_media":975,"comment_status":"open","ping_status":"open","sticky":false,"template":"","format":"standard","meta":[],"categories":[1],"tags":[1439,1435,800,436,1438,1436,1441,1437,1442,1440],"jetpack_featured_media_url":"https:\/\/www.sceltedigusto.it\/public\/wp-content\/uploads\/2011\/07\/contestsceltedigusto.jpg","_links":{"self":[{"href":"https:\/\/www.sceltedigusto.it\/public\/wp-json\/wp\/v2\/posts\/977"}],"collection":[{"href":"https:\/\/www.sceltedigusto.it\/public\/wp-json\/wp\/v2\/posts"}],"about":[{"href":"https:\/\/www.sceltedigusto.it\/public\/wp-json\/wp\/v2\/types\/post"}],"author":[{"embeddable":true,"href":"https:\/\/www.sceltedigusto.it\/public\/wp-json\/wp\/v2\/users\/18"}],"replies":[{"embeddable":true,"href":"https:\/\/www.sceltedigusto.it\/public\/wp-json\/wp\/v2\/comments?post=977"}],"version-history":[{"count":1,"href":"https:\/\/www.sceltedigusto.it\/public\/wp-json\/wp\/v2\/posts\/977\/revisions"}],"predecessor-version":[{"id":4606,"href":"https:\/\/www.sceltedigusto.it\/public\/wp-json\/wp\/v2\/posts\/977\/revisions\/4606"}],"wp:featuredmedia":[{"embeddable":true,"href":"https:\/\/www.sceltedigusto.it\/public\/wp-json\/wp\/v2\/media\/975"}],"wp:attachment":[{"href":"https:\/\/www.sceltedigusto.it\/public\/wp-json\/wp\/v2\/media?parent=977"}],"wp:term":[{"taxonomy":"category","embeddable":true,"href":"https:\/\/www.sceltedigusto.it\/public\/wp-json\/wp\/v2\/categories?post=977"},{"taxonomy":"post_tag","embeddable":true,"href":"https:\/\/www.sceltedigusto.it\/public\/wp-json\/wp\/v2\/tags?post=977"}],"curies":[{"name":"wp","href":"https:\/\/api.w.org\/{rel}","templated":true}]}}