{"id":9698,"date":"2015-10-22T11:22:09","date_gmt":"2015-10-22T09:22:09","guid":{"rendered":"http:\/\/www.sceltedigusto.it\/public\/?p=9698"},"modified":"2015-10-22T11:22:09","modified_gmt":"2015-10-22T09:22:09","slug":"lazienda-zini-festeggia-il-compleanno-sostenendo-il-refettorio-ambrosiano-e-la-caritas","status":"publish","type":"post","link":"https:\/\/www.sceltedigusto.it\/public\/lazienda-zini-festeggia-il-compleanno-sostenendo-il-refettorio-ambrosiano-e-la-caritas\/","title":{"rendered":"L&#8217;azienda Zini  festeggia il compleanno sostenendo il Refettorio Ambrosiano e la Caritas"},"content":{"rendered":"<p><a href=\"http:\/\/www.sceltedigusto.it\/public\/wp-content\/uploads\/2015\/10\/ambrosiano2.jpg\"><img loading=\"lazy\" class=\"wp-image-9700 alignleft\" src=\"http:\/\/www.sceltedigusto.it\/public\/wp-content\/uploads\/2015\/10\/ambrosiano2-300x142.jpg\" alt=\"ambrosiano2\" width=\"385\" height=\"182\" srcset=\"https:\/\/www.sceltedigusto.it\/public\/wp-content\/uploads\/2015\/10\/ambrosiano2-300x142.jpg 300w, https:\/\/www.sceltedigusto.it\/public\/wp-content\/uploads\/2015\/10\/ambrosiano2-1024x484.jpg 1024w, https:\/\/www.sceltedigusto.it\/public\/wp-content\/uploads\/2015\/10\/ambrosiano2.jpg 1950w\" sizes=\"(max-width: 385px) 100vw, 385px\" \/><\/a>Nell\u2019anno del <strong>Giubileo<\/strong> straordinario che<strong> Papa Francesco<\/strong> ha intitolato alla misericordia, Zini Prodotti Alimentari si impegna concretamente in un\u2019opera dedicata ai bisognosi, in collaborazione con una delle realt\u00e0 maggiormente rappresentative della cultura dell\u2019accoglienza milanese.<\/p>\n<p>In occasione del suo 60\u00b0 anniversario, infatti, il pastificio con sede a Cesano Boscone (MI) fornir\u00e0 gratuitamente la sua pasta per un anno a partire dal primo novembre al <strong>Refettorio Ambrosiano<\/strong> gestito da <strong>Caritas<\/strong>. Non \u00e8 stato stabilito un tetto massimo alla fornitura: la stima \u00e8 di offrire un quantitativo medio di circa 3\/5.000 kg di pasta di diversi formati, che varieranno in funzione delle esigenze congiunte di Zini Prodotti Alimentari e del Refettorio.<\/p>\n<p>Fondata nel 1956, Zini Prodotti Alimentari rappresenta la pasta di Milano per eccellenza e nel corso dei suoi 60 anni di storia ha fatto della qualit\u00e0, del gusto e dell\u2019esportazione del \u201cMade in Italy\u201d nel mondo i suoi punti di forza. Da sempre sensibile alle iniziative di carattere sociale, oggi Zini incontra un altro esempio di eccellenza milanese, il Refettorio Ambrosiano: un progetto ambizioso, che ha profondamente coinvolto tutta l\u2019azienda e l\u2019ha spronata ad investire, rinunciando ad altre iniziative.<\/p>\n<p><a href=\"http:\/\/www.sceltedigusto.it\/public\/wp-content\/uploads\/2015\/10\/ambrosiano.jpg\"><img loading=\"lazy\" class=\"wp-image-9699 alignright\" src=\"http:\/\/www.sceltedigusto.it\/public\/wp-content\/uploads\/2015\/10\/ambrosiano-300x173.jpg\" alt=\"ambrosiano\" width=\"328\" height=\"189\" srcset=\"https:\/\/www.sceltedigusto.it\/public\/wp-content\/uploads\/2015\/10\/ambrosiano-300x173.jpg 300w, https:\/\/www.sceltedigusto.it\/public\/wp-content\/uploads\/2015\/10\/ambrosiano-1024x590.jpg 1024w, https:\/\/www.sceltedigusto.it\/public\/wp-content\/uploads\/2015\/10\/ambrosiano.jpg 1196w\" sizes=\"(max-width: 328px) 100vw, 328px\" \/><\/a>Marted\u00ec scorso sono stati illustrati tutti i dettagli della partnership in una conferenza stampa alla presenza di <strong>Maurizio Vezzani<\/strong>, CEO di Zini Prodotti Alimentari, <strong>Luciano Gualzetti<\/strong>, vicedirettore di Caritas Ambrosiana, e <strong>Don Davide Milan<\/strong>i, responsabile comunicazione della Diocesi di Milano.<\/p>\n<p>All&#8217;evento \u00e8 intervenuto anche <strong>Tomas Morazzini<\/strong>, chef pluripremiato che collabora attivamente con Zini e che ha sposato da tempo la qualit\u00e0 e il gusto dei prodotti del pastificio milanese. Morazzini, che al termine della conferenza stampa ha preparato agli ospiti alcune delle sue ricette esclusive a base di pasta, avr\u00e0 un ruolo attivo nel corso di tutta l\u2019iniziativa e parteciper\u00e0 ad alcune serate cucinando per i pi\u00f9 bisognosi che ogni giorno si rifugiano al Refettorio in cerca di un pasto caldo. Tomas Morazzini si inserisce cos\u00ec in un lungo elenco di prestigiosi chef che hanno offerto il loro contributo al Refettorio Ambrosiano: da Massimo Bottura, ideatore dell&#8217;intero progetto insieme al regista <strong>Davide Rampello<\/strong>, a <strong>Carlo Cracco<\/strong> e <strong>Alain Ducasse<\/strong>. A questi si aggiungono celebri nomi nel campo dell&#8217;arte, del design e dell&#8217;architettura che hanno collaborato nella ristrutturazione del vecchio teatro abbandonato del quartiere Greco di Milano, dove oggi sorge la mensa.<\/p>\n<p>L&#8217;incontro tra le due Realt\u00e0 nasce nell&#8217;ambito di Expo Milano 2015: Caritas ha partecipato all\u2019Esposizione Universale attraverso la promozione di una serie di eventi legati al cibo come diritto inalienabile dell\u2019essere umano nei vari Paesi del mondo. A ci\u00f2 si aggiunge l\u2019iniziativa che ha visto protagonisti 40 tra i migliori chef del mondo, che hanno trasformato con la loro creativit\u00e0 le eccedenze alimentari raccolte ogni giorno in Expo Milano 2015 in piatti di alta cucina dedicati agli ospiti del Refettorio.<\/p>\n<p><a href=\"http:\/\/www.sceltedigusto.it\/public\/wp-content\/uploads\/2015\/10\/ambrosiano3.jpg\"><img loading=\"lazy\" class=\"wp-image-9701 alignleft\" src=\"http:\/\/www.sceltedigusto.it\/public\/wp-content\/uploads\/2015\/10\/ambrosiano3-300x162.jpg\" alt=\"ambrosiano3\" width=\"348\" height=\"188\" \/><\/a>Anche Zini Prodotti Alimentari ha partecipato attivamente a Expo Milano 2015: fin dal 1\u00b0 maggio \u00e8 infatti operativo il ristorante <strong>Zini Gourmet<\/strong> che offre primi piatti di qualit\u00e0, genuini, anche senza glutine, ispirati al recupero della tradizione per contribuire alla diffusione del prodotto pi\u00f9 rappresentativo della cucina italiana, la pasta, attraverso forme di consumo innovative, caratterizzate da un occhio di riguardo all\u2019ambiente.<\/p>\n<p>\u201c<em>Gli chef che preparano il men\u00f9, gli artisti che hanno reso preziosi gli interni, i volontari che riempiono di calore umano questo spazio: tutti insieme contribuiscono a fare del Refettorio Ambrosiano non una mensa, ma un luogo di accoglienza dove ci si prende cura degli ospiti. In questo quadro si inserisce anche la partnership con le aziende di qualit\u00e0 che ci garantiscono la continuit\u00e0 del progetto<\/em>\u201d, ha osservato don Davide Milani, responsabile della comunicazione della Diocesi di Milano.<\/p>\n<p>\u201c<em>L\u2019iniziativa in collaborazione con il Refettorio Ambrosiano rappresenta concretamente la nostra attenzione al sociale e al sostegno di iniziative sul territorio<\/em> \u2013 spiega Maurizio Vezzani, CEO Zini Prodotti Alimentari.<em> &#8220;Siamo onorati di far parte di questo straordinario progetto e siamo sicuri che la nostra partecipazione ci stimoler\u00e0 ad una gestione sempre pi\u00f9 attenta delle eccedenze, permettendo a tutti gli ospiti del Refettorio di conoscere la qualit\u00e0 della vera pasta fresca italiana\u201d<\/em>.<\/p>\n","protected":false},"excerpt":{"rendered":"<p>Nell\u2019anno del Giubileo straordinario che Papa Francesco ha intitolato alla misericordia, Zini Prodotti Alimentari si impegna concretamente in un\u2019opera dedicata ai bisognosi, in collaborazione con una delle realt\u00e0 maggiormente rappresentative della cultura dell\u2019accoglienza milanese. In occasione del suo 60\u00b0 anniversario, infatti, il pastificio con sede a Cesano Boscone (MI) fornir\u00e0 gratuitamente la sua pasta per [&hellip;]<\/p>\n","protected":false},"author":18,"featured_media":9701,"comment_status":"open","ping_status":"open","sticky":false,"template":"","format":"standard","meta":[],"categories":[29,5435],"tags":[1229,6631,3339,6637,6634,6638,6639,6636,6630,6635,6632,6633],"jetpack_featured_media_url":"https:\/\/www.sceltedigusto.it\/public\/wp-content\/uploads\/2015\/10\/ambrosiano3.jpg","_links":{"self":[{"href":"https:\/\/www.sceltedigusto.it\/public\/wp-json\/wp\/v2\/posts\/9698"}],"collection":[{"href":"https:\/\/www.sceltedigusto.it\/public\/wp-json\/wp\/v2\/posts"}],"about":[{"href":"https:\/\/www.sceltedigusto.it\/public\/wp-json\/wp\/v2\/types\/post"}],"author":[{"embeddable":true,"href":"https:\/\/www.sceltedigusto.it\/public\/wp-json\/wp\/v2\/users\/18"}],"replies":[{"embeddable":true,"href":"https:\/\/www.sceltedigusto.it\/public\/wp-json\/wp\/v2\/comments?post=9698"}],"version-history":[{"count":1,"href":"https:\/\/www.sceltedigusto.it\/public\/wp-json\/wp\/v2\/posts\/9698\/revisions"}],"predecessor-version":[{"id":9702,"href":"https:\/\/www.sceltedigusto.it\/public\/wp-json\/wp\/v2\/posts\/9698\/revisions\/9702"}],"wp:featuredmedia":[{"embeddable":true,"href":"https:\/\/www.sceltedigusto.it\/public\/wp-json\/wp\/v2\/media\/9701"}],"wp:attachment":[{"href":"https:\/\/www.sceltedigusto.it\/public\/wp-json\/wp\/v2\/media?parent=9698"}],"wp:term":[{"taxonomy":"category","embeddable":true,"href":"https:\/\/www.sceltedigusto.it\/public\/wp-json\/wp\/v2\/categories?post=9698"},{"taxonomy":"post_tag","embeddable":true,"href":"https:\/\/www.sceltedigusto.it\/public\/wp-json\/wp\/v2\/tags?post=9698"}],"curies":[{"name":"wp","href":"https:\/\/api.w.org\/{rel}","templated":true}]}}