{"id":9681,"date":"2015-10-21T11:41:21","date_gmt":"2015-10-21T09:41:21","guid":{"rendered":"http:\/\/www.sceltedigusto.it\/public\/?p=9681"},"modified":"2015-10-21T11:41:21","modified_gmt":"2015-10-21T09:41:21","slug":"slow-food-al-via-la-consulta-nazionale-del-vino-italiano","status":"publish","type":"post","link":"https:\/\/www.sceltedigusto.it\/public\/slow-food-al-via-la-consulta-nazionale-del-vino-italiano\/","title":{"rendered":"Slow Food. Al via la Consulta Nazionale del Vino Italiano"},"content":{"rendered":"<p><a href=\"http:\/\/www.sceltedigusto.it\/public\/wp-content\/uploads\/2012\/07\/slowfood-band.jpg\"><img loading=\"lazy\" class=\"size-medium wp-image-5627 alignleft\" src=\"http:\/\/www.sceltedigusto.it\/public\/wp-content\/uploads\/2012\/07\/slowfood-band-300x170.jpg\" alt=\"slowfood band\" width=\"300\" height=\"170\" \/><\/a>Dodici \u00a0associazioni della filiera del vino unite per far ripartire la cultura del vino italiano, a cominciare dalle giovani generazioni<br \/>\nUnire le forze per elaborare progetti concreti che promuovano il patrimonio vitivinicolo italiano coinvolgendo prima di tutto le giovani generazioni.<\/p>\n<p><a href=\"http:\/\/www.sceltedigusto.it\/public\/wp-content\/uploads\/2015\/10\/berlendis.jpg\"><img loading=\"lazy\" class=\"size-full wp-image-9682 alignright\" src=\"http:\/\/www.sceltedigusto.it\/public\/wp-content\/uploads\/2015\/10\/berlendis.jpg\" alt=\"berlendis\" width=\"275\" height=\"183\" \/><\/a>\u00c8 con questo obiettivo che nasce la<strong> Consulta Nazionale del Vino Italiano<\/strong> (Co.N.V.i.), presentata questa mattina nello <strong>Slow Food Theather<\/strong> a Expo 2015. A fare gli onori di casa il vice presidente di Slow Food Italia, <strong>Lorenzo Berlendis<\/strong>: \u00ab<em>Il progetto \u00e8 nato dalla collaborazione tra le principali associazioni legate al settore vitivinicolo nazionale. Una novit\u00e0 assoluta, dal momento che mai prima d\u2019oggi i rappresentanti delle diverse fasi della filiera si erano uniti in un progetto comune senza interessi di categoria, ma anche un importante stimolo in un momento in cui in Italia il consumo pro capite di vino negli ultimi 50 anni \u00e8 sceso da 100 a 46 litri. Sempre pi\u00f9 feticcio di ambienti ristretti, il vino ha perso il suo ruolo nutrizionale e il suo posto sulle nostre tavole, soprattutto per le giovani generazioni<\/em>\u00bb.<\/p>\n<p><a href=\"http:\/\/www.sceltedigusto.it\/public\/wp-content\/uploads\/2015\/10\/intini.jpg\"><img loading=\"lazy\" class=\" wp-image-9683 alignleft\" src=\"http:\/\/www.sceltedigusto.it\/public\/wp-content\/uploads\/2015\/10\/intini.jpg\" alt=\"intini\" width=\"251\" height=\"241\" \/><\/a>Ed \u00e8 proprio sui giovani che si concentrer\u00e0 il lavoro della Consulta, come ha indicato il presidente di <strong>ONAV<\/strong> e coordinatore CoN.V.i., <strong>Vito Intini<\/strong>, nel raccontare le iniziative che le associazioni vogliono mettere in campo per gettare un ponte tra la tradizione che abbiamo ereditato e il futuro rappresentato dai nostri figli: \u00ab<em>La Consulta nasce per dare una risposta al crescente calo dei consumi di vino in Italia. La nostra scelta \u00e8 stata partire dai giovani. L\u2019idea \u00e8 raccogliere tutto il nostro patrimonio storico e ambientale per introdurre il vino e la sua conoscenza come parte della nostra identit\u00e0 nazionale. Parleremo ai ragazzi di vino e cultura, perch\u00e9 il vino \u00e8 un elemento del nostro essere italiani, e spiegheremo loro cosa vuol dire fare un prodotto di qualit\u00e0 in questo paese. Partiremo ovviamente dall\u2019educare i giovani a bere consapevolmente, fornendo loro gli strumenti per avvicinarsi al vino in modo intelligente<\/em>\u00bb.<\/p>\n<p><a href=\"http:\/\/www.sceltedigusto.it\/public\/wp-content\/uploads\/2011\/05\/onav1.jpg\"><img loading=\"lazy\" class=\"size-medium wp-image-5685 alignright\" src=\"http:\/\/www.sceltedigusto.it\/public\/wp-content\/uploads\/2011\/05\/onav1-300x187.jpg\" alt=\"onav\" width=\"300\" height=\"187\" \/><\/a>La reazione degli educatori non ha tardato ad arrivare, e a settembre ha preso vita nella provincia di Brescia il primo progetto pilota, apripista di una serie di iniziative che coinvolgeranno tutto il territorio nazionale, verso il quale gi\u00e0 ben 50 istituti scolastici nella sola Lombardia hanno manifestato interesse. L\u2019obiettivo \u00e8 duplice: valorizzare la conoscenza della tradizione enologica nostrana e del suo significato nella nostra storia, ma anche promuovere il tema del consumo consapevole, come ricorda la professoressa<strong> Ida Zampella<\/strong>, intervenuta in rappresentanza dell\u2019Ufficio scolastico provinciale di Brescia: \u00ab<em>Il sistema scuola \u00e8 molto delicato e questi argomenti devono essere introdotti con la dovuta attenzione, altrimenti si rischia di muoversi maldestramente all\u2019interno di una cristalleria. Per questo stiamo seguendo passo passo le prime fasi di questo progetto pilota, in maniera tale da metterlo a punto e proporlo come modello verificato per i numerosi altri istituti che hanno mostrato interesse<\/em>\u00bb.<\/p>\n<p><a href=\"http:\/\/www.sceltedigusto.it\/public\/wp-content\/uploads\/2015\/10\/zari_rosanna.jpg\"><br \/>\n<img loading=\"lazy\" class=\"size-full wp-image-9684 alignleft\" src=\"http:\/\/www.sceltedigusto.it\/public\/wp-content\/uploads\/2015\/10\/zari_rosanna.jpg\" alt=\"zari_rosanna\" width=\"250\" height=\"223\" \/><\/a>E se grande attenzione \u00e8 dedicata al vino come simbolo identitario e culturale nazionale, non manca l\u2019accento anche sul delicato e fondamentale lavoro di chi questo simbolo lo raccoglie e lo trasforma, intrecciando il proprio sapere artigianale con la natura stessa dei territori, anch&#8217;essi da tutelare e da raccontare. Lo ha ricordato nel suo intervento <strong>Rosanna Zari<\/strong>, vice presidente Conaf: \u00ab<em>Naturalmente non si pu\u00f2 fermare il progresso, ma vanno considerati quegli elementi caratteristici dei paesaggi nati dall\u2019opera dell\u2019uomo. Vogliamo diffondere i tanti esempi virtuosi di integrazione tra tradizione e innovazione: i risultati di questa Consulta dovranno avere un panorama vasto, interessare tutte le nostre regioni, anche attraverso l\u2019introduzione nelle nostre scuole di corsi legati ai temi dell\u2019agricoltura, prevista da un disegno di legge che speriamo venga presto alla luce<\/em>\u00bb.<\/p>\n<p><a href=\"http:\/\/www.sceltedigusto.it\/public\/wp-content\/uploads\/2011\/04\/logo_vinitaly.jpg\"><img loading=\"lazy\" class=\"size-medium wp-image-146 alignright\" src=\"http:\/\/www.sceltedigusto.it\/public\/wp-content\/uploads\/2011\/04\/logo_vinitaly-300x134.jpg\" alt=\"logo_vinitaly\" width=\"300\" height=\"134\" srcset=\"https:\/\/www.sceltedigusto.it\/public\/wp-content\/uploads\/2011\/04\/logo_vinitaly-300x134.jpg 300w, https:\/\/www.sceltedigusto.it\/public\/wp-content\/uploads\/2011\/04\/logo_vinitaly-768x344.jpg 768w, https:\/\/www.sceltedigusto.it\/public\/wp-content\/uploads\/2011\/04\/logo_vinitaly-150x67.jpg 150w, https:\/\/www.sceltedigusto.it\/public\/wp-content\/uploads\/2011\/04\/logo_vinitaly-696x311.jpg 696w, https:\/\/www.sceltedigusto.it\/public\/wp-content\/uploads\/2011\/04\/logo_vinitaly-604x270.jpg 604w, https:\/\/www.sceltedigusto.it\/public\/wp-content\/uploads\/2011\/04\/logo_vinitaly.jpg 800w\" sizes=\"(max-width: 300px) 100vw, 300px\" \/><\/a>Il prossimo passo a livello organizzativo sar\u00e0 la realizzazione di un marchio comune della Consulta, presentato a tutto il mondo vitivinicolo nazionale in occasione del prossimo <strong>Vinitaly<\/strong>. A livello politico invece la prossima sfida della Consulta sar\u00e0 coinvolgere in questa grande opera di educazione e formazione ministeri e istituzioni potenzialmente interessati.<\/p>\n<p>Le associazioni costituenti della Consulta al 19 ottobre sono:<\/p>\n<p>AGIVI; AIS; ASPI; ASSOCIAZIONE NAZIONALE LE DONNE DEL VINO; CONAF; FISAR; FIVI; MOVIMENTO DEL TURISMO DEL VINO; SLOW FOOD ITALIA; SIVE; ONAV; VINARIUS.<\/p>\n","protected":false},"excerpt":{"rendered":"<p>Dodici \u00a0associazioni della filiera del vino unite per far ripartire la cultura del vino italiano, a cominciare dalle giovani generazioni Unire le forze per elaborare progetti concreti che promuovano il patrimonio vitivinicolo italiano coinvolgendo prima di tutto le giovani generazioni. \u00c8 con questo obiettivo che nasce la Consulta Nazionale del Vino Italiano (Co.N.V.i.), presentata questa [&hellip;]<\/p>\n","protected":false},"author":18,"featured_media":5685,"comment_status":"open","ping_status":"open","sticky":false,"template":"","format":"standard","meta":[],"categories":[4,5438],"tags":[6614,6616,6618,290,6615,232,89,6617],"jetpack_featured_media_url":"https:\/\/www.sceltedigusto.it\/public\/wp-content\/uploads\/2011\/05\/onav1.jpg","_links":{"self":[{"href":"https:\/\/www.sceltedigusto.it\/public\/wp-json\/wp\/v2\/posts\/9681"}],"collection":[{"href":"https:\/\/www.sceltedigusto.it\/public\/wp-json\/wp\/v2\/posts"}],"about":[{"href":"https:\/\/www.sceltedigusto.it\/public\/wp-json\/wp\/v2\/types\/post"}],"author":[{"embeddable":true,"href":"https:\/\/www.sceltedigusto.it\/public\/wp-json\/wp\/v2\/users\/18"}],"replies":[{"embeddable":true,"href":"https:\/\/www.sceltedigusto.it\/public\/wp-json\/wp\/v2\/comments?post=9681"}],"version-history":[{"count":1,"href":"https:\/\/www.sceltedigusto.it\/public\/wp-json\/wp\/v2\/posts\/9681\/revisions"}],"predecessor-version":[{"id":9685,"href":"https:\/\/www.sceltedigusto.it\/public\/wp-json\/wp\/v2\/posts\/9681\/revisions\/9685"}],"wp:featuredmedia":[{"embeddable":true,"href":"https:\/\/www.sceltedigusto.it\/public\/wp-json\/wp\/v2\/media\/5685"}],"wp:attachment":[{"href":"https:\/\/www.sceltedigusto.it\/public\/wp-json\/wp\/v2\/media?parent=9681"}],"wp:term":[{"taxonomy":"category","embeddable":true,"href":"https:\/\/www.sceltedigusto.it\/public\/wp-json\/wp\/v2\/categories?post=9681"},{"taxonomy":"post_tag","embeddable":true,"href":"https:\/\/www.sceltedigusto.it\/public\/wp-json\/wp\/v2\/tags?post=9681"}],"curies":[{"name":"wp","href":"https:\/\/api.w.org\/{rel}","templated":true}]}}