{"id":9675,"date":"2015-10-19T23:22:26","date_gmt":"2015-10-19T21:22:26","guid":{"rendered":"http:\/\/www.sceltedigusto.it\/public\/?p=9675"},"modified":"2015-10-19T23:26:09","modified_gmt":"2015-10-19T21:26:09","slug":"editoriale-pastificio-rummo-la-pubblicita-gratuita-che-vogliamo-fare","status":"publish","type":"post","link":"https:\/\/www.sceltedigusto.it\/public\/editoriale-pastificio-rummo-la-pubblicita-gratuita-che-vogliamo-fare\/","title":{"rendered":"Editoriale. Pastificio Rummo: la pubblicit\u00e0 gratuita che vogliamo fare."},"content":{"rendered":"<p><a href=\"http:\/\/www.sceltedigusto.it\/public\/wp-content\/uploads\/2015\/10\/rummo.jpg\"><img loading=\"lazy\" class=\"wp-image-9676 alignleft\" src=\"http:\/\/www.sceltedigusto.it\/public\/wp-content\/uploads\/2015\/10\/rummo-300x123.jpg\" alt=\"rummo\" width=\"366\" height=\"150\" \/><\/a>Sui <strong><em>social<\/em><\/strong> e sulla loro funzione piovono spesso critiche assai aspre. Chi vive di social, chi li usa per lavoro, chi non sa neppure cosa siano, chi ne fa benissimo a meno. Sui social si legge di tutto: false notizie, principalmente. Ma, come successo in questi giorni, alcune volte senza i social networks molti fatti rimarrebbero entro i confini delle citt\u00e0 e dei loro protagonisti. E&#8217; immensa l&#8217;eco che un semplice accorato appello ha avuto in questi giorni: da un &#8220;t<strong><em>weet<\/em><\/strong>&#8221; a <strong><em>Facebook<\/em><\/strong> il passo \u00e8 stato breve. Un post, all&#8217;apparenza come tanti altri, lanciato nel web da una donna beneventana. La figlia di uno dei dipendenti \u00a0del <strong>Pastificio Rummo<\/strong>: un&#8217;azienda di nicchia &#8211; ma ben conosciuta in tutta Italia dai <em>gourmands<\/em> &#8211; \u00a0che produce dell&#8217;ottima pasta e che la recente alluvione che ha colpito il beneventano ha messo in ginocchio, compromettendola in maniera molto seria e tenendo anche in &#8220;ostaggio&#8221; una trentina di dipendenti mentre passava la furia delle acque del fiume <strong>Calore<\/strong> \u00a0trascinando con s\u00e8 alberi, auto e moto.<\/p>\n<p>&#8220;\u201c<em>Sono la figlia di uno dei dipendenti del pastificio Rummo<\/em> \u2013 si leggeva su Twitter pochi giorni fa\u2013 &#8220;<em>Ho visto per la prima volta la disperazione sulla faccia di mio padre e credo non ci sia cosa peggiore per una figlia. Ma in lui come nei suoi colleghi ho visto tanta voglia di andare avanti, tanta determinazione nel volersi rialzare per essere persino pi\u00f9 forti di prima. Ci sarebbero tante altre cose da dire, ma la pi\u00f9 importante credo sia #SaveRummo\u201d<\/em>.<\/p>\n<p>Cosa fare? Intanto l&#8217;azienda non rimane di certo a guardare e a godersi la solidariet\u00e0.<\/p>\n<p><a href=\"http:\/\/www.sceltedigusto.it\/public\/wp-content\/uploads\/2015\/10\/Rummo-Cosimo-300x201.jpg\"><img loading=\"lazy\" class=\"size-full wp-image-9677 alignright\" src=\"http:\/\/www.sceltedigusto.it\/public\/wp-content\/uploads\/2015\/10\/Rummo-Cosimo-300x201.jpg\" alt=\"Rummo-Cosimo-300x201\" width=\"300\" height=\"201\" \/><\/a>\u201c<em>Siamo al lavoro per ripartire quanto prima e siamo onorati e commossi di tanta solidariet\u00e0 ricevuta<\/em> \u2013 ha dichiarato<strong> Cosimo Rummo<\/strong>, presidente del\u00a0pastificio omonimo \u00a0&#8211; &#8220;<em>Contiamo di parlare presto con precisione dei tempi di recupero a tutti quelli che ci \u00a0stanno a cuore, dipendenti, clienti e anche a chi ha espresso il suo amore per la nostra pasta. Fortunatamente per\u00f2<\/em> \u2013 si legge nella nota \u2013 <em>le linee di produzione pi\u00f9 importanti saranno in grado di ripartire a breve. Inoltre, l\u2019azienda pu\u00f2 contare su un magazzino di oltre 30.000 posti pallet di cui 20.000 sono salvi , quindi pu\u00f2 far fronte con lo stock alle richieste di breve periodo dei suoi clienti. Tutti<\/em> \u2013 sottolinea il presidente \u2013 <em>dalla famiglia Rummo ai dipendenti alle squadre coinvolte nelle pulizie, stanno lavorando e nel giro di quattro\/sei settimane dovrebbe ripartire il 70% della produzione. Cos\u00ec i 150 dipendenti del pastificio potranno con serenit\u00e0 guardare nuovamente al futuro.&#8221;<\/em><\/p>\n<p><a href=\"http:\/\/www.sceltedigusto.it\/public\/wp-content\/uploads\/2015\/10\/rummo2.jpg\"><img loading=\"lazy\" class=\"size-medium wp-image-9678 alignleft\" src=\"http:\/\/www.sceltedigusto.it\/public\/wp-content\/uploads\/2015\/10\/rummo2-300x182.jpg\" alt=\"rummo2\" width=\"300\" height=\"182\" srcset=\"https:\/\/www.sceltedigusto.it\/public\/wp-content\/uploads\/2015\/10\/rummo2-300x182.jpg 300w, https:\/\/www.sceltedigusto.it\/public\/wp-content\/uploads\/2015\/10\/rummo2-1024x621.jpg 1024w, https:\/\/www.sceltedigusto.it\/public\/wp-content\/uploads\/2015\/10\/rummo2.jpg 1297w\" sizes=\"(max-width: 300px) 100vw, 300px\" \/><\/a><\/p>\n<p>E noi cosa possiamo fare? Facilissimo: possiamo acquistare un bel pacco di pasta <strong>Rummo<\/strong> per &#8220;finanziare&#8221; con il nostro piccolo contributo i lavori di recupero di quanto \u00e8 andato danneggiato e perso, come gi\u00e0 accaduto in occasione del terremoto in Emilia con le centinaia di chili di Parmigiano andate danneggiate, anche se solo nella forma ma non di certo nella sostanza. Anche in questa occasione dunque la miglior forma di solidariet\u00e0 e di aiuto \u00e8 acquistare la pasta che &#8211; peraltro &#8211; \u00e8 un ottimo prodotto. Avremo contribuito, nel nostro piccolo, a preservare dei posti di lavoro e a mantenere in vita un&#8217;azienda che porta lustro al meridione e grande qualit\u00e0 sulla nostra tavola.<\/p>\n<p>&nbsp;<\/p>\n<p>&nbsp;<\/p>\n<p><strong>Alessandra Verzera<\/strong><\/p>\n","protected":false},"excerpt":{"rendered":"<p>Sui social e sulla loro funzione piovono spesso critiche assai aspre. Chi vive di social, chi li usa per lavoro, chi non sa neppure cosa siano, chi ne fa benissimo a meno. Sui social si legge di tutto: false notizie, principalmente. Ma, come successo in questi giorni, alcune volte senza i social networks molti fatti [&hellip;]<\/p>\n","protected":false},"author":18,"featured_media":9676,"comment_status":"open","ping_status":"open","sticky":false,"template":"","format":"standard","meta":[],"categories":[5435],"tags":[3368,6612,6613,6611,6610],"jetpack_featured_media_url":"https:\/\/www.sceltedigusto.it\/public\/wp-content\/uploads\/2015\/10\/rummo.jpg","_links":{"self":[{"href":"https:\/\/www.sceltedigusto.it\/public\/wp-json\/wp\/v2\/posts\/9675"}],"collection":[{"href":"https:\/\/www.sceltedigusto.it\/public\/wp-json\/wp\/v2\/posts"}],"about":[{"href":"https:\/\/www.sceltedigusto.it\/public\/wp-json\/wp\/v2\/types\/post"}],"author":[{"embeddable":true,"href":"https:\/\/www.sceltedigusto.it\/public\/wp-json\/wp\/v2\/users\/18"}],"replies":[{"embeddable":true,"href":"https:\/\/www.sceltedigusto.it\/public\/wp-json\/wp\/v2\/comments?post=9675"}],"version-history":[{"count":2,"href":"https:\/\/www.sceltedigusto.it\/public\/wp-json\/wp\/v2\/posts\/9675\/revisions"}],"predecessor-version":[{"id":9680,"href":"https:\/\/www.sceltedigusto.it\/public\/wp-json\/wp\/v2\/posts\/9675\/revisions\/9680"}],"wp:featuredmedia":[{"embeddable":true,"href":"https:\/\/www.sceltedigusto.it\/public\/wp-json\/wp\/v2\/media\/9676"}],"wp:attachment":[{"href":"https:\/\/www.sceltedigusto.it\/public\/wp-json\/wp\/v2\/media?parent=9675"}],"wp:term":[{"taxonomy":"category","embeddable":true,"href":"https:\/\/www.sceltedigusto.it\/public\/wp-json\/wp\/v2\/categories?post=9675"},{"taxonomy":"post_tag","embeddable":true,"href":"https:\/\/www.sceltedigusto.it\/public\/wp-json\/wp\/v2\/tags?post=9675"}],"curies":[{"name":"wp","href":"https:\/\/api.w.org\/{rel}","templated":true}]}}