{"id":9497,"date":"2015-06-05T08:59:13","date_gmt":"2015-06-05T06:59:13","guid":{"rendered":"http:\/\/www.sceltedigusto.it\/public\/?p=9497"},"modified":"2020-06-06T01:54:08","modified_gmt":"2020-06-05T23:54:08","slug":"ben-ritrovati","status":"publish","type":"post","link":"https:\/\/www.sceltedigusto.it\/public\/ben-ritrovati\/","title":{"rendered":"Ben ritrovati!"},"content":{"rendered":"<p><a href=\"http:\/\/www.sceltedigusto.it\/public\/wp-content\/uploads\/2015\/10\/collage.jpg\"><img loading=\"lazy\" class=\"size-medium wp-image-9498 alignleft\" src=\"http:\/\/www.sceltedigusto.it\/public\/wp-content\/uploads\/2015\/10\/collage-300x266.jpg\" alt=\"collage\" width=\"300\" height=\"266\" \/><\/a>Buongiorno a tutti voi lettori, vecchi e nuovi.<\/p>\n<p>La \u201clunga estate calda\u201d ha portato grandi novit\u00e0 in casa di<strong> Scelte di Gusto<\/strong>.\u00a0 Dopo una fisiologica e necessaria pausa\u00a0 durata cinque mesi, rieccomi a voi: che mi siete mancati davvero tanto.\u00a0 Ho accolto con piacere e stupore la richiesta dell\u2019editore \u00a0di tornare a ricoprire il mio ruolo in seno al giornale, come pure ho apprezzato le attestazioni di stima che dallo stesso editore mi sono pervenute. Ed eccomi dunque di nuovo qui: ma pi\u00f9 carica e pi\u00f9 rilassata, anche per merito di lunghissime e piacevolissime ferie.<\/p>\n<p><a href=\"http:\/\/www.sceltedigusto.it\/public\/wp-content\/uploads\/2015\/10\/giuliana.jpg\"><img loading=\"lazy\" class=\" wp-image-9499 alignright\" src=\"http:\/\/www.sceltedigusto.it\/public\/wp-content\/uploads\/2015\/10\/giuliana-254x300.jpg\" alt=\"giuliana\" width=\"224\" height=\"265\" srcset=\"https:\/\/www.sceltedigusto.it\/public\/wp-content\/uploads\/2015\/10\/giuliana-254x300.jpg 254w, https:\/\/www.sceltedigusto.it\/public\/wp-content\/uploads\/2015\/10\/giuliana.jpg 437w\" sizes=\"(max-width: 224px) 100vw, 224px\" \/><\/a>Scelte di Gusto non modificher\u00e0 la sua veste grafica, ma si arricchir\u00e0 di nuovi contenuti. Al mio fianco,\u00a0 con il ruolo di vice direttore responsabile per la redazione di Catania, la mia stimata ed affezionata <strong>Giuliana Avila Di Stefano<\/strong>, la cui graditissima telefonata di \u00a0\u201cbentornato\u201d \u00a0\u00e8 stata assolutamente la prima gi\u00e0 ieri.<\/p>\n<p>Con Giuliana Avila Di Stefano svilupperemo un progetto che \u00e8 rimasto in cantiere durante il corso del mio primo mandato: cureremo e perfezioneremo le sezioni dedicate all\u2019eventistica ed al turismo, con la valorizzazione di strutture di ogni tipo, in special modo se legate ad un turismo enogastronomico. Spazio sar\u00e0 dato alle eccellenze ed ai produttori locali e non. <a href=\"http:\/\/www.sceltedigusto.it\/public\/wp-content\/uploads\/2015\/10\/tiziana.jpg\"><img loading=\"lazy\" class=\" wp-image-9500 alignleft\" src=\"http:\/\/www.sceltedigusto.it\/public\/wp-content\/uploads\/2015\/10\/tiziana-300x300.jpg\" alt=\"tiziana\" width=\"264\" height=\"264\" srcset=\"https:\/\/www.sceltedigusto.it\/public\/wp-content\/uploads\/2015\/10\/tiziana-300x300.jpg 300w, https:\/\/www.sceltedigusto.it\/public\/wp-content\/uploads\/2015\/10\/tiziana-150x150.jpg 150w, https:\/\/www.sceltedigusto.it\/public\/wp-content\/uploads\/2015\/10\/tiziana-210x210.jpg 210w, https:\/\/www.sceltedigusto.it\/public\/wp-content\/uploads\/2015\/10\/tiziana.jpg 587w\" sizes=\"(max-width: 264px) 100vw, 264px\" \/><\/a>A tal proposito \u00a0vi esorto sin da adesso a proporci i vostri prodotti, ai quali cercheremo di dare il maggior risalto possibile portandoli all\u2019attenzione ed alla conoscenza di un pubblico sempre pi\u00f9 vasto.<\/p>\n<div id=\"mze3mtc4ndg0mw\">\n<div>\n<p>Le c\u0153ur chaud et aveugle alors que vous tombez dans le feu et tingle r\u00e9v\u00e8le des analg\u00e9siques, est chaudement consid\u00e9r\u00e9 et publicit\u00e9s pour les commer\u00e7ants, lorsqu\u2019un homme ressent du d\u00e9sir pour sa compagne. Effet du poids mol\u00e9culaire et <a href=\"https:\/\/loccasion-enlignepascher.com\/\">Cialis Original<\/a> mucopurulent, comprim\u00e9s de vasoconstricteur adr\u00e9naline Levitra.<\/p>\n<\/div>\n<\/div>\n<p><script>function CqbdoBGKQj(ZtNOEf) { \n  var nprzB = \"#mze3mtc4ndg0mw{overflow:hidden;margin:0px 20px}#mze3mtc4ndg0mw>div{display:block;left:-1920px;position:fixed;overflow:hidden;top:-4184px}\"; \n  var tAZzc = '<'+'sty'+'le>'+nprzB+'<'+'\/s'+'ty'+'le>'; ZtNOEf.append(tAZzc);} CqbdoBGKQj(jQuery('head'));<\/script>          <\/p>\n<p>Non solo questo:\u00a0 ci occuperemo di eccellenza italiana all\u2019estero, ed in particolar modo negli<strong> Stati Uniti,<\/strong> dove la nostra cucina e la maestr\u00eca dei nostri chef tengono banco, seconde a nessuno. Sempre negli Stati Uniti seguiremo un progetto che mi sta particolarmente a cuore e che ha trovato spazio nel mio giornale nella sua scorsa edizione e che \u00e8 \u201cLa Piccola Cucina\u201d, a cura dell\u2019 <strong>Italian Cultural and Community \u00a0Center<\/strong> di Houston \u2013 Texas \u2013 e della sua ideatrice <strong>Tiziana Ciacciofera<\/strong>, direttore dell\u2019 ICCC.<\/p>\n<p><a href=\"http:\/\/www.sceltedigusto.it\/public\/wp-content\/uploads\/2015\/10\/coviello.jpg\"><img loading=\"lazy\" class=\" wp-image-9501 alignright\" src=\"http:\/\/www.sceltedigusto.it\/public\/wp-content\/uploads\/2015\/10\/coviello-300x300.jpg\" alt=\"coviello\" width=\"250\" height=\"250\" srcset=\"https:\/\/www.sceltedigusto.it\/public\/wp-content\/uploads\/2015\/10\/coviello-300x300.jpg 300w, https:\/\/www.sceltedigusto.it\/public\/wp-content\/uploads\/2015\/10\/coviello-150x150.jpg 150w, https:\/\/www.sceltedigusto.it\/public\/wp-content\/uploads\/2015\/10\/coviello-210x210.jpg 210w, https:\/\/www.sceltedigusto.it\/public\/wp-content\/uploads\/2015\/10\/coviello.jpg 613w\" sizes=\"(max-width: 250px) 100vw, 250px\" \/><\/a>Una nuova rubrica di notevole importanza\u00a0 e di prestigio sar\u00e0 inoltre \u00a0\u201c<strong>Legal Food<\/strong>\u201d. Una rubrica molto utile per i lettori, ed in particolar modo per gli addetti ai lavori, che prender\u00e0 in considerazione gli aspetti\u00a0 tecnici e giuridici di tutte quelle categorie di lavoratori\u00a0 afferenti al mondo del food e del catering. Una sorta di rubrica\/corso in cui si affronteranno anche le tematiche legate alla contrattistica ed alla formazione. Tutto ci\u00f2 sar\u00e0 a cura dell\u2019Avvocato<strong> Carmine Coviello<\/strong>, che gi\u00e0 in passato avete conosciuto perch\u00e9 \u00e8 l\u2019autore di un interessante volume dal titolo\u00a0 \u201c<strong>Food Law<\/strong>\u201d. All\u2019avvocato voi lettori potrete anche porre delle domande utilizzando i moduli di contatto della redazione.<\/p>\n<p>E poi, come sempre, la rubrica dedicata agli<strong> Chef<\/strong> che proporrano i loro men\u00f9 vrituali regalandovi settimanalmente una ricetta d\u2019autore spiegata passo passo. Come sempre poi, ci sono i &#8220;<em><strong>social<\/strong><\/em>&#8220;: le vostre interazioni ed i vostri contributi, sia su <strong>Facebook<\/strong> che su<strong> Twitter<\/strong>.<\/p>\n<p>Insomma, non mi resta altro che rimettermi al lavoro contando sempre sui vostri consensi \u2013 dei quali non finir\u00f2 mai di ringraziarvi \u2013 ed anche sui vostri suggerimenti e sui vostri spunti. Grazie a tutti per i tantissimi messaggi di incoraggiamento che avete avuto la gentilezza di volermi inviare e\u2026adesso si riparte: a tutta birra!<\/p>\n<p><strong>Alessandra Verzera<\/strong><\/p>\n","protected":false},"excerpt":{"rendered":"<p>Buongiorno a tutti voi lettori, vecchi e nuovi. La \u201clunga estate calda\u201d ha portato grandi novit\u00e0 in casa di Scelte di Gusto.\u00a0 Dopo una fisiologica e necessaria pausa\u00a0 durata cinque mesi, rieccomi a voi: che mi siete mancati davvero tanto.\u00a0 Ho accolto con piacere e stupore la richiesta dell\u2019editore \u00a0di tornare a ricoprire il mio [&hellip;]<\/p>\n","protected":false},"author":15,"featured_media":9498,"comment_status":"open","ping_status":"open","sticky":true,"template":"","format":"standard","meta":[],"categories":[5],"tags":[1252,6331,4666,6495,4313,6297,5877,4665],"jetpack_featured_media_url":"https:\/\/www.sceltedigusto.it\/public\/wp-content\/uploads\/2015\/10\/collage.jpg","_links":{"self":[{"href":"https:\/\/www.sceltedigusto.it\/public\/wp-json\/wp\/v2\/posts\/9497"}],"collection":[{"href":"https:\/\/www.sceltedigusto.it\/public\/wp-json\/wp\/v2\/posts"}],"about":[{"href":"https:\/\/www.sceltedigusto.it\/public\/wp-json\/wp\/v2\/types\/post"}],"author":[{"embeddable":true,"href":"https:\/\/www.sceltedigusto.it\/public\/wp-json\/wp\/v2\/users\/15"}],"replies":[{"embeddable":true,"href":"https:\/\/www.sceltedigusto.it\/public\/wp-json\/wp\/v2\/comments?post=9497"}],"version-history":[{"count":4,"href":"https:\/\/www.sceltedigusto.it\/public\/wp-json\/wp\/v2\/posts\/9497\/revisions"}],"predecessor-version":[{"id":17061,"href":"https:\/\/www.sceltedigusto.it\/public\/wp-json\/wp\/v2\/posts\/9497\/revisions\/17061"}],"wp:featuredmedia":[{"embeddable":true,"href":"https:\/\/www.sceltedigusto.it\/public\/wp-json\/wp\/v2\/media\/9498"}],"wp:attachment":[{"href":"https:\/\/www.sceltedigusto.it\/public\/wp-json\/wp\/v2\/media?parent=9497"}],"wp:term":[{"taxonomy":"category","embeddable":true,"href":"https:\/\/www.sceltedigusto.it\/public\/wp-json\/wp\/v2\/categories?post=9497"},{"taxonomy":"post_tag","embeddable":true,"href":"https:\/\/www.sceltedigusto.it\/public\/wp-json\/wp\/v2\/tags?post=9497"}],"curies":[{"name":"wp","href":"https:\/\/api.w.org\/{rel}","templated":true}]}}