{"id":9459,"date":"2015-05-05T20:57:02","date_gmt":"2015-05-05T18:57:02","guid":{"rendered":"http:\/\/www.sceltedigusto.it\/public\/?p=9459"},"modified":"2015-05-05T20:57:02","modified_gmt":"2015-05-05T18:57:02","slug":"il-biomediterraneo-non-affonda-paesi-del-mediterraneo-e-sicilia-insieme-per-il-bene-del-progetto-culturale-dellexpo-e-crocetta-istituisce-un-comitato-di-controllo","status":"publish","type":"post","link":"https:\/\/www.sceltedigusto.it\/public\/il-biomediterraneo-non-affonda-paesi-del-mediterraneo-e-sicilia-insieme-per-il-bene-del-progetto-culturale-dellexpo-e-crocetta-istituisce-un-comitato-di-controllo\/","title":{"rendered":"Il biomediterraneo non affonda: Paesi del Mediterraneo e Sicilia insieme per il bene del progetto culturale dell\u2019Expo. E Crocetta istituisce un comitato di controllo."},"content":{"rendered":"<p><a href=\"http:\/\/www.sceltedigusto.it\/public\/wp-content\/uploads\/2014\/01\/expo.jpg\"><img loading=\"lazy\" class=\" wp-image-6028 alignleft\" src=\"http:\/\/www.sceltedigusto.it\/public\/wp-content\/uploads\/2014\/01\/expo-300x199.jpg\" alt=\"expo\" width=\"250\" height=\"166\" \/><\/a>Non \u00e8 tutto oro quello che luccica ad <strong>Expo Milano 2015<\/strong>: e cos\u00ec la <strong>Regione Siciliana<\/strong> decide di vederci chiaro. <a href=\"http:\/\/www.sceltedigusto.it\/public\/wp-content\/uploads\/2011\/04\/dario cartabellotta - direttore irvv istituto regionale vite e vino.jpg\"><img loading=\"lazy\" class=\" wp-image-144 alignright\" src=\"http:\/\/www.sceltedigusto.it\/public\/wp-content\/uploads\/2011\/04\/dario cartabellotta - direttore irvv istituto regionale vite e vino-214x300.jpg\" alt=\"dario cartabellotta - direttore irvv istituto regionale vite e vino\" width=\"173\" height=\"243\" \/><\/a>La vicenda nasce dall&#8217;insoddisfazione manifestata gi\u00e0 lo stesso giorno dell&#8217;inaugurazione della kermesse pi\u00f9 imponete e anche pi\u00f9 discussa del panorama enogastronomico mondiale proprio da<strong> Dario Cartabellotta<\/strong>, responabile del Cluster Biomediterraneo,\u00a0 e da <strong>Nino Caleca,<\/strong> assessore regionale all&#8217;agricoltura. La storia del cluster nasce gi\u00e0 segnata da enormi difficolt\u00e0: attivato con una partenza forzata garantita solo dall\u2019operosit\u00e0 dello staff e dai ragazzi dell\u2019Universit\u00e0 IULM, nonch\u00e9 dalla professionalit\u00e0 e passione degli imprenditori presenti alla prima giornata. Una sorte condivisa anche dai numerosi collaboratori dei Paesi partecipanti al Cluster. Tutti impegnati a fare partire la grande macchina dell\u2019Expo, anche sacrificando ruoli e competenze sistemando, pulendo e attrezzando lo spazio per gli eventi. Difficolt\u00e0 dovute a diversi fattori. <a href=\"http:\/\/www.sceltedigusto.it\/public\/wp-content\/uploads\/2015\/05\/expo-cartoni.jpg\"><img loading=\"lazy\" class=\"size-medium wp-image-9461 alignright\" src=\"http:\/\/www.sceltedigusto.it\/public\/wp-content\/uploads\/2015\/05\/expo-cartoni-300x225.jpg\" alt=\"expo cartoni\" width=\"300\" height=\"225\" srcset=\"https:\/\/www.sceltedigusto.it\/public\/wp-content\/uploads\/2015\/05\/expo-cartoni-300x225.jpg 300w, https:\/\/www.sceltedigusto.it\/public\/wp-content\/uploads\/2015\/05\/expo-cartoni.jpg 640w\" sizes=\"(max-width: 300px) 100vw, 300px\" \/><\/a>Tra i pi\u00f9 rilevanti, una bassa affluenza dei visitatori dovuta all\u2019assenza di insegne, indicazioni, segnali necessari per individuare il Cluster, gi\u00e0 sacrificato da una p<a href=\"http:\/\/www.sceltedigusto.it\/public\/wp-content\/uploads\/2015\/05\/nino-caleca.jpg\"><img loading=\"lazy\" class=\" wp-image-9460 alignleft\" src=\"http:\/\/www.sceltedigusto.it\/public\/wp-content\/uploads\/2015\/05\/nino-caleca-300x261.jpg\" alt=\"nino caleca\" width=\"249\" height=\"217\" srcset=\"https:\/\/www.sceltedigusto.it\/public\/wp-content\/uploads\/2015\/05\/nino-caleca-300x261.jpg 300w, https:\/\/www.sceltedigusto.it\/public\/wp-content\/uploads\/2015\/05\/nino-caleca.jpg 500w\" sizes=\"(max-width: 249px) 100vw, 249px\" \/><\/a>osizione difficile nel Sito Expo. A ci\u00f2 si \u00e8 aggiunto l\u2019anonimato della struttura determinato anche dalla mancanza del nome \u201c<strong>Cluster Biomediterraneo<\/strong>\u201d sulle pareti esterne, come invece si rileva in tutti gli altri luoghi espositivi e Padiglioni. I colori del Mediterraneo sacrificati da pareti esterne troppo chiare per il luogo in cui \u00e8 posizionato il Cluster, tanto da apparire pi\u00f9 come un luogo di smistamento logistico che come spazio di riflessione culturale, integrazione territoriale e degustazione enogastronomica.Insomma, gli spazi espositivi il giorno dell&#8217;inaugurazione erano tutt&#8217;altro che pronti e si presentavano oberati di scatoloni, cartoni ed altri materiali di risulta.<\/p>\n<p><a href=\"http:\/\/www.sceltedigusto.it\/public\/wp-content\/uploads\/2015\/05\/expo-cartoni2.jpg\"><img loading=\"lazy\" class=\"size-medium wp-image-9462 alignleft\" src=\"http:\/\/www.sceltedigusto.it\/public\/wp-content\/uploads\/2015\/05\/expo-cartoni2-300x225.jpg\" alt=\"expo cartoni2\" width=\"300\" height=\"225\" srcset=\"https:\/\/www.sceltedigusto.it\/public\/wp-content\/uploads\/2015\/05\/expo-cartoni2-300x225.jpg 300w, https:\/\/www.sceltedigusto.it\/public\/wp-content\/uploads\/2015\/05\/expo-cartoni2-150x113.jpg 150w, https:\/\/www.sceltedigusto.it\/public\/wp-content\/uploads\/2015\/05\/expo-cartoni2-560x420.jpg 560w, https:\/\/www.sceltedigusto.it\/public\/wp-content\/uploads\/2015\/05\/expo-cartoni2-80x60.jpg 80w, https:\/\/www.sceltedigusto.it\/public\/wp-content\/uploads\/2015\/05\/expo-cartoni2-265x198.jpg 265w, https:\/\/www.sceltedigusto.it\/public\/wp-content\/uploads\/2015\/05\/expo-cartoni2.jpg 640w\" sizes=\"(max-width: 300px) 100vw, 300px\" \/><\/a>\u201c<em>Non siamo visibili dall\u2019esterno<\/em> \u2013 aveva dichiarat<strong>o Dario Cartabellotta<\/strong> \u2013 <em>i visitatori ci cercano senza trovarci, la mancanza di segnali e del nome all\u2019esterno non permette ai visitatori di capire cosa ci sia dentro questo grosso spazio. In questa situazione noi continuano a lavorare con la volont\u00e0 di chi in questo progetto ha sempre creduto, nel pieno rispetto di coloro che hanno avuto fiducia in noi e in questa grande opportunit<\/em>\u00e0\u201d.<\/p>\n<p><a href=\"http:\/\/www.sceltedigusto.it\/public\/wp-content\/uploads\/2013\/12\/expo2.jpg\"><img loading=\"lazy\" class=\"size-medium wp-image-5833 alignright\" src=\"http:\/\/www.sceltedigusto.it\/public\/wp-content\/uploads\/2013\/12\/expo2-300x199.jpg\" alt=\"expo2\" width=\"300\" height=\"199\" srcset=\"https:\/\/www.sceltedigusto.it\/public\/wp-content\/uploads\/2013\/12\/expo2-300x199.jpg 300w, https:\/\/www.sceltedigusto.it\/public\/wp-content\/uploads\/2013\/12\/expo2-100x65.jpg 100w, https:\/\/www.sceltedigusto.it\/public\/wp-content\/uploads\/2013\/12\/expo2.jpg 632w\" sizes=\"(max-width: 300px) 100vw, 300px\" \/><\/a>Ad aggravare la situazione si era anche aggiunta la copertura che ha permesso alla pioggia di bagnare i luoghi di degustazione, il palco con le attrezzature elettroniche e gli spazi espositivi. Una copertura suggestiva e gradevole per creare l\u2019atmosfera della piazza del mercato ipotizzata nel progetto originale, ma poco funzionale alle numerose attivit\u00e0 previste dalla Regione Siciliana e dai Paesi del Cluster.<\/p>\n<p><a href=\"http:\/\/www.sceltedigusto.it\/public\/wp-content\/uploads\/2014\/04\/crocetta.jpg\"><img loading=\"lazy\" class=\"size-full wp-image-6830 alignleft\" src=\"http:\/\/www.sceltedigusto.it\/public\/wp-content\/uploads\/2014\/04\/crocetta.jpg\" alt=\"crocetta\" width=\"275\" height=\"183\" \/><\/a>\u201c<em>E\u2019, tuttavia, in fase di discussione la possibilit\u00e0 di risolvere questi problemi organizzativi anche per la forte valenza politica, economica e sociale che la Regione Siciliana ha sempre intravisto nel Cluster Biomediterraneo<\/em>\u201d &#8211;\u00a0 aveva affermato <strong>Nino Caleca,<\/strong> l\u2019Assessore Regionale all\u2019Agricoltura della regione Siciliana &#8211; <a href=\"http:\/\/www.sceltedigusto.it\/public\/wp-content\/uploads\/2013\/10\/dario-cartabellotta.jpg\"><img loading=\"lazy\" class=\"size-medium wp-image-4059 alignright\" src=\"http:\/\/www.sceltedigusto.it\/public\/wp-content\/uploads\/2013\/10\/dario-cartabellotta-300x280.jpg\" alt=\"dario-cartabellotta\" width=\"300\" height=\"280\" srcset=\"https:\/\/www.sceltedigusto.it\/public\/wp-content\/uploads\/2013\/10\/dario-cartabellotta-300x280.jpg 300w, https:\/\/www.sceltedigusto.it\/public\/wp-content\/uploads\/2013\/10\/dario-cartabellotta-1024x956.jpg 1024w, https:\/\/www.sceltedigusto.it\/public\/wp-content\/uploads\/2013\/10\/dario-cartabellotta.jpg 1200w\" sizes=\"(max-width: 300px) 100vw, 300px\" \/><\/a>\u201c<em>Questo luogo di incontro, di integrazione e di valorizzazione enogastronomica che la Sicilia si \u00e8 impegnata a svolgere a nome dell\u2019intero Paese<\/em>, &#8211; ha proseguito Nino Caleca \u2013 <em>continua ad essere una grande occasione per facilitare, da una parte, l\u2019incontro tra le piccole e medie imprese siciliane e i mercati internazionali e, dall\u2019altro, le preziose collaborazioni tra i Paesi del Mediterraneo coinvolti nel Cluster<\/em>.&#8221; Ed il governatore <strong>Rosario Crocetta<\/strong> ha recepito le segnalazioni di Cartabellotta e Caleca, correndo ai ripari ed istituendo un comitato di supporto e controllo per la gestione ottimale del cluster. Il Responsabile Unico del Cluster BioMediterraneo, Dario Cartabellotta, ha cos\u00ec commentato in merito al provvedimento deciso dal Presidente della Regione Siciliana,Rosario Crocetta :\u00a0 &#8221; <em>Il comitato di controllo, in aggiunta a quello che Expo e l&#8217;autorit\u00e0 di Cantone esercitano sul Cluster BioMediterraneoe sull&#8217;operato del sottoscritto, lo avevo gi\u00e0 chiesto all&#8217;assessore regionale all&#8217;agricoltura Nino Caleca. Se il comitato avr\u00e0 pure le funzioni di supporto sar\u00e0 proficuo per il Cluster, la cui apertura, il primo maggio, e&#8217; statafatta per volere del Presidente del Consiglio Matteo Renzi e del Commissario Expo<strong> Giuseppe Sala<\/strong><\/em>&#8220;.<\/p>\n<p>&nbsp;<\/p>\n<p>&nbsp;<\/p>\n","protected":false},"excerpt":{"rendered":"<p>Non \u00e8 tutto oro quello che luccica ad Expo Milano 2015: e cos\u00ec la Regione Siciliana decide di vederci chiaro. La vicenda nasce dall&#8217;insoddisfazione manifestata gi\u00e0 lo stesso giorno dell&#8217;inaugurazione della kermesse pi\u00f9 imponete e anche pi\u00f9 discussa del panorama enogastronomico mondiale proprio da Dario Cartabellotta, responabile del Cluster Biomediterraneo,\u00a0 e da Nino Caleca, assessore [&hellip;]<\/p>\n","protected":false},"author":18,"featured_media":9462,"comment_status":"open","ping_status":"open","sticky":false,"template":"","format":"standard","meta":[],"categories":[4],"tags":[6483,1257,2560,6491,6490,6429,6431,1040,5617],"jetpack_featured_media_url":"https:\/\/www.sceltedigusto.it\/public\/wp-content\/uploads\/2015\/05\/expo-cartoni2.jpg","_links":{"self":[{"href":"https:\/\/www.sceltedigusto.it\/public\/wp-json\/wp\/v2\/posts\/9459"}],"collection":[{"href":"https:\/\/www.sceltedigusto.it\/public\/wp-json\/wp\/v2\/posts"}],"about":[{"href":"https:\/\/www.sceltedigusto.it\/public\/wp-json\/wp\/v2\/types\/post"}],"author":[{"embeddable":true,"href":"https:\/\/www.sceltedigusto.it\/public\/wp-json\/wp\/v2\/users\/18"}],"replies":[{"embeddable":true,"href":"https:\/\/www.sceltedigusto.it\/public\/wp-json\/wp\/v2\/comments?post=9459"}],"version-history":[{"count":1,"href":"https:\/\/www.sceltedigusto.it\/public\/wp-json\/wp\/v2\/posts\/9459\/revisions"}],"predecessor-version":[{"id":9463,"href":"https:\/\/www.sceltedigusto.it\/public\/wp-json\/wp\/v2\/posts\/9459\/revisions\/9463"}],"wp:featuredmedia":[{"embeddable":true,"href":"https:\/\/www.sceltedigusto.it\/public\/wp-json\/wp\/v2\/media\/9462"}],"wp:attachment":[{"href":"https:\/\/www.sceltedigusto.it\/public\/wp-json\/wp\/v2\/media?parent=9459"}],"wp:term":[{"taxonomy":"category","embeddable":true,"href":"https:\/\/www.sceltedigusto.it\/public\/wp-json\/wp\/v2\/categories?post=9459"},{"taxonomy":"post_tag","embeddable":true,"href":"https:\/\/www.sceltedigusto.it\/public\/wp-json\/wp\/v2\/tags?post=9459"}],"curies":[{"name":"wp","href":"https:\/\/api.w.org\/{rel}","templated":true}]}}