{"id":9210,"date":"2015-03-16T21:18:44","date_gmt":"2015-03-16T20:18:44","guid":{"rendered":"http:\/\/www.sceltedigusto.it\/public\/?p=9210"},"modified":"2015-03-16T21:18:44","modified_gmt":"2015-03-16T20:18:44","slug":"anche-la-sicilia-presente-al-taste-di-firenze-diverse-aziende-rappresentano-con-le-loro-eccellenze-la-nostra-isola","status":"publish","type":"post","link":"https:\/\/www.sceltedigusto.it\/public\/anche-la-sicilia-presente-al-taste-di-firenze-diverse-aziende-rappresentano-con-le-loro-eccellenze-la-nostra-isola\/","title":{"rendered":"Anche la Sicilia presente al Taste di Firenze, diverse aziende rappresentano con le loro eccellenze la nostra Isola."},"content":{"rendered":"<p><a href=\"http:\/\/www.sceltedigusto.it\/public\/wp-content\/uploads\/2015\/03\/taste1.jpg\"><img loading=\"lazy\" class=\"size-medium wp-image-9211 alignleft\" src=\"http:\/\/www.sceltedigusto.it\/public\/wp-content\/uploads\/2015\/03\/taste1-300x199.jpg\" alt=\"taste1\" width=\"300\" height=\"199\" srcset=\"https:\/\/www.sceltedigusto.it\/public\/wp-content\/uploads\/2015\/03\/taste1-300x199.jpg 300w, https:\/\/www.sceltedigusto.it\/public\/wp-content\/uploads\/2015\/03\/taste1-100x65.jpg 100w, https:\/\/www.sceltedigusto.it\/public\/wp-content\/uploads\/2015\/03\/taste1.jpg 500w\" sizes=\"(max-width: 300px) 100vw, 300px\" \/><\/a> Un vero e proprio viaggio, lungo tutto lo stivale e dintorni, per scoprire, attraverso i cinque sensi, tra tradizione e innovazione, le diverse interpretazioni del gusto.<br \/>\nQuesto \u00e8 quello che \u00e8 stato il <strong>Taste di Firenze<\/strong>, il salotto italiano del mangiare e del bere di qualit\u00e0, realizzato quest\u2019anno con la collaborazione di <strong>Pitti Immagine<\/strong> e il Gastronauta <strong>Davide Paolini,<\/strong> giunto alla sua decima edizione.<\/p>\n<p>320 aziende, provenienti da tutta l\u2019Italia, scelte tra le migliori a rappresentare il meglio delle produzioni di tutte le regioni, presenti negli spazi della Stazione Leopolda e nell\u2019area Alcatraz, con l\u2019obiettivo di far conoscere i loro prodotti al pubblico, ai numerosi operatori del settore, a rivenditori, commercianti, blogger e giornalisti.<\/p>\n<p><a href=\"http:\/\/www.sceltedigusto.it\/public\/wp-content\/uploads\/2015\/03\/taste2.jpg\"><img loading=\"lazy\" class=\"size-medium wp-image-9212 alignright\" src=\"http:\/\/www.sceltedigusto.it\/public\/wp-content\/uploads\/2015\/03\/taste2-300x225.jpg\" alt=\"taste2\" width=\"300\" height=\"225\" srcset=\"https:\/\/www.sceltedigusto.it\/public\/wp-content\/uploads\/2015\/03\/taste2-300x225.jpg 300w, https:\/\/www.sceltedigusto.it\/public\/wp-content\/uploads\/2015\/03\/taste2.jpg 460w\" sizes=\"(max-width: 300px) 100vw, 300px\" \/><\/a>Dalla Valle D\u2019Aosta alla Sardegna, passando per il Trentino, il Veneto, la Toscana, la Calabria, insomma da tutte le regioni d\u2019Italia, svariati prodotti erano l\u00ec per essere degustati e provati dai visitatori: pane, pasta, riso, cereali, marmellate, conserve, sughi, caff\u00e8, liquori, distillati, t\u00e8, tisane, infusi, frutta, olio, formaggi, yogurt, miele, caviale, birra artigianale, vino, dolci, cioccolata, carne, salumi, funghi, tartufi e tanti altri ancora.<\/p>\n<p><a href=\"http:\/\/www.sceltedigusto.it\/public\/wp-content\/uploads\/2015\/03\/cappero.jpg\"><img loading=\"lazy\" class=\"size-full wp-image-9213 alignleft\" src=\"http:\/\/www.sceltedigusto.it\/public\/wp-content\/uploads\/2015\/03\/cappero.jpg\" alt=\"cappero\" width=\"260\" height=\"180\" \/><\/a>Naturalmente tra le eccellenze non potevano mancare quelle siciliane. Poche aziende hanno rappresentato la Sicilia, ma tutte quante si sono distinte per i loro prodotti e per la passione dei produttori che si impegnano a lavorarli e a diffonderle.<\/p>\n<p><a href=\"http:\/\/www.sceltedigusto.it\/public\/wp-content\/uploads\/2015\/03\/pesca.jpg\"><img loading=\"lazy\" class=\"size-medium wp-image-9214 alignright\" src=\"http:\/\/www.sceltedigusto.it\/public\/wp-content\/uploads\/2015\/03\/pesca-300x180.jpg\" alt=\"pesca\" width=\"300\" height=\"180\" \/><\/a>Presenti la pesca tardiva nel sacchetto tipica di Leonforte, trasformata in sciroppate, confetture extra e nettari; il pistacchio di Bronte, utilizzato come base per piccoli capolavori di pasticceria, lavorati a mano e senza additivi; il cioccolato di Modica, realizzato solo con una selezione di fave di cacao bio, presidio Slow Food, provenienti da produttori del commercio equo e solidale; i capperi panteschi, trasformati in pat\u00e9; il caciocavallo ragusano, stagionato in grotta; le confetture di frutta realizzate seguendo le vecchie ricette della nonna; le specialit\u00e0 realizzate utilizzando esclusivamente materie prime provenienti da Presidi Slow Food siciliani; l\u2019olio extravergine di oliva, l\u2019uva zibibbo; il caff\u00e8, i dolci, le marmellate, i mieli, le paste e i cereali selezionati e riuniti in un unico brand per valorizzarli.<\/p>\n<p>Prodotti di altissima qualit\u00e0 caratterizzati da un forte legame con il territorio. Un vero e proprio omaggio alla Sicilia, ai suoi profumi, ai suoi aromi e alla sua autenticit\u00e0.<\/p>\n<p><strong>Cristina Barbera<\/strong><\/p>\n","protected":false},"excerpt":{"rendered":"<p>Un vero e proprio viaggio, lungo tutto lo stivale e dintorni, per scoprire, attraverso i cinque sensi, tra tradizione e innovazione, le diverse interpretazioni del gusto. Questo \u00e8 quello che \u00e8 stato il Taste di Firenze, il salotto italiano del mangiare e del bere di qualit\u00e0, realizzato quest\u2019anno con la collaborazione di Pitti Immagine e [&hellip;]<\/p>\n","protected":false},"author":18,"featured_media":9214,"comment_status":"open","ping_status":"open","sticky":false,"template":"","format":"standard","meta":[],"categories":[5435],"tags":[6384,6386,6387,6383,4501,6388,4503,6385],"jetpack_featured_media_url":"https:\/\/www.sceltedigusto.it\/public\/wp-content\/uploads\/2015\/03\/pesca.jpg","_links":{"self":[{"href":"https:\/\/www.sceltedigusto.it\/public\/wp-json\/wp\/v2\/posts\/9210"}],"collection":[{"href":"https:\/\/www.sceltedigusto.it\/public\/wp-json\/wp\/v2\/posts"}],"about":[{"href":"https:\/\/www.sceltedigusto.it\/public\/wp-json\/wp\/v2\/types\/post"}],"author":[{"embeddable":true,"href":"https:\/\/www.sceltedigusto.it\/public\/wp-json\/wp\/v2\/users\/18"}],"replies":[{"embeddable":true,"href":"https:\/\/www.sceltedigusto.it\/public\/wp-json\/wp\/v2\/comments?post=9210"}],"version-history":[{"count":1,"href":"https:\/\/www.sceltedigusto.it\/public\/wp-json\/wp\/v2\/posts\/9210\/revisions"}],"predecessor-version":[{"id":9215,"href":"https:\/\/www.sceltedigusto.it\/public\/wp-json\/wp\/v2\/posts\/9210\/revisions\/9215"}],"wp:featuredmedia":[{"embeddable":true,"href":"https:\/\/www.sceltedigusto.it\/public\/wp-json\/wp\/v2\/media\/9214"}],"wp:attachment":[{"href":"https:\/\/www.sceltedigusto.it\/public\/wp-json\/wp\/v2\/media?parent=9210"}],"wp:term":[{"taxonomy":"category","embeddable":true,"href":"https:\/\/www.sceltedigusto.it\/public\/wp-json\/wp\/v2\/categories?post=9210"},{"taxonomy":"post_tag","embeddable":true,"href":"https:\/\/www.sceltedigusto.it\/public\/wp-json\/wp\/v2\/tags?post=9210"}],"curies":[{"name":"wp","href":"https:\/\/api.w.org\/{rel}","templated":true}]}}