{"id":8861,"date":"2015-01-26T12:12:58","date_gmt":"2015-01-26T11:12:58","guid":{"rendered":"http:\/\/www.sceltedigusto.it\/public\/?p=8861"},"modified":"2015-01-26T12:12:58","modified_gmt":"2015-01-26T11:12:58","slug":"alex-mangano-forse-diro-addio-alla-sicilia-e-portero-la-mia-cucina-allestero","status":"publish","type":"post","link":"https:\/\/www.sceltedigusto.it\/public\/alex-mangano-forse-diro-addio-alla-sicilia-e-portero-la-mia-cucina-allestero\/","title":{"rendered":"Alex Mangano: &#8221; forse dir\u00f2 addio alla Sicilia e porter\u00f2 la mia cucina all&#8217;estero&#8221;&#8221;."},"content":{"rendered":"<p><strong><a href=\"http:\/\/www.sceltedigusto.it\/public\/wp-content\/uploads\/2015\/01\/alex-mangano.jpg\"><img loading=\"lazy\" class=\"size-medium wp-image-8864 alignleft\" src=\"http:\/\/www.sceltedigusto.it\/public\/wp-content\/uploads\/2015\/01\/alex-mangano-300x265.jpg\" alt=\"alex mangano\" width=\"300\" height=\"265\" \/><\/a>Alex Mangano, il suo nuovo locale, tanto atteso, tanto apprezzato, non c&#8217;\u00e8 gi\u00e0 pi\u00f9. Colpa della crisi anche in questo caso?<\/strong><\/p>\n<p><em>Assolutamente no, la causa \u00e8 strutturale ed ha reso gli ambienti di cucina con aria insalubre creando delle condizioni<\/em><br \/>\n<em> igienico sanitarie non adatte alla somministrazione di cibi e bevande .<\/em><br \/>\n<em> Quindi il 24 dicembre scorso\u00a0 decisi di fermare\u00a0 l\u2019attivit\u00e0 prima che accadesse il peggio. Una scelta drammatica e coraggiosa che ho fatto e rifarei perch\u00e9 ambiente ,salute e igiene sono elementi fondamentali per la ristorazione.<\/em><\/p>\n<p><strong>Casale Rocco prendeva il posto di Sovarita ed \u00e8 stato in gestazione per mesi, fino al giorno dell&#8217;inaugurazione, lo scorso ottobre: come aveva risposto il pubblico dei suoi affezionati clienti?<\/strong><\/p>\n<p><em><a href=\"http:\/\/www.sceltedigusto.it\/public\/wp-content\/uploads\/2015\/01\/alex-mangano-piatto2.jpg\"><img loading=\"lazy\" class=\"size-medium wp-image-8870 alignright\" src=\"http:\/\/www.sceltedigusto.it\/public\/wp-content\/uploads\/2015\/01\/alex-mangano-piatto2-300x225.jpg\" alt=\"alex mangano piatto2\" width=\"300\" height=\"225\" srcset=\"https:\/\/www.sceltedigusto.it\/public\/wp-content\/uploads\/2015\/01\/alex-mangano-piatto2-300x225.jpg 300w, https:\/\/www.sceltedigusto.it\/public\/wp-content\/uploads\/2015\/01\/alex-mangano-piatto2.jpg 800w\" sizes=\"(max-width: 300px) 100vw, 300px\" \/><\/a>Molto bene ,sin da subito abbiamo avuto un caloroso pubblico che ha premiato il nostro progetto innovativo : la lievitazione naturale degli impasti ,le paste fresche ,le carni ed il pesce sempre fresco ,il tutto con cortesia e l\u2019accoglienza curata nei minimi particolari ed i prezzi alla portata di tutt<\/em>i .<\/p>\n<p><strong>Una chiusura repentina e forse anche non prevista, visto che erano gi\u00e0 stati pubblicati i men\u00f9 delle feste: perch\u00e9\u2019 la situazione \u00e8 precipitata all&#8217;improvviso?<\/strong><\/p>\n<p><em>Assolutamente si. Diciamo che \u00e8 stato un crescendo ed i problemi si sono amplificati visto che lavoravo bene ed il locale si \u00e8 trovato sotto pressione, ed ho dovuto cancellare tutte le prenotazioni che dal Natale all\u2019 Epifania erano gi\u00e0 tantissime. Mi spiace soprattutto per i miei clienti, i miei collaboratori e la mia famiglia:\u00a0 abbiamo passato un Natale tristissimo; non lo auguro veramente a nessuno.<\/em><\/p>\n<p><strong><a href=\"http:\/\/www.sceltedigusto.it\/public\/wp-content\/uploads\/2015\/01\/alex-manhano-piatto6.jpg\"><img loading=\"lazy\" class=\" wp-image-8862 alignleft\" src=\"http:\/\/www.sceltedigusto.it\/public\/wp-content\/uploads\/2015\/01\/alex-manhano-piatto6-300x283.jpg\" alt=\"alex manhano piatto6\" width=\"260\" height=\"245\" srcset=\"https:\/\/www.sceltedigusto.it\/public\/wp-content\/uploads\/2015\/01\/alex-manhano-piatto6-300x283.jpg 300w, https:\/\/www.sceltedigusto.it\/public\/wp-content\/uploads\/2015\/01\/alex-manhano-piatto6.jpg 960w\" sizes=\"(max-width: 260px) 100vw, 260px\" \/><\/a>Cosa si mangiava di buono al Casale?<\/strong><\/p>\n<p><em>I nostri clienti adoravano tutte le nostre portate.\u00a0 Le pi\u00f9 gettonate erano le Fettuccine nere Del Casale ,l\u2019antico Cudduruni siciliano ,la Pizza del Casale ,il Cannolo di Mozzarella in Carrozza , la Cassata Monacata con Crema di Loto o la Zuppa di kaki, che hanno avuto veramente un grande successo .<\/em><\/p>\n<p><strong>Alex Mangano uomo ed Alex Mangano Chef: quale dei due ha perso di pi\u00f9 in questa operazione?<\/strong><\/p>\n<p><em>Sicuramente Alex Mangano come amministratore unico della societ\u00e0, che dovr\u00e0 portare a termine le scelte della seria posizione intrapresa.<\/em><\/p>\n<p><strong><a href=\"http:\/\/www.sceltedigusto.it\/public\/wp-content\/uploads\/2015\/01\/alex-mangano-piatto4.jpg\"><img loading=\"lazy\" class=\"size-medium wp-image-8872 alignright\" src=\"http:\/\/www.sceltedigusto.it\/public\/wp-content\/uploads\/2015\/01\/alex-mangano-piatto4-300x300.jpg\" alt=\"alex mangano piatto4\" width=\"300\" height=\"300\" srcset=\"https:\/\/www.sceltedigusto.it\/public\/wp-content\/uploads\/2015\/01\/alex-mangano-piatto4-300x300.jpg 300w, https:\/\/www.sceltedigusto.it\/public\/wp-content\/uploads\/2015\/01\/alex-mangano-piatto4-150x150.jpg 150w, https:\/\/www.sceltedigusto.it\/public\/wp-content\/uploads\/2015\/01\/alex-mangano-piatto4-210x210.jpg 210w, https:\/\/www.sceltedigusto.it\/public\/wp-content\/uploads\/2015\/01\/alex-mangano-piatto4.jpg 960w\" sizes=\"(max-width: 300px) 100vw, 300px\" \/><\/a>E adesso cosa ne sar\u00e0 di Casale Rocco?<\/strong><\/p>\n<p><em>Casale rocco \u00e8 ,e resta ,un posto meraviglioso ,dove i siciliani potranno continuare a godere di meravigliosi paesaggi. Certo non ci sar\u00e0 pi\u00f9 una cucina firmata Alex Mangano, perch\u00e8 nel frattempo che si risolveranno i problemi emersi ,io sar\u00f2 sicuramente altrove a creare ed innovare sempre la mia cucina per cercare di soddisfare sempre al meglio il commensale .<\/em><\/p>\n<p><strong><a href=\"http:\/\/www.sceltedigusto.it\/public\/wp-content\/uploads\/2015\/01\/alex-mangano71.jpg\"><img loading=\"lazy\" class=\"size-medium wp-image-8866 alignleft\" src=\"http:\/\/www.sceltedigusto.it\/public\/wp-content\/uploads\/2015\/01\/alex-mangano71-225x300.jpg\" alt=\"alex mangano7\" width=\"225\" height=\"300\" srcset=\"https:\/\/www.sceltedigusto.it\/public\/wp-content\/uploads\/2015\/01\/alex-mangano71-225x300.jpg 225w, https:\/\/www.sceltedigusto.it\/public\/wp-content\/uploads\/2015\/01\/alex-mangano71.jpg 600w\" sizes=\"(max-width: 225px) 100vw, 225px\" \/><\/a>Non per farle i conti in tasca ma, avendo seguito le fasi della ristrutturazione e della nascita del Casale, la domanda \u00e8 pi\u00f9 che naturale: come far\u00e0 a recuperare le ingenti somme investite nella struttura?<\/strong><\/p>\n<p><em>Sicuramente mi rimboccher\u00f2 le maniche come ho sempre fatto in vita mia , e contestualmente mi affider\u00f2 alla giustizia ed al serio lavoro degli avvocati e degli ingegneri. Credo molto nella giustizia e sono sicuro di avere fatto la cosa giusta.<\/em><\/p>\n<p><strong>Cosa c&#8217;\u00e8 nell&#8217;immediato futuro e nei progetti di Alex Mangano?<\/strong><\/p>\n<p><em>Il rientro immediato in cucina , nel mio habitat naturale dove potr\u00f2 nuovamente tornare a creare e divertirmi , e fortunatamente ho diverse proposte da valutare anche se le pi\u00f9 interessanti sono all\u2019estero.Non so ancora se andr\u00f2 in Russia con l\u2019amico e Maestro Nino Graziano o in America verso nuovi orizzonti .<\/em><\/p>\n<p><strong><a href=\"http:\/\/www.sceltedigusto.it\/public\/wp-content\/uploads\/2015\/01\/alex-mangano2.jpg\"><img loading=\"lazy\" class=\" wp-image-8865 alignright\" src=\"http:\/\/www.sceltedigusto.it\/public\/wp-content\/uploads\/2015\/01\/alex-mangano2-300x200.jpg\" alt=\"alex mangano2\" width=\"278\" height=\"185\" srcset=\"https:\/\/www.sceltedigusto.it\/public\/wp-content\/uploads\/2015\/01\/alex-mangano2-300x200.jpg 300w, https:\/\/www.sceltedigusto.it\/public\/wp-content\/uploads\/2015\/01\/alex-mangano2.jpg 960w\" sizes=\"(max-width: 278px) 100vw, 278px\" \/><\/a>&#8220;Chi si ferma \u00e8 perduto&#8221;: quanto la rappresenta oggi questo aforisma?<\/strong><\/p>\n<p><em>Tantissimo. Ripartire dopo una caduta del genere sar\u00e0 dura ,ma sono sicuro di riuscirci perch\u00e9 quando accanto ti ritrovi sempre e comunque persone che credono in te e soprattutto la famiglia ,hai tutta la forza ed il coraggio che ti servono per ripartire pi\u00f9 forti di prima e per puntare sempre ad obiettivi grandi e a traguardi importanti.<\/em><br \/>\n<em> Sicuramente sentirete ancora parlare molto del vostro &#8220;Cheffone&#8221; .<\/em><\/p>\n<p><strong>Alessandra Verzera<\/strong><\/p>\n","protected":false},"excerpt":{"rendered":"<p>Alex Mangano, il suo nuovo locale, tanto atteso, tanto apprezzato, non c&#8217;\u00e8 gi\u00e0 pi\u00f9. Colpa della crisi anche in questo caso? Assolutamente no, la causa \u00e8 strutturale ed ha reso gli ambienti di cucina con aria insalubre creando delle condizioni igienico sanitarie non adatte alla somministrazione di cibi e bevande . Quindi il 24 dicembre [&hellip;]<\/p>\n","protected":false},"author":18,"featured_media":8864,"comment_status":"open","ping_status":"open","sticky":false,"template":"","format":"standard","meta":[],"categories":[8,5435,1],"tags":[6237,6238,6239],"jetpack_featured_media_url":"https:\/\/www.sceltedigusto.it\/public\/wp-content\/uploads\/2015\/01\/alex-mangano.jpg","_links":{"self":[{"href":"https:\/\/www.sceltedigusto.it\/public\/wp-json\/wp\/v2\/posts\/8861"}],"collection":[{"href":"https:\/\/www.sceltedigusto.it\/public\/wp-json\/wp\/v2\/posts"}],"about":[{"href":"https:\/\/www.sceltedigusto.it\/public\/wp-json\/wp\/v2\/types\/post"}],"author":[{"embeddable":true,"href":"https:\/\/www.sceltedigusto.it\/public\/wp-json\/wp\/v2\/users\/18"}],"replies":[{"embeddable":true,"href":"https:\/\/www.sceltedigusto.it\/public\/wp-json\/wp\/v2\/comments?post=8861"}],"version-history":[{"count":1,"href":"https:\/\/www.sceltedigusto.it\/public\/wp-json\/wp\/v2\/posts\/8861\/revisions"}],"predecessor-version":[{"id":8875,"href":"https:\/\/www.sceltedigusto.it\/public\/wp-json\/wp\/v2\/posts\/8861\/revisions\/8875"}],"wp:featuredmedia":[{"embeddable":true,"href":"https:\/\/www.sceltedigusto.it\/public\/wp-json\/wp\/v2\/media\/8864"}],"wp:attachment":[{"href":"https:\/\/www.sceltedigusto.it\/public\/wp-json\/wp\/v2\/media?parent=8861"}],"wp:term":[{"taxonomy":"category","embeddable":true,"href":"https:\/\/www.sceltedigusto.it\/public\/wp-json\/wp\/v2\/categories?post=8861"},{"taxonomy":"post_tag","embeddable":true,"href":"https:\/\/www.sceltedigusto.it\/public\/wp-json\/wp\/v2\/tags?post=8861"}],"curies":[{"name":"wp","href":"https:\/\/api.w.org\/{rel}","templated":true}]}}