{"id":8696,"date":"2014-12-15T10:13:36","date_gmt":"2014-12-15T09:13:36","guid":{"rendered":"http:\/\/www.sceltedigusto.it\/public\/?p=8696"},"modified":"2014-12-15T13:54:54","modified_gmt":"2014-12-15T12:54:54","slug":"il-g-a-l-metropoli-est-svela-gli-o-r-i-del-mediterraneo-tutte-le-carte-vincenti","status":"publish","type":"post","link":"https:\/\/www.sceltedigusto.it\/public\/il-g-a-l-metropoli-est-svela-gli-o-r-i-del-mediterraneo-tutte-le-carte-vincenti\/","title":{"rendered":"Il G.A.L. Metropoli Est svela  gli O.R.I. del Mediterraneo: tutte le carte vincenti."},"content":{"rendered":"<p><a href=\"http:\/\/www.sceltedigusto.it\/public\/wp-content\/uploads\/2014\/12\/gal.jpg\"><img loading=\"lazy\" class=\"wp-image-8702 alignright\" src=\"http:\/\/www.sceltedigusto.it\/public\/wp-content\/uploads\/2014\/12\/gal-300x125.jpg\" alt=\"gal\" width=\"358\" height=\"149\" srcset=\"https:\/\/www.sceltedigusto.it\/public\/wp-content\/uploads\/2014\/12\/gal-300x125.jpg 300w, https:\/\/www.sceltedigusto.it\/public\/wp-content\/uploads\/2014\/12\/gal.jpg 789w\" sizes=\"(max-width: 358px) 100vw, 358px\" \/><\/a>Previsti nell\u2019ambito della politica comunitaria di sviluppo delle aree rurali, al fine di attuare i piani secondo l\u2019approccio leader, i G.A.L. sono oggi sempre di pi\u00f9 accreditati e in grado di contribuire alla crescita del territorio. Prova ne \u00e8 la forza che esprimono in ogni area della regione attraverso interventi volti a dare risalto e merito a piccole e grandi realt\u00e0 gi\u00e0 operanti da tempo, ma anche a quelle che, attraverso una reale azione sinergica, vengono messe nelle condizioni di spiccare il volo. A dimostrazione di ci\u00f2 giunge il progetto \u201c<strong>O.R.I. \u2013 Del Mediterraneo<\/strong>\u201d, che ha tenuto banco nella splendida cornice di <strong>Villa Rosa<\/strong>, a Bagheria, dove si sono riuniti e confrontati i 14 comuni siciliani (Bagheria, Baucina, Bolognetta, Campofelice di Fitalia, Casteldaccia, Ciminna, Lercara Friddi, Mezzojuso, Misilmeri, Santa Flavia, Trabia, Ventimiglia di Sicilia, Vicari e Villafrati) partner del \u201c<strong>G.A.L. Metropoli Est<\/strong>\u201d, il cui raggio di intervento copre una superficie territoriale di 536,08 chilometri quadrati insieme a ISC MADONIE, NATIBLEI e SICANI.<br \/>\nUn momento d\u2019incontro e confronto, che s\u2019inquadra nelle azioni pubbliche previste con il partenariato istituzionale ed economico-sociale del territorio.<br \/>\n<a href=\"http:\/\/www.sceltedigusto.it\/public\/wp-content\/uploads\/2014\/12\/Salvatore-Tosi.jpg\"><img loading=\"lazy\" class=\"wp-image-8697 alignleft\" src=\"http:\/\/www.sceltedigusto.it\/public\/wp-content\/uploads\/2014\/12\/Salvatore-Tosi-300x168.jpg\" alt=\"Salvatore-Tosi\" width=\"323\" height=\"181\" srcset=\"https:\/\/www.sceltedigusto.it\/public\/wp-content\/uploads\/2014\/12\/Salvatore-Tosi-300x168.jpg 300w, https:\/\/www.sceltedigusto.it\/public\/wp-content\/uploads\/2014\/12\/Salvatore-Tosi.jpg 1024w\" sizes=\"(max-width: 323px) 100vw, 323px\" \/><\/a>\u00ab<em>Intanto dobbiamo dire che i Gruppi di azione locale esistono e operano da circa 20 anni<\/em> \u2013 spiega <strong>Salvatore Tosi<\/strong>, responsabile di Piano G.A.L. Metropoli Est \u2013<em> e, in quanto coalizioni miste tra pubblico e privato, sodalizio tra entrambi gli aspetti, mettono insieme enti pubblici, aziende, associazioni del terzo settore, sposando gli stessi ideali per proporre alla Regione Siciliana un piano di sviluppo che veda scendere in campo anche gli altri 16 G.A.L. sparsi nel resto dell\u2019Isola. Abbiamo ottenuto un contributo di poco superiore a 7 milioni di euro, che abbiamo speso per lo sviluppo di temi come quello legato al turismo e all\u2019aspetto rurale. In tutto 54, le iniziative messe in atto. Entro il 30 giugno del 2015 il progetto complessivo dovr\u00e0 essere portato a termine, realizzando interventi che guardano alla valorizzazione della dieta mediterranea, al riuso degli scarti in agricoltura, infine alla creazione di un\u2019offerta relazionale integrata dei territori afferenti ai G.A.L., da presentare a conclusione del percorso durante l\u2019Expo 2015. Quindi, a brevissimo. Siamo keynesiani, nel senso che guardiamo a ottiche di brevissimo periodo<\/em>\u00bb.<br \/>\nIl bando a cui si riferisce Tosi \u00e8 del 2009 e ha dato modo ai G.A.L., in quanto consorzio che nasce sulla scorta di un impulso dato proprio dalla Regione Siciliana, di vedere agire questo raggruppamento misto pubblico &#8211; privato, selezionando i piani pi\u00f9 interessanti. Attivando, quindi, politiche di sviluppo locale, finalizzate alla crescita economica del territorio.<br \/>\n<a href=\"http:\/\/www.sceltedigusto.it\/public\/wp-content\/uploads\/2014\/12\/Bagheria.gif\"><img loading=\"lazy\" class=\"size-medium wp-image-8698 alignright\" src=\"http:\/\/www.sceltedigusto.it\/public\/wp-content\/uploads\/2014\/12\/Bagheria-300x225.gif\" alt=\"Bagheria\" width=\"300\" height=\"225\" \/><\/a>\u00ab<em>Il comprensorio di Bagheria<\/em> \u2013 aggiunge Tosi &#8211; <em>riceve per la prima volta questo tipo di finanziamento. Nel passato aveva ottenuto altri contributi, ma mai attraverso uno strumento leader come questo. Speriamo che questa esperienza venga premiata. Ora \u00e8 partito il nuovo periodo di programmazione 2014\/2020 ed \u00e8 verosimile che le coalizioni cos\u00ec formate possano replicare la loro attivit\u00e0. Dovrebbero essere nuovamente selezionate attraverso procedure pubbliche, ma \u00e8 anche possibile che vengano allargate dall\u2019ingresso di nuove realt\u00e0 e soggetti, il cui unico interesse \u00e8 contribuire alla crescita del territorio. Il coinvolgimento e la formazione del partenariato serve per creare un piano di sviluppo condiviso che parta dal basso e che, attraverso un confronto continuo, sia accettato dalle sfere burocratiche pi\u00f9 alte. Una logica capovolta, che pu\u00f2 innescare nuovi e interessanti modelli partecipati<\/em>\u00bb.<br \/>\nTra i comuni che condividono questo percorso partner c\u2019\u00e8 quello di Baucina, il cui sindaco \u00e8 anche presidente del G.A.L. Metropoli Est.<br \/>\n<a href=\"http:\/\/www.sceltedigusto.it\/public\/wp-content\/uploads\/2014\/12\/coniglio.jpg\"><img loading=\"lazy\" class=\"wp-image-8700 alignleft\" src=\"http:\/\/www.sceltedigusto.it\/public\/wp-content\/uploads\/2014\/12\/coniglio-300x260.jpg\" alt=\"coniglio\" width=\"273\" height=\"237\" srcset=\"https:\/\/www.sceltedigusto.it\/public\/wp-content\/uploads\/2014\/12\/coniglio-300x260.jpg 300w, https:\/\/www.sceltedigusto.it\/public\/wp-content\/uploads\/2014\/12\/coniglio.jpg 882w\" sizes=\"(max-width: 273px) 100vw, 273px\" \/><\/a>\u00ab<em>Io mi occupo della parte pi\u00f9 politica<\/em> \u2013 tiene a specificare <strong>Ciro Coniglio<\/strong> \u2013 <em>tentando di compattare quei territori stracciati dalle incomprensioni e divisioni. Purtroppo non c\u2019\u00e8 una mentalit\u00e0 di cooperazione territoriale, quindi diventa spesso difficile crescere e farlo tutti insieme. Ormai siamo arrivati alla parte conclusiva della gestione dei progetti che coinvolgono le amministrazioni comunali, insieme a una trentina di privati, aziende che hanno voluto esserci, per esempio per far conoscere itinerari turistici rurali noti solo a pochi. Le nostre eccellenze, poi, fanno gola a tutto il mondo. Ne abbiamo avuto una recentissima dimostrazione in occasione di due uscite pubbliche per promuovere il nostro agroalimentare: una a ottobre a Talin, in Armenia; l&#8217;altra, a novembre, a Monaco. A giugno saremo all\u2019Expo, dove cercheremo di fare capire quali bellezze possiede la Sicilia, terra molto complessa e difficile, nella quale la gelosia riesce purtroppo a distruggere tutto. Il lavoro che stiamo continuando a fare vuole invertire una tendenza, che ha negli anni creato molti problemi. Abbiamo realizzato un buon lavoro. Aspettiamo la prossima programmazione, ma siamo gi\u00e0 pront<\/em>i\u00bb.<br \/>\nChe nei G.A.L. ci siano soggetti di ogni genere, ovviamente tutti volti alla promozione del turismo, dell\u2019agricoltura, del territorio, lo dimostra anche la presenza di una realt\u00e0 editoriale come la rivista &#8220;<strong>Sicilia, L\u2019Isola del Tesoro<\/strong>&#8220;, tesa a realizzare un rapporto di comunicazione tra territorio e mercato.<br \/>\n<a href=\"http:\/\/www.sceltedigusto.it\/public\/wp-content\/uploads\/2014\/12\/porretto.jpg\"><img loading=\"lazy\" class=\"size-full wp-image-8701 alignright\" src=\"http:\/\/www.sceltedigusto.it\/public\/wp-content\/uploads\/2014\/12\/porretto.jpg\" alt=\"porretto\" width=\"254\" height=\"236\" \/><\/a>\u00ab<em>Tento di fare passare un concetto<\/em> &#8211; sottolinea <strong>Agostino Porretto<\/strong>, presidente dell&#8217;Osservatorio politica turistica mediterranea che edita il periodico &#8211; <em>e cio\u00e8 che, dopo avere costruito il giocattolo, dobbiamo creare il marchio e darlo a chi deve usare il nostro prodotto. Noi vendiamo il territorio. La nostra rivista esiste dal 2004 ed \u00e8 una pubblicazione quadrimestrale di alta levatura culturale. Gli elementi che mi piace promuovere sono i beni culturali e le strategie turistiche, puntando all\u2019aspetto antropologico di un territorio che \u00e8 la vera ricchezza. In particolare, per quanto riguarda il G.A.L., mi piace parlare di quel patrimonio immateriale che abbiamo nel nostro territorio e che costituisce i punti di forza di un turismo, diverso da quello tradizionale, che mira ad accogliere chiunque e in misura sempre maggiore. Noi stiamo puntando al territorio interno, trovando nuove strade e strategie per far scoprire al visitatore quello che cerca. Il turista, oltre a vedere l\u2019opera d\u2019arte, il paesaggio, un bene culturale rinomato, pu\u00f2 e deve cercare di conoscere l\u2019uomo, colui che vive sul territorio. La Sicilia interna pu\u00f2 dare tantissimo da questo punto di vista. Una delle cose che sto tentando di divulgare tra gli operatori turistici \u00e8 il coinvolgimento, nella nostra quotidianit\u00e0, di chi decide di trascorrere del tempo in Sicilia, dandogli modo di cucinare con noi, di fare passeggiate insieme, aiutandoci magari a coltivare determinati esemplari arborei. Ognuno andr\u00e0 via, portando con s\u00e9 non solo il luogo visitato ma anche il modo di vivere in questa realt\u00e0. <a href=\"http:\/\/www.sceltedigusto.it\/public\/wp-content\/uploads\/2014\/12\/Gal-Metropoli-Est-300x3001.jpg\"><img loading=\"lazy\" class=\"size-medium wp-image-8706 alignleft\" src=\"http:\/\/www.sceltedigusto.it\/public\/wp-content\/uploads\/2014\/12\/Gal-Metropoli-Est-300x3001-300x183.jpg\" alt=\"Gal-Metropoli-Est-300x300\" width=\"300\" height=\"183\" srcset=\"https:\/\/www.sceltedigusto.it\/public\/wp-content\/uploads\/2014\/12\/Gal-Metropoli-Est-300x3001-300x183.jpg 300w, https:\/\/www.sceltedigusto.it\/public\/wp-content\/uploads\/2014\/12\/Gal-Metropoli-Est-300x3001-768x470.jpg 768w, https:\/\/www.sceltedigusto.it\/public\/wp-content\/uploads\/2014\/12\/Gal-Metropoli-Est-300x3001-150x92.jpg 150w, https:\/\/www.sceltedigusto.it\/public\/wp-content\/uploads\/2014\/12\/Gal-Metropoli-Est-300x3001-696x426.jpg 696w, https:\/\/www.sceltedigusto.it\/public\/wp-content\/uploads\/2014\/12\/Gal-Metropoli-Est-300x3001-687x420.jpg 687w, https:\/\/www.sceltedigusto.it\/public\/wp-content\/uploads\/2014\/12\/Gal-Metropoli-Est-300x3001.jpg 901w\" sizes=\"(max-width: 300px) 100vw, 300px\" \/><\/a>Un compito che spetta allo stesso modo al giornalista, nel cui pezzo voglio vedere emergere la vitalit\u00e0 dei luoghi che si accinge a descrivere. E ricordiamocelo sempre, la nostra Isola piace tutta, senza distinzione di citt\u00e0 o aree geografiche, quindi va promossa a 360 gradi\u00bb<\/em>.<br \/>\n<strong>Con un futuro di che genere?<\/strong><br \/>\n\u00ab<em>Io ho lavorato tanti anni nella direzione del turismo generale e voglio trasferire questa mia esperienza. Quelli odierni sono anni di transizione, difficili e complicati, ma dobbiamo utilizzarli per eliminare tutte le incrostazioni. Dal 2016 credo che ci riprenderemo. Come ogni fenomeno fisico. Ricordiamoci, per\u00f2, che la crescita di un paese dipende dai suoi cittadini, dai suoi abitanti; se non ci crediamo noi, non andiamo da nessuna parte. Abbiamo realt\u00e0 umane e materiali bellissime, uniche, un patrimonio materiale e immateriale che dobbiamo capire e tutelare. Solo cos\u00ec potremo vedere la Sicilia riprendersi ed esprimere tutta la sua forza e bellezz<\/em>a\u00bb.<\/p>\n<p><strong>Gilda Sciortino<\/strong><\/p>\n<p>&nbsp;<\/p>\n<p>Foto: Web e Francesco Panasci<\/p>\n","protected":false},"excerpt":{"rendered":"<p>Previsti nell\u2019ambito della politica comunitaria di sviluppo delle aree rurali, al fine di attuare i piani secondo l\u2019approccio leader, i G.A.L. sono oggi sempre di pi\u00f9 accreditati e in grado di contribuire alla crescita del territorio. Prova ne \u00e8 la forza che esprimono in ogni area della regione attraverso interventi volti a dare risalto e [&hellip;]<\/p>\n","protected":false},"author":18,"featured_media":8706,"comment_status":"open","ping_status":"open","sticky":false,"template":"","format":"standard","meta":[],"categories":[8,5435],"tags":[6174,6173,6175,6172],"jetpack_featured_media_url":"https:\/\/www.sceltedigusto.it\/public\/wp-content\/uploads\/2014\/12\/Gal-Metropoli-Est-300x3001.jpg","_links":{"self":[{"href":"https:\/\/www.sceltedigusto.it\/public\/wp-json\/wp\/v2\/posts\/8696"}],"collection":[{"href":"https:\/\/www.sceltedigusto.it\/public\/wp-json\/wp\/v2\/posts"}],"about":[{"href":"https:\/\/www.sceltedigusto.it\/public\/wp-json\/wp\/v2\/types\/post"}],"author":[{"embeddable":true,"href":"https:\/\/www.sceltedigusto.it\/public\/wp-json\/wp\/v2\/users\/18"}],"replies":[{"embeddable":true,"href":"https:\/\/www.sceltedigusto.it\/public\/wp-json\/wp\/v2\/comments?post=8696"}],"version-history":[{"count":3,"href":"https:\/\/www.sceltedigusto.it\/public\/wp-json\/wp\/v2\/posts\/8696\/revisions"}],"predecessor-version":[{"id":8708,"href":"https:\/\/www.sceltedigusto.it\/public\/wp-json\/wp\/v2\/posts\/8696\/revisions\/8708"}],"wp:featuredmedia":[{"embeddable":true,"href":"https:\/\/www.sceltedigusto.it\/public\/wp-json\/wp\/v2\/media\/8706"}],"wp:attachment":[{"href":"https:\/\/www.sceltedigusto.it\/public\/wp-json\/wp\/v2\/media?parent=8696"}],"wp:term":[{"taxonomy":"category","embeddable":true,"href":"https:\/\/www.sceltedigusto.it\/public\/wp-json\/wp\/v2\/categories?post=8696"},{"taxonomy":"post_tag","embeddable":true,"href":"https:\/\/www.sceltedigusto.it\/public\/wp-json\/wp\/v2\/tags?post=8696"}],"curies":[{"name":"wp","href":"https:\/\/api.w.org\/{rel}","templated":true}]}}