{"id":8530,"date":"2014-11-27T12:14:29","date_gmt":"2014-11-27T11:14:29","guid":{"rendered":"http:\/\/www.sceltedigusto.it\/public\/?p=8530"},"modified":"2014-11-27T12:14:29","modified_gmt":"2014-11-27T11:14:29","slug":"nino-scarpinato-si-qualifica-al-terzo-posto-come-maitre-dellanno-2014-lintervista","status":"publish","type":"post","link":"https:\/\/www.sceltedigusto.it\/public\/nino-scarpinato-si-qualifica-al-terzo-posto-come-maitre-dellanno-2014-lintervista\/","title":{"rendered":"Nino Scarpinato, si qualifica al terzo posto come Maitre dell&#8217;anno 2014. L&#8217;intervista."},"content":{"rendered":"<p><a href=\"http:\/\/www.sceltedigusto.it\/public\/wp-content\/uploads\/2014\/11\/scarpi.jpg\"><img loading=\"lazy\" class=\" wp-image-8505 alignleft\" src=\"http:\/\/www.sceltedigusto.it\/public\/wp-content\/uploads\/2014\/11\/scarpi-300x255.jpg\" alt=\"scarpi\" width=\"241\" height=\"205\" \/><\/a>Una professione che reca in s\u00e8 un concetto di &#8220;elegance&#8221; forse un po&#8217; retr\u00f2, che ha sofferto e soffre i colpi della crisi, dei tagli del personale e di un certo modo di intendere le fare hotellerie.<br \/>\nNell&#8217;epoca del <em>multitasking<\/em>, la figura del <em>Maitre<\/em> ha sicuramente patito , pi\u00f9 o meno quanto quella del <em>Concierge<\/em> e del <em>Sommelier<\/em>, una sostanziale uscita di scena: e questa figura professionale \u00e8 sempre pi\u00f9 difficile incontrarla, se non nei grandi alberghi cinque stelle lusso.<br \/>\nInfatti non sono moltissimi a conoscere il ruolo effettivo del Maitre, le sue competenze, i suoi compiti.<\/p>\n<p><strong>Ma chi \u00e8 &#8220;il Maitre&#8221;?<\/strong> Lo chiediamo a Nino Scarpinato, membro Amira e reduce da un onorevolissimo terzo posto al Concorso Maitre dell&#8217;anno 2014, svoltosi in concomitanza con il 59 congresso dell&#8217;Amira, a Montegrotto Terme<\/p>\n<p>&#8220;<em>Il Maitre &#8211; maestro d&#8217;ospitalit\u00e0 e di casa &#8211; \u00e8 colui che coordina tutti i servizi di sala, nel ricevere il cliente, inoltre deve avere una preparazione professionale ed unal conoscenza di tutto quello che concerne la ristorazione: cucina, pasticceria, enologia, e ai tempi d&#8217;oggi anche l&#8217;informatica. Non ultima la conoscenza delle lingue.<\/em>&#8221;<\/p>\n<p><strong><a href=\"http:\/\/www.sceltedigusto.it\/public\/wp-content\/uploads\/2014\/11\/scarpinato7.jpg\"><img loading=\"lazy\" class=\" wp-image-8499 alignright\" src=\"http:\/\/www.sceltedigusto.it\/public\/wp-content\/uploads\/2014\/11\/scarpinato7-300x295.jpg\" alt=\"scarpinato7\" width=\"218\" height=\"214\" srcset=\"https:\/\/www.sceltedigusto.it\/public\/wp-content\/uploads\/2014\/11\/scarpinato7-300x295.jpg 300w, https:\/\/www.sceltedigusto.it\/public\/wp-content\/uploads\/2014\/11\/scarpinato7.jpg 359w\" sizes=\"(max-width: 218px) 100vw, 218px\" \/><\/a>Scarpinato, abbiamo capito cosa \u00e8 un Maitre e cosa fa: ma cosa &#8220;non fa&#8221; un Maitre?<\/strong><\/p>\n<p>&#8220;<em>A mio avviso oggi il Maitre fa tutto e di pi\u00f9 e tutto quello che il mercato ti richiede<\/em>&#8221;<\/p>\n<p><strong>La professione sembra soppiantata sempre pi\u00f9 spesso dall&#8217;improvvisazione. In un mercato gonfio di domanda ma scarso di offerta i pi\u00f9 arditi si assumono compiti per i quali non sono adeguatamente formati: come si riflette tutto questo nella qualit\u00e0 globale di un Hotel o di un grande ristorante?<\/strong><\/p>\n<p>&#8220;<em>Anche questa professione oggi si deve sempre di pi\u00f9 confrontare con gente improvvisata che si crede di saper fare tutto, o magari confrontarsi con improvvisati ristoratori o albergatori : ma alla fine, come dice un vecchio detto, tutti i nodi vengono al pettine&#8221;<\/em><\/p>\n<p><strong><a href=\"http:\/\/www.sceltedigusto.it\/public\/wp-content\/uploads\/2014\/11\/flamb\u00e8.jpg\"><img loading=\"lazy\" class=\"size-medium wp-image-8500 alignleft\" src=\"http:\/\/www.sceltedigusto.it\/public\/wp-content\/uploads\/2014\/11\/flamb\u00e8-300x207.jpg\" alt=\"flamb\u00e8\" width=\"300\" height=\"207\" srcset=\"https:\/\/www.sceltedigusto.it\/public\/wp-content\/uploads\/2014\/11\/flamb\u00e8-300x207.jpg 300w, https:\/\/www.sceltedigusto.it\/public\/wp-content\/uploads\/2014\/11\/flamb\u00e8.jpg 494w\" sizes=\"(max-width: 300px) 100vw, 300px\" \/><\/a>Perch\u00e8 \u00e8 importante che in una struttura di buon livello ci sia il Maitre?<\/strong><\/p>\n<p><em>&#8220;Fondamentalmente \u00e8 importante perch\u00e8 la figura professionale del Maitre fa sempre la differenza&#8221;<\/em><\/p>\n<p><strong>A cosa attribuisce il calo di richiesta di figure professionali come la sua?<\/strong><\/p>\n<p><em>&#8220;A titolo personale, e non mi vorrei sbagliare ma \u00e8 anche la riflessione che facciamo tutti noi professionisti, oggi i Maitres sono pi\u00f9 &#8220;di scomodo&#8221; che di comodo. Questo per il semplice fatto che oggi \u00e8 facile assumere un ragazzo, mettergli una giacca e pensare cos\u00ec di aver risolto il problema: anche perch\u00e8 un giovane inesperto e poco qualificato viene sotto pagato&#8221;.<\/em><\/p>\n<p><strong>La professione di Maitre andrebbe secondo lei rilanciata? E se si, in che modo?<\/strong><\/p>\n<p><em>&#8221; Basterebbe che i media la finissero di far vedere tutti i santi giorni Chef sullo schermo perch\u00e8 la gente si \u00e8 convinta che lo Chef faccia tutto da solo, dimenticando il ruolo del Maitre. Con tutto il rispetto per la professione degli Chef, anche perch\u00e8 il nostro motto \u00e8: non c&#8217;\u00e8 sala senza cucina, non c&#8217;\u00e8 cucina senza sala.&#8221;<\/em><\/p>\n<p><strong><a href=\"http:\/\/www.sceltedigusto.it\/public\/wp-content\/uploads\/2014\/11\/scarpinato2.jpg\"><img loading=\"lazy\" class=\"size-medium wp-image-8494 alignright\" src=\"http:\/\/www.sceltedigusto.it\/public\/wp-content\/uploads\/2014\/11\/scarpinato2-256x300.jpg\" alt=\"scarpinato2\" width=\"256\" height=\"300\" srcset=\"https:\/\/www.sceltedigusto.it\/public\/wp-content\/uploads\/2014\/11\/scarpinato2-256x300.jpg 256w, https:\/\/www.sceltedigusto.it\/public\/wp-content\/uploads\/2014\/11\/scarpinato2.jpg 492w\" sizes=\"(max-width: 256px) 100vw, 256px\" \/><\/a>Un bel terzo posto al concorso Maitre dell&#8217;Anno 2014. Quali sono state le &#8220;prove&#8221; che ha dovuto sostenere?<\/strong><\/p>\n<p><em>&#8220;Partiamo dalla semifinale di Rimini a gennaio dove eravamo in 60 Maitres da tutta Italia. Da li ne siamo usciti in 8 per contenderci il titolo di Maitre dell&#8217;anno 2014 a Montegrotto Terme. Poi sappiamo come \u00e8 andata, ma sono felicissimo anche cosi. Mi ritengo fortunato e auguro a tutti i miei colleghi di poter arrivare ai traguardi che ho raggiunto..&#8221;<\/em><\/p>\n<p>E traguardi di Nino Scarpinato non sono pochi: Maitre dell&#8217;anno 2008, 2* classificato. Flamb\u00e8 World Competition Zaragoza 2009 ( Spagna ), 3 classificato. Premio Citt\u00e0 di Ragusa di Flamb\u00e8 2010, 1 classificato. E adesso Maitre dell&#8217;anno 2014, 3 classificato.<\/p>\n<p><strong>Il traguardo che ancora sogna?<\/strong><\/p>\n<p>&#8220;<em>Adesso il mio sogno da realizzare \u00e8 quello di poter ottenere il riconoscimento di Gran Maestro della Ristorazione da parte dell&#8217; A.M.I.R.A&#8221;<\/em><\/p>\n<p><strong>Alessandra Verzera<\/strong><\/p>\n","protected":false},"excerpt":{"rendered":"<p>Una professione che reca in s\u00e8 un concetto di &#8220;elegance&#8221; forse un po&#8217; retr\u00f2, che ha sofferto e soffre i colpi della crisi, dei tagli del personale e di un certo modo di intendere le fare hotellerie. Nell&#8217;epoca del multitasking, la figura del Maitre ha sicuramente patito , pi\u00f9 o meno quanto quella del Concierge [&hellip;]<\/p>\n","protected":false},"author":18,"featured_media":8505,"comment_status":"open","ping_status":"open","sticky":false,"template":"","format":"standard","meta":[],"categories":[8,5435],"tags":[],"jetpack_featured_media_url":"https:\/\/www.sceltedigusto.it\/public\/wp-content\/uploads\/2014\/11\/scarpi.jpg","_links":{"self":[{"href":"https:\/\/www.sceltedigusto.it\/public\/wp-json\/wp\/v2\/posts\/8530"}],"collection":[{"href":"https:\/\/www.sceltedigusto.it\/public\/wp-json\/wp\/v2\/posts"}],"about":[{"href":"https:\/\/www.sceltedigusto.it\/public\/wp-json\/wp\/v2\/types\/post"}],"author":[{"embeddable":true,"href":"https:\/\/www.sceltedigusto.it\/public\/wp-json\/wp\/v2\/users\/18"}],"replies":[{"embeddable":true,"href":"https:\/\/www.sceltedigusto.it\/public\/wp-json\/wp\/v2\/comments?post=8530"}],"version-history":[{"count":1,"href":"https:\/\/www.sceltedigusto.it\/public\/wp-json\/wp\/v2\/posts\/8530\/revisions"}],"predecessor-version":[{"id":8532,"href":"https:\/\/www.sceltedigusto.it\/public\/wp-json\/wp\/v2\/posts\/8530\/revisions\/8532"}],"wp:featuredmedia":[{"embeddable":true,"href":"https:\/\/www.sceltedigusto.it\/public\/wp-json\/wp\/v2\/media\/8505"}],"wp:attachment":[{"href":"https:\/\/www.sceltedigusto.it\/public\/wp-json\/wp\/v2\/media?parent=8530"}],"wp:term":[{"taxonomy":"category","embeddable":true,"href":"https:\/\/www.sceltedigusto.it\/public\/wp-json\/wp\/v2\/categories?post=8530"},{"taxonomy":"post_tag","embeddable":true,"href":"https:\/\/www.sceltedigusto.it\/public\/wp-json\/wp\/v2\/tags?post=8530"}],"curies":[{"name":"wp","href":"https:\/\/api.w.org\/{rel}","templated":true}]}}