{"id":8507,"date":"2014-11-27T09:03:29","date_gmt":"2014-11-27T08:03:29","guid":{"rendered":"http:\/\/www.sceltedigusto.it\/public\/?p=8507"},"modified":"2014-11-27T09:03:29","modified_gmt":"2014-11-27T08:03:29","slug":"la-vite-ad-alberello-di-pantelleria-e-patrimonio-dellunesco","status":"publish","type":"post","link":"https:\/\/www.sceltedigusto.it\/public\/la-vite-ad-alberello-di-pantelleria-e-patrimonio-dellunesco\/","title":{"rendered":"La Vite ad Alberello di Pantelleria \u00e8 Patrimonio dell&#8217;Unesco"},"content":{"rendered":"<p><a href=\"http:\/\/www.sceltedigusto.it\/public\/wp-content\/uploads\/2014\/11\/image001.png\"><img loading=\"lazy\" class=\"wp-image-8508 alignleft\" src=\"http:\/\/www.sceltedigusto.it\/public\/wp-content\/uploads\/2014\/11\/image001-300x108.png\" alt=\"image001\" width=\"381\" height=\"137\" srcset=\"https:\/\/www.sceltedigusto.it\/public\/wp-content\/uploads\/2014\/11\/image001-300x108.png 300w, https:\/\/www.sceltedigusto.it\/public\/wp-content\/uploads\/2014\/11\/image001.png 607w\" sizes=\"(max-width: 381px) 100vw, 381px\" \/><\/a>L&#8217;Assemblea generale dell<strong>&#8216;UNESCO<\/strong>, ieri pomeriggio a Parigi, ha iscritto la pratica agricola della <strong>Vite ad Alberello di Pantelleria<\/strong> tra i <strong>Beni immateriali<\/strong> dell&#8217;umanit\u00e0. Per la prima volta l&#8217;Alto organismo internazionale ha attribuito questo riconoscimento ad una pratica agricola, riconoscendone il valore storico-culturale oltre che identitario. La coltivazione della vite sull&#8217;isola ha, infatti, modellato nel tempo il paesaggio, realizzando uno dei contesti agricoli pi\u00f9 suggestivi al mondo. Al centro di questo scenario la vite e il particolare sistema di allevamento, quello ad alberello. <a href=\"http:\/\/www.sceltedigusto.it\/public\/wp-content\/uploads\/2014\/11\/alberello.png\"><img loading=\"lazy\" class=\"size-medium wp-image-8510 alignright\" src=\"http:\/\/www.sceltedigusto.it\/public\/wp-content\/uploads\/2014\/11\/alberello-300x197.png\" alt=\"alberello\" width=\"300\" height=\"197\" srcset=\"https:\/\/www.sceltedigusto.it\/public\/wp-content\/uploads\/2014\/11\/alberello-300x197.png 300w, https:\/\/www.sceltedigusto.it\/public\/wp-content\/uploads\/2014\/11\/alberello-100x65.png 100w, https:\/\/www.sceltedigusto.it\/public\/wp-content\/uploads\/2014\/11\/alberello.png 498w\" sizes=\"(max-width: 300px) 100vw, 300px\" \/><\/a>La sua forma di coltivazione \u00e8 il risultato straordinario di un&#8217;agricoltura che, assecondando la natura, ha saputo realizzare un primato d&#8217;eccellenza viticola, studiata ed ammirata in tutto il mondo. Il sistema di allevamento ad alberello basso, in conca, con uno sviluppo vegeto produttivo rasente i terreni, costituisce un unicum che va difeso, tutelato e rilanciato. La delegazione italiana presente all&#8217;Unesco era guidata dal rappresentante italiano permanente dr.ssa <strong>Vincenza Lo Monaco<\/strong>, dal prof <strong>Pier Luigi Petrillo<\/strong> &#8211; Responsabile Ufficio Unesco del Ministero delle Politiche Agricole, Alimentari e Forestali, dal Sindaco di Pantelleria <strong>Salvatore Gabriele<\/strong> e dal Commissario straordinario dell&#8217;IRVO della Regione Siciliana <strong>Antonino Di Giacomo<\/strong>. Per l&#8217;Assessorato regionale all&#8217;Agricoltura della Regione Siciliana erano presenti <strong>Dario Cartabellotta<\/strong>, Responsabile Unico della Regione Siciliana per il <strong>Cluster Bio- Mediterraneo di Expo Milano 2015,<\/strong> e <strong>Antonino Parrinello<\/strong>, capo di gabinetto dell\u2019 Assessoreato dell\u2019Agricoltura, dello Sviluppo Rurale e della Pesca Mediterranea della Regione Siciliana.<br \/>\n<a href=\"http:\/\/www.sceltedigusto.it\/public\/wp-content\/uploads\/2014\/11\/alberello2.png\"><img loading=\"lazy\" class=\"size-medium wp-image-8511 alignleft\" src=\"http:\/\/www.sceltedigusto.it\/public\/wp-content\/uploads\/2014\/11\/alberello2-300x174.png\" alt=\"alberello2\" width=\"300\" height=\"174\" srcset=\"https:\/\/www.sceltedigusto.it\/public\/wp-content\/uploads\/2014\/11\/alberello2-300x174.png 300w, https:\/\/www.sceltedigusto.it\/public\/wp-content\/uploads\/2014\/11\/alberello2.png 370w\" sizes=\"(max-width: 300px) 100vw, 300px\" \/><\/a>Grande emozione ha suscitato il caloroso applauso con cui l&#8217;assemblea ha salutato l&#8217;iscrizione della candidatura italiana al Patrimonio immateriale dell&#8217;Umanit\u00e0. \u201c<em>Da Pantelleria arriva oggi un nuovo riconoscimento per l\u2019Italia<\/em> &#8211; ha commentato Vincenza Lo Monaco, rappresentante permanente per l\u2019Italia all\u2019Unesco &#8211; <em>Questo importante traguardo deve essere un ulteriore stimolo ed un invito, soprattutto in vista dell\u2019EXPO, a credere di pi\u00f9 nelle potenzialit\u00e0 delle nostre tradizioni per dare vita ad uno sviluppo sostenibile, facendo leva sulla cultura produttiva dei nostri territori<\/em>\u201d. Il Commissario straordinario dell&#8217; IRVO della Regione Siciliana Antonino Di Giacomo, ha sottolineato il valore di questo riconoscimento per tutto il sistema vino della Sicilia: \u201cLa Sicilia del vino vive di eccellenze territoriali uniche e impareggiabili per natura e biodiversit\u00e0. Pantelleria \u00e8 sicuramente l&#8217;espressione pi\u00f9 particolare. Ora interviene una tutela universale che da il giusto merito ai quei piccoli agricoltori che sono riusciti a mantenere produttiva la viticoltura, in un contesto difficile come quello dell\u2019Isola di <strong>Pantelleria<\/strong>. Questo riconoscimento arriva a conclusione di un grande lavoro di squadra che ha visto l\u2019IRVO lavorare in sintonia con il Ministero delle Politiche Agricole, il comune di Pantelleria e i piccoli produttori dell\u2019isola.\u201d Il Prof Pier Luigi Petrillo, curatore della candidatura dell&#8217;Alberello di Pantelleria per il M<strong>inistero delle Politiche Agricole<\/strong>, ha seguito tutto l&#8217;iter sin dall&#8217;inizio: &#8221; Si tratta di un percorso molto complesso, iniziato cinque anni e conclusosi oggi con l&#8217;iscrizione, per la prima volta al mondo, di una pratica agricola nella lista dei Patrimoni dell&#8217;Umanit\u00e0. Un percorso che \u00e8 iniziato su proposta del Ministero e che ha trovato il consenso di oltre 180 stati partner dell&#8217;Unesco&#8221;.<br \/>\n<a href=\"http:\/\/www.sceltedigusto.it\/public\/wp-content\/uploads\/2014\/11\/alberello3.jpg\"><img loading=\"lazy\" class=\"size-medium wp-image-8512 alignright\" src=\"http:\/\/www.sceltedigusto.it\/public\/wp-content\/uploads\/2014\/11\/alberello3-300x169.jpg\" alt=\"VITE AD ALBERELLO DI PANTELLERIA\" width=\"300\" height=\"169\" srcset=\"https:\/\/www.sceltedigusto.it\/public\/wp-content\/uploads\/2014\/11\/alberello3-300x169.jpg 300w, https:\/\/www.sceltedigusto.it\/public\/wp-content\/uploads\/2014\/11\/alberello3.jpg 600w\" sizes=\"(max-width: 300px) 100vw, 300px\" \/><\/a>Oggi, a Pantelleria, il paesaggio disegnato dalla vigne \u00e8 il segno di un equilibro raggiunto con la natura grazie all\u2019opera dell\u2019uomo e alla consapevolezza del rispetto dell&#8217;ambiente. Il terrazzamento \u00e8 l\u2019emblema di quest\u2019unione che ha poi dato vita alla cultura della lavorazione della pietra dalla quale sono nati il dammuso e il giardino pantesco, strutture necessarie per praticare l\u2019agricoltura in un contesto produttivo impervio.<br \/>\n&#8220;<em>E&#8217; un grande traguardo per l&#8217;Italia e per Pantelleria<\/em> &#8211; ha cos\u00ec commentato il Sindaco di Pantelleria, Salvatore Gabriele &#8211; <em>credo che sia una grande scommessa, un grande elogio ad una comunit\u00e0 che, nei secoli, ha saputo trasformare luoghi impervi in terrazzamenti dove si produce un prodotto straordinario. Ora dobbiamo lavorare con il Ministero e la Regione Siciliana ad un Piano di gestione sull&#8217;alberello, dove poter declinare tutta una serie di attivit\u00e0 di tutela e valorizzazione della pratica agricola e del vigneto pantesco<\/em>&#8220;.<br \/>\nA rappresentare la Sicilia a Parigi anche <strong>Dario Cartabellotta<\/strong> \u2013 Responsabile Unico della Regione Siciliana per il Cluster Bio- Mediterraneo di Expo Milano 2015 che ha annunciato un ruolo di primo piano per l&#8217;isola di Pantelleria: &#8221; <em>Affidando a Pantelleria l&#8217;apertura degli eventi del Cluster ad EXPO<\/em> &#8211; sottolinea Dario Cartabellotta &#8211; <em>riconosciamo il primato di una terra, che tra l&#8217;Europa e l&#8217;Africa, ha saputo offrire all&#8217;uomo la sintesi pi\u00f9 felice delle colture e delle culture del Mediterraneo. Un patrimonio di biodiversit\u00e0 che ha radici antiche ma che vogliamo portarci integro nel futuro delle nuove generazion<\/em>i&#8221;.<br \/>\n<a href=\"http:\/\/www.sceltedigusto.it\/public\/wp-content\/uploads\/2014\/11\/alberello4.jpg\"><img loading=\"lazy\" class=\"size-medium wp-image-8513 alignleft\" src=\"http:\/\/www.sceltedigusto.it\/public\/wp-content\/uploads\/2014\/11\/alberello4-300x168.jpg\" alt=\"alberello4\" width=\"300\" height=\"168\" \/><\/a>La vigna a Pantelleria pu\u00f2 contare solo sulle braccia dell&#8217;uomo, non ci sono macchine che possano sostituire il contadino e la sua sensibilit\u00e0 produttiva. Sui terrazzamenti , spesso con pendenze estreme, la vite viene allevata al di sotto del livello del suolo, in una larga conca per riparare la pianta e i frutti dai venti di scirocco e di greco levante che spirano assai frequentemente e con violenza sull\u2019isola. Questa pratica \u00e8 utile anche ad equilibrare lo sviluppo della parte aerea rispetto a quella radicale, in modo tale che la mano dell\u2019uomo possa facilmente intervenire sulle vite, durante tutto il suo sviluppo vegeto-produttivo. Proprio per questo a Pantelleria si parla di viticoltura eroica: le lavorazioni, infatti, durante tutto l\u2019anno richiedono un monte ore di lavoro, per unit\u00e0 impiegata, che supera di almeno tre volte quelle necessarie alla coltivazione di un normale vigneto sulla terra ferma.<br \/>\nIn rappresentanza dell&#8217;Assessore dell\u2019Agricoltura, dello Sviluppo Rurale e della Pesca Mediterranea della Regione Siciliana <strong>Antonino Caleca<\/strong>, \u00e8 intervenuto a Parigi anche il capo-di gabinetto Antonio Parrinello che ha cos\u00ec commentato: &#8220;<em>Accogliamo la notizia dell\u2019inserimento della pratica agricola dell\u2019alberello pantesco nella lista dei beni immateriali dell\u2019Umanit\u00e0 con un sentimento di enorme gioia. Grande soddisfazione innanzitutto per Pantelleria, artefice di questa operazione, e per tutti i suoi agricoltori che, con la loro tradizione millenaria, hanno permesso il realizzarsi di questo storico obiettivo. Oggi \u00e8 un giorno di festa non solo per Pantelleria ma anche per tutta l\u2019agricoltura siciliana<\/em>&#8220;.<\/p>\n","protected":false},"excerpt":{"rendered":"<p>L&#8217;Assemblea generale dell&#8216;UNESCO, ieri pomeriggio a Parigi, ha iscritto la pratica agricola della Vite ad Alberello di Pantelleria tra i Beni immateriali dell&#8217;umanit\u00e0. Per la prima volta l&#8217;Alto organismo internazionale ha attribuito questo riconoscimento ad una pratica agricola, riconoscendone il valore storico-culturale oltre che identitario. La coltivazione della vite sull&#8217;isola ha, infatti, modellato nel tempo [&hellip;]<\/p>\n","protected":false},"author":18,"featured_media":8513,"comment_status":"open","ping_status":"open","sticky":false,"template":"","format":"standard","meta":[],"categories":[5435,5438],"tags":[6112,6113,1257,6111,4138,5503,6114,5793,293,6110,6109],"jetpack_featured_media_url":"https:\/\/www.sceltedigusto.it\/public\/wp-content\/uploads\/2014\/11\/alberello4.jpg","_links":{"self":[{"href":"https:\/\/www.sceltedigusto.it\/public\/wp-json\/wp\/v2\/posts\/8507"}],"collection":[{"href":"https:\/\/www.sceltedigusto.it\/public\/wp-json\/wp\/v2\/posts"}],"about":[{"href":"https:\/\/www.sceltedigusto.it\/public\/wp-json\/wp\/v2\/types\/post"}],"author":[{"embeddable":true,"href":"https:\/\/www.sceltedigusto.it\/public\/wp-json\/wp\/v2\/users\/18"}],"replies":[{"embeddable":true,"href":"https:\/\/www.sceltedigusto.it\/public\/wp-json\/wp\/v2\/comments?post=8507"}],"version-history":[{"count":1,"href":"https:\/\/www.sceltedigusto.it\/public\/wp-json\/wp\/v2\/posts\/8507\/revisions"}],"predecessor-version":[{"id":8514,"href":"https:\/\/www.sceltedigusto.it\/public\/wp-json\/wp\/v2\/posts\/8507\/revisions\/8514"}],"wp:featuredmedia":[{"embeddable":true,"href":"https:\/\/www.sceltedigusto.it\/public\/wp-json\/wp\/v2\/media\/8513"}],"wp:attachment":[{"href":"https:\/\/www.sceltedigusto.it\/public\/wp-json\/wp\/v2\/media?parent=8507"}],"wp:term":[{"taxonomy":"category","embeddable":true,"href":"https:\/\/www.sceltedigusto.it\/public\/wp-json\/wp\/v2\/categories?post=8507"},{"taxonomy":"post_tag","embeddable":true,"href":"https:\/\/www.sceltedigusto.it\/public\/wp-json\/wp\/v2\/tags?post=8507"}],"curies":[{"name":"wp","href":"https:\/\/api.w.org\/{rel}","templated":true}]}}