{"id":8455,"date":"2014-11-20T17:39:38","date_gmt":"2014-11-20T16:39:38","guid":{"rendered":"http:\/\/www.sceltedigusto.it\/public\/?p=8455"},"modified":"2014-11-20T17:39:38","modified_gmt":"2014-11-20T16:39:38","slug":"expo-food-and-wine-catania-capitale-delleccellenza-gastronomica","status":"publish","type":"post","link":"https:\/\/www.sceltedigusto.it\/public\/expo-food-and-wine-catania-capitale-delleccellenza-gastronomica\/","title":{"rendered":"Expo Food and Wine:  Catania capitale dell&#8217;eccellenza gastronomica."},"content":{"rendered":"<p><a href=\"http:\/\/www.sceltedigusto.it\/public\/wp-content\/uploads\/2014\/11\/10734234_809116062480480_1774738761509895353_n.jpg\"><img loading=\"lazy\" class=\"size-medium wp-image-8456 alignleft\" src=\"http:\/\/www.sceltedigusto.it\/public\/wp-content\/uploads\/2014\/11\/10734234_809116062480480_1774738761509895353_n-300x224.jpg\" alt=\"10734234_809116062480480_1774738761509895353_n\" width=\"300\" height=\"224\" srcset=\"https:\/\/www.sceltedigusto.it\/public\/wp-content\/uploads\/2014\/11\/10734234_809116062480480_1774738761509895353_n-300x224.jpg 300w, https:\/\/www.sceltedigusto.it\/public\/wp-content\/uploads\/2014\/11\/10734234_809116062480480_1774738761509895353_n-768x574.jpg 768w, https:\/\/www.sceltedigusto.it\/public\/wp-content\/uploads\/2014\/11\/10734234_809116062480480_1774738761509895353_n-150x112.jpg 150w, https:\/\/www.sceltedigusto.it\/public\/wp-content\/uploads\/2014\/11\/10734234_809116062480480_1774738761509895353_n-485x360.jpg 485w, https:\/\/www.sceltedigusto.it\/public\/wp-content\/uploads\/2014\/11\/10734234_809116062480480_1774738761509895353_n-696x520.jpg 696w, https:\/\/www.sceltedigusto.it\/public\/wp-content\/uploads\/2014\/11\/10734234_809116062480480_1774738761509895353_n-562x420.jpg 562w, https:\/\/www.sceltedigusto.it\/public\/wp-content\/uploads\/2014\/11\/10734234_809116062480480_1774738761509895353_n-80x60.jpg 80w, https:\/\/www.sceltedigusto.it\/public\/wp-content\/uploads\/2014\/11\/10734234_809116062480480_1774738761509895353_n-265x198.jpg 265w, https:\/\/www.sceltedigusto.it\/public\/wp-content\/uploads\/2014\/11\/10734234_809116062480480_1774738761509895353_n.jpg 960w\" sizes=\"(max-width: 300px) 100vw, 300px\" \/><\/a>\u201c<em>La citt\u00e0 di Catania \u00e8 onorata e felice di ospitare questa manifestazione, la pi\u00f9 importante del settore agroalimentare del Sud Italia. Offrire ai produttori siciliani l\u2019opportunit\u00e0 di internazionalizzare le proprie aziende giocando in casa \u00e8 una scommessa davvero coraggiosa, alla quale il Comune del capoluogo etneo ha voluto dare tutto il proprio sostegno<\/em>\u201d.<br \/>\n<a href=\"http:\/\/www.sceltedigusto.it\/public\/wp-content\/uploads\/2014\/11\/Angela-Mazzola.jpg\"><img loading=\"lazy\" class=\"size-full wp-image-8457 alignright\" src=\"http:\/\/www.sceltedigusto.it\/public\/wp-content\/uploads\/2014\/11\/Angela-Mazzola.jpg\" alt=\"SONY DIGITAL CAMERA\" width=\"200\" height=\"150\" \/><\/a>Con queste parole l\u2019assessore alle Attivit\u00e0 produttive del Comune di Catania, <strong>Angela Mazzola<\/strong>, ha aperto la conferenza stampa di presentazione a Palazzo degli Elefanti di \u201c<strong>Expo Food and Wine<\/strong>\u201d, il Salone del buon cibo e del buon vino organizzato da<strong> SIEF ITALIA<\/strong> (Societ\u00e0 Italiana Eventi Fiere), in programma alle Ciminiere di Catania dal 29 novembre al 1\u00b0 dicembre 2014.<\/p>\n<p><a href=\"http:\/\/www.sceltedigusto.it\/public\/wp-content\/uploads\/2014\/11\/bianco_enzo-2.jpg\"><img loading=\"lazy\" class=\"wp-image-8458 alignleft\" src=\"http:\/\/www.sceltedigusto.it\/public\/wp-content\/uploads\/2014\/11\/bianco_enzo-2-291x300.jpg\" alt=\"bianco_enzo-2\" width=\"195\" height=\"201\" srcset=\"https:\/\/www.sceltedigusto.it\/public\/wp-content\/uploads\/2014\/11\/bianco_enzo-2-291x300.jpg 291w, https:\/\/www.sceltedigusto.it\/public\/wp-content\/uploads\/2014\/11\/bianco_enzo-2.jpg 622w\" sizes=\"(max-width: 195px) 100vw, 195px\" \/><\/a>Con l\u2019assessore Mazzola, che ha portato i saluti del sindaco <strong>Enzo Bianco<\/strong>, sono intervenuti l\u2019organizzatrice di Expo Food and Wine, <strong>Alessandra Ambra<\/strong>, il responsabile degli eventi e show cooking all\u2019interno del Salone, chef <strong>Seby Sorbello<\/strong> in qualit\u00e0 anche di presidente dell\u2019Associazione provinciale cuochi etnei, e il direttore di Confagricoltura Catania, <strong>Francesco Toscano<\/strong>.<br \/>\n<a href=\"http:\/\/www.sceltedigusto.it\/public\/wp-content\/uploads\/2014\/11\/sorbello.jpg\"><img loading=\"lazy\" class=\"wp-image-8459 alignright\" src=\"http:\/\/www.sceltedigusto.it\/public\/wp-content\/uploads\/2014\/11\/sorbello-295x300.jpg\" alt=\"sorbello\" width=\"201\" height=\"204\" srcset=\"https:\/\/www.sceltedigusto.it\/public\/wp-content\/uploads\/2014\/11\/sorbello-295x300.jpg 295w, https:\/\/www.sceltedigusto.it\/public\/wp-content\/uploads\/2014\/11\/sorbello.jpg 480w\" sizes=\"(max-width: 201px) 100vw, 201px\" \/><\/a>\u201c<em>Siamo noi chef<\/em> \u2013 ha detto Seby Sorbello \u2013 <em>che vogliamo ringraziare l\u2019organizzazione del Salone del buon cibo e del buon vino per avere ideato una manifestazione cos\u00ec bella, che ha innanzitutto un messaggio culturale da trasmettere: le eccellenze della tavola siciliana e del Mediterraneo. Vale a dire le materie prime e gli ingredienti con cui lavoriamo ogni giorno, per offrire a clienti e turisti il meglio della nostra terra<\/em>\u201d.<br \/>\n\u201c<em>Abbiamo aderito da subito all\u2019evento<\/em> \u2013 ha aggiunto <strong>Francesco Toscano<\/strong> \u2013 e <em>abbiamo portato le nostre aziende, perch\u00e9 crediamo che far giungere qui in Sicilia investitori stranieri rappresenti una grande scommessa e un\u2019opportunit\u00e0 da non perdere assolutamente<\/em>\u201d.<br \/>\n<a href=\"http:\/\/www.sceltedigusto.it\/public\/wp-content\/uploads\/2014\/11\/siefi.png\"><img loading=\"lazy\" class=\"wp-image-8460 alignleft\" src=\"http:\/\/www.sceltedigusto.it\/public\/wp-content\/uploads\/2014\/11\/siefi-300x85.png\" alt=\"siefi\" width=\"371\" height=\"105\" srcset=\"https:\/\/www.sceltedigusto.it\/public\/wp-content\/uploads\/2014\/11\/siefi-300x85.png 300w, https:\/\/www.sceltedigusto.it\/public\/wp-content\/uploads\/2014\/11\/siefi-1024x290.png 1024w\" sizes=\"(max-width: 371px) 100vw, 371px\" \/><\/a>E una delle novit\u00e0 dell\u2019evento l\u2019ha comunicata proprio Alessandra Ambra, oltre ai ringraziamenti per quanti stanno credendo nel Salone: \u201c<em>Oltre ai Paesi esteri gi\u00e0 presenti<\/em>, &#8211; ha detto <strong>Alessandra Ambra<\/strong> &#8211; <em>ovvero Argentina, Usa, Emirati Arabi, Ghana, Turchia, si sono aggiunti operatori commerciali della Tunisia e aziende del Centro Italia, soprattutto dall\u2019Umbria, a testimonianza che Expo Food and Wine vuole essere il cuore pulsante del Mediterraneo dal punto di vista enogastronomico ma anche di scambio culturale<\/em>\u201d.<br \/>\nL\u2019appuntamento con l\u2019eccellenza gastronomica, dunque, e il rilancio dell\u2019economia con le carte vincenti della nostra isola ripartono dal cuore della Sicilia e lo scenario che si prospetta \u00e8 di carattere internazionale, con la partecipazione di Paesi e buyers stranieri e di decine di importatori del Made in Sicily nel mondo. <a href=\"http:\/\/www.sceltedigusto.it\/public\/wp-content\/uploads\/2014\/11\/ciminiere2.jpg\"><img loading=\"lazy\" class=\"size-medium wp-image-8326 alignright\" src=\"http:\/\/www.sceltedigusto.it\/public\/wp-content\/uploads\/2014\/11\/ciminiere2-300x203.jpg\" alt=\"ciminiere2\" width=\"300\" height=\"203\" srcset=\"https:\/\/www.sceltedigusto.it\/public\/wp-content\/uploads\/2014\/11\/ciminiere2-300x203.jpg 300w, https:\/\/www.sceltedigusto.it\/public\/wp-content\/uploads\/2014\/11\/ciminiere2-768x521.jpg 768w, https:\/\/www.sceltedigusto.it\/public\/wp-content\/uploads\/2014\/11\/ciminiere2-150x102.jpg 150w, https:\/\/www.sceltedigusto.it\/public\/wp-content\/uploads\/2014\/11\/ciminiere2-696x472.jpg 696w, https:\/\/www.sceltedigusto.it\/public\/wp-content\/uploads\/2014\/11\/ciminiere2-620x420.jpg 620w, https:\/\/www.sceltedigusto.it\/public\/wp-content\/uploads\/2014\/11\/ciminiere2.jpg 801w\" sizes=\"(max-width: 300px) 100vw, 300px\" \/><\/a>Nelle tre giornate alle <strong>Ciminiere<\/strong> centinaia di produttori e imprenditori del settore avranno l\u2019opportunit\u00e0 di incontrare operatori e commercianti italiani ed esteri attraverso una fitta agenda di appuntamenti gi\u00e0 costituita dall\u2019organizzazione, a cominciare dagli incontri B2B e con i Paesi esteri coinvolti. Gli operatori ghanesi stanno gi\u00e0 lanciando un progetto di sviluppo per la diffusione dell\u2019agroalimentare siciliano e del franchising nel loro Paese. Cos\u00ec come gli Emirati Arabi, abili nell\u2019intermediazione commerciale. E gli Usa, da anni ormai innamorati della produzione vitivinicola italiana. Un\u2019occasione da non perdere, per i tanti produttori siciliani, che potranno presentare tutte le potenzialit\u00e0 anche economiche della dieta mediterranea e avere visibilit\u00e0 sui mercati esteri.<br \/>\nDurante la conferenza stampa, inoltre, sono state ricordate le importanti e prestigiose istituzioni e associazioni di settore che aderiscono all\u2019evento, a testimonianza che il gioco di squadra in Sicilia si pu\u00f2 e si deve fare: Regione Siciliana \u2013 Ass.to Attivit\u00e0 Produttive, Sprint Sicilia, Comune di Catania, Federazione Italiana Cuochi, Associazione Provinciale Cuochi Etnei, che cureranno la parte organizzativa degli show cooking, e a cui si aggiungono la Federazione Italiana Pasticceri, Associazione Italiana Celiachia \u2013 Sicilia, Confagricoltura Catania, Corfilac, Accademia Italiana Gastronomia Storica, Citt\u00e0 del Gusto Catania \u2013 Gambero Rosso, Fisar, Associazione Italiana Sommeliers, Onav, Club Papillon, Universit\u00e0 di Catania \u2013 Dipartimento DISPA e DI.GE.SA, Comitato Regionale Giovani Imprenditori Confindustria Sicilia, Cisalpina Tours, Sheraton Hotel, Consorzio Med Europe, GAL Terre dell\u2019Etna e dell\u2019Alcantara, e gli sponsor Enoiltech ed Electrolux.<br \/>\n<a href=\"http:\/\/www.sceltedigusto.it\/public\/wp-content\/uploads\/2014\/11\/bonsignore.jpeg\"><img loading=\"lazy\" class=\"size-medium wp-image-8323 alignleft\" src=\"http:\/\/www.sceltedigusto.it\/public\/wp-content\/uploads\/2014\/11\/bonsignore-300x199.jpeg\" alt=\"bonsignore\" width=\"300\" height=\"199\" srcset=\"https:\/\/www.sceltedigusto.it\/public\/wp-content\/uploads\/2014\/11\/bonsignore-300x199.jpeg 300w, https:\/\/www.sceltedigusto.it\/public\/wp-content\/uploads\/2014\/11\/bonsignore-100x65.jpeg 100w, https:\/\/www.sceltedigusto.it\/public\/wp-content\/uploads\/2014\/11\/bonsignore.jpeg 548w\" sizes=\"(max-width: 300px) 100vw, 300px\" \/><\/a>Partnership prestigiose che hanno richiamato la partecipazione di veri e propri protagonisti del mondo dell\u2019enogastronomia nazionale. Saranno infatti il direttore di Tg5 Gusto <strong>Gioacchino Bonsignore<\/strong> e il noto volto Rai <strong>Alex Revelli Sorini<\/strong> a presentare al pubblico la manifestazione, mentre incontri, convegni, degustazioni, show cooking &#8211; di cucina calda, di zucchero, del senza glutine &#8211; \u00a0 show carving ,l\u2019arte dell\u2019intaglio dei vegetali, un concorso di pasticceria, un concorso a squadre per gli chef del Sud e approfondimenti previsti nel ricco calendario dei tre giorni saranno raccontati in diretta da Rsc Group su <strong>Radio Studio Centrale<\/strong>, il pi\u00f9 importante network radiofonico dell\u2019isola, che con una postazione mobile all\u2019interno delle Ciminiere coinvolger\u00e0 tutti gli ascoltatori siciliani.<br \/>\n<a href=\"http:\/\/www.sceltedigusto.it\/public\/wp-content\/uploads\/2014\/11\/eccellenze-di-gusto.jpg\"><img loading=\"lazy\" class=\"wp-image-8461 alignright\" src=\"http:\/\/www.sceltedigusto.it\/public\/wp-content\/uploads\/2014\/11\/eccellenze-di-gusto-300x144.jpg\" alt=\"eccellenze-di-gusto\" width=\"369\" height=\"177\" srcset=\"https:\/\/www.sceltedigusto.it\/public\/wp-content\/uploads\/2014\/11\/eccellenze-di-gusto-300x144.jpg 300w, https:\/\/www.sceltedigusto.it\/public\/wp-content\/uploads\/2014\/11\/eccellenze-di-gusto-1024x493.jpg 1024w, https:\/\/www.sceltedigusto.it\/public\/wp-content\/uploads\/2014\/11\/eccellenze-di-gusto.jpg 1645w\" sizes=\"(max-width: 369px) 100vw, 369px\" \/><\/a>Un programma dettagliato dunque anche sul fronte degli interventi e dei convegni, con interventi di personalit\u00e0 del mondo scientifico, universitario e della ricerca. Durante le tre giornate si parler\u00e0 tra l\u2019altro di: \u201cCeliaco: prego, si accomodi. Celiachia e turismo accessibile\u201d; \u201cCongresso regionale celiachia: terapie alternative, miraggio o realt\u00e0?\u201d, \u201cBiodiversit\u00e0 e innovazione: la conservazione e il miglioramento delle risorse genetiche per le filiere agroalimentari\u201d, \u201cIl Sud Italia come rilancio dell\u2019economia in cucina\u201d, \u201cAlimentazione Fuori Casa: come entrare nel network di A.I.C.\u201d, \u201cLa valorizzazione dei grani siciliani: un patrimonio da tutelare\u201d.<br \/>\nAppuntamento, dunque, a sabato 29 novembre 2014, con il taglio del nastro e l\u2019inizio di \u201cExpo Food and Wine\u201d, il Salone del buon cibo e del buon vino.<\/p>\n<p>Per tutte le info sull&#8217;evento : <a href=\"http:\/\/www.expofoodandwine.com\">www.expofoodandwine.com<\/a><\/p>\n","protected":false},"excerpt":{"rendered":"<p>\u201cLa citt\u00e0 di Catania \u00e8 onorata e felice di ospitare questa manifestazione, la pi\u00f9 importante del settore agroalimentare del Sud Italia. Offrire ai produttori siciliani l\u2019opportunit\u00e0 di internazionalizzare le proprie aziende giocando in casa \u00e8 una scommessa davvero coraggiosa, alla quale il Comune del capoluogo etneo ha voluto dare tutto il proprio sostegno\u201d. Con queste [&hellip;]<\/p>\n","protected":false},"author":18,"featured_media":8456,"comment_status":"open","ping_status":"open","sticky":false,"template":"","format":"standard","meta":[],"categories":[29,5435],"tags":[6089,6086,6088,1251,539,6087,6042,6090,6091,6093,5486,5807,5706,530,6045,290,6094,6092],"jetpack_featured_media_url":"https:\/\/www.sceltedigusto.it\/public\/wp-content\/uploads\/2014\/11\/10734234_809116062480480_1774738761509895353_n.jpg","_links":{"self":[{"href":"https:\/\/www.sceltedigusto.it\/public\/wp-json\/wp\/v2\/posts\/8455"}],"collection":[{"href":"https:\/\/www.sceltedigusto.it\/public\/wp-json\/wp\/v2\/posts"}],"about":[{"href":"https:\/\/www.sceltedigusto.it\/public\/wp-json\/wp\/v2\/types\/post"}],"author":[{"embeddable":true,"href":"https:\/\/www.sceltedigusto.it\/public\/wp-json\/wp\/v2\/users\/18"}],"replies":[{"embeddable":true,"href":"https:\/\/www.sceltedigusto.it\/public\/wp-json\/wp\/v2\/comments?post=8455"}],"version-history":[{"count":1,"href":"https:\/\/www.sceltedigusto.it\/public\/wp-json\/wp\/v2\/posts\/8455\/revisions"}],"predecessor-version":[{"id":8462,"href":"https:\/\/www.sceltedigusto.it\/public\/wp-json\/wp\/v2\/posts\/8455\/revisions\/8462"}],"wp:featuredmedia":[{"embeddable":true,"href":"https:\/\/www.sceltedigusto.it\/public\/wp-json\/wp\/v2\/media\/8456"}],"wp:attachment":[{"href":"https:\/\/www.sceltedigusto.it\/public\/wp-json\/wp\/v2\/media?parent=8455"}],"wp:term":[{"taxonomy":"category","embeddable":true,"href":"https:\/\/www.sceltedigusto.it\/public\/wp-json\/wp\/v2\/categories?post=8455"},{"taxonomy":"post_tag","embeddable":true,"href":"https:\/\/www.sceltedigusto.it\/public\/wp-json\/wp\/v2\/tags?post=8455"}],"curies":[{"name":"wp","href":"https:\/\/api.w.org\/{rel}","templated":true}]}}