{"id":7918,"date":"2014-09-23T19:23:35","date_gmt":"2014-09-23T17:23:35","guid":{"rendered":"http:\/\/www.sceltedigusto.it\/public\/?p=7918"},"modified":"2014-09-23T19:23:35","modified_gmt":"2014-09-23T17:23:35","slug":"siracusa-museo-bellomo-aperto-anche-nelle-ore-serali-per-limoniculture-2014-si-inaugura-domani","status":"publish","type":"post","link":"https:\/\/www.sceltedigusto.it\/public\/siracusa-museo-bellomo-aperto-anche-nelle-ore-serali-per-limoniculture-2014-si-inaugura-domani\/","title":{"rendered":"Siracusa. Museo Bellomo aperto anche nelle ore serali per Limoniculture 2014. Si inaugura domani."},"content":{"rendered":"<p><a href=\"http:\/\/www.sceltedigusto.it\/public\/wp-content\/uploads\/2014\/09\/limoni-grande.jpg\"><img loading=\"lazy\" class=\"wp-image-7919 alignleft\" src=\"http:\/\/www.sceltedigusto.it\/public\/wp-content\/uploads\/2014\/09\/limoni-grande-300x171.jpg\" alt=\"limoni grande\" width=\"411\" height=\"234\" srcset=\"https:\/\/www.sceltedigusto.it\/public\/wp-content\/uploads\/2014\/09\/limoni-grande-300x171.jpg 300w, https:\/\/www.sceltedigusto.it\/public\/wp-content\/uploads\/2014\/09\/limoni-grande-1024x584.jpg 1024w, https:\/\/www.sceltedigusto.it\/public\/wp-content\/uploads\/2014\/09\/limoni-grande-768x438.jpg 768w, https:\/\/www.sceltedigusto.it\/public\/wp-content\/uploads\/2014\/09\/limoni-grande-150x86.jpg 150w, https:\/\/www.sceltedigusto.it\/public\/wp-content\/uploads\/2014\/09\/limoni-grande-696x397.jpg 696w, https:\/\/www.sceltedigusto.it\/public\/wp-content\/uploads\/2014\/09\/limoni-grande-1068x609.jpg 1068w, https:\/\/www.sceltedigusto.it\/public\/wp-content\/uploads\/2014\/09\/limoni-grande-736x420.jpg 736w, https:\/\/www.sceltedigusto.it\/public\/wp-content\/uploads\/2014\/09\/limoni-grande.jpg 1101w\" sizes=\"(max-width: 411px) 100vw, 411px\" \/><\/a>Arte, musica, gusto, profumo: ecco gli elementi che dal 24 al 26 settembre racconteranno la storia tra Limone e territorio Conoscere le risorse culturali del territorio e goderne in una serata speciale tra musica, gusto e arte: questa la possibilit\u00e0 offerta a tutti coloro che vorranno fare visita alla Galleria Regionale di Palazzo Bellomo che, in occasione dell\u2019evento Limoniculture il 25 e il 26 settembre osserver\u00e0 un orario straordinario di apertura grazie al sostegno del Consorzio di Tutela del Limone di Siracusa IGP e sar\u00e0 pertanto aperta alle visite dalle 19 alle 23 rimarr\u00e0 aperto oltre gli orari usuali, dalle 19 fino alle 23 .<\/p>\n<p><a href=\"http:\/\/www.sceltedigusto.it\/public\/wp-content\/uploads\/2014\/09\/Limone_Siracusa_IGP_logo.gif\"><img loading=\"lazy\" class=\"size-full wp-image-7920 alignright\" src=\"http:\/\/www.sceltedigusto.it\/public\/wp-content\/uploads\/2014\/09\/Limone_Siracusa_IGP_logo.gif\" alt=\"Limone_Siracusa_IGP_logo\" width=\"220\" height=\"204\" \/><\/a>Durante la serata di gioved\u00ec 25 settembre, inoltre, sar\u00e0 possibile usufruire alle 22 della visita guidata organizzata dal Consorzio Limone di Siracusa Igp e curata dai due storici dell\u2019arte Ornella Fazzina e Michele Romano. Non solo arte durante l\u2019evento Limoniculture, che si svolger\u00e0 dal 24 al 26 settembre: l\u2019idea \u00e8 quella di declinare il tema del limone attraverso le sue molteplici e complesse sfumature culturali ed economiche: dall\u2019industria dei profumi a quella del food, dall\u2019accoppiamento con il territorio e le sue bellezze architettoniche alla musica e alla poesia. Ampio e vario il programma delle tre giornate e molti gli ospiti previsti che discuteranno di economia, agroalimentare, cultura, promozione dei prodotti del territorio: dal percorso sensoriale curato da Valeria Rizza, alle \u201cParole che sanno di limone\u201d accompagnate dalle poesie di Giusy Norcia e dalla musica di Angelo Loia, passando attraverso le conversazioni dedicate all\u2019arte di Ornella Fazzina e Michele Romano e le melodie de <a href=\"http:\/\/www.sceltedigusto.it\/public\/wp-content\/uploads\/2014\/09\/limone-siracusa1.jpg\"><img loading=\"lazy\" class=\" wp-image-7921 alignleft\" src=\"http:\/\/www.sceltedigusto.it\/public\/wp-content\/uploads\/2014\/09\/limone-siracusa1-300x191.jpg\" alt=\"limone siracusa\" width=\"360\" height=\"229\" srcset=\"https:\/\/www.sceltedigusto.it\/public\/wp-content\/uploads\/2014\/09\/limone-siracusa1-300x191.jpg 300w, https:\/\/www.sceltedigusto.it\/public\/wp-content\/uploads\/2014\/09\/limone-siracusa1-100x65.jpg 100w, https:\/\/www.sceltedigusto.it\/public\/wp-content\/uploads\/2014\/09\/limone-siracusa1.jpg 421w\" sizes=\"(max-width: 360px) 100vw, 360px\" \/><\/a>GliArchiEnsemble; spazio alla valorizzazione della creativit\u00e0 imprenditoriale con la presentazione dell\u2019inedito Cioccolato al Limone dell\u2019Antica Dolceria Bonajuto di Modica e la birra \u201cNura\u201d del birrificio siciliano Malarazza, che utilizza tra gli ingredienti il Limone di Siracusa IGP. Il trionfo delle note agrumate sar\u00e0 invece riservato all\u2019ultima giornata, nello spazio dedicato a L.I.C.C.O, ovvero il Lemon Ice Cream Contest Ortigia: quattro le gelaterie della citt\u00e0 che si sfideranno nella riproposizione del classico gelato al limone sotto la supervisione di Carlo Ottaviano, giornalista enogastronomico del Gambero Rosso. Alcuni esponenti della stampa nazionale e internazionale discuteranno poi di risorse enogastronomiche ed Expo, mentre la Fildis premier\u00e0 quattro \u201cprofessionalit\u00e0 al femminile\u201d che si occupano della promozione del Limone di Siracusa IGP. Le tre serate saranno accompagnate dalle proiezioni dei corti di Gianluca Agati e Valeria Rizza, \u201cScent of a lemon\u201d, \u201cIl limone ama il viaggio\u201d, \u201cLe virt\u00f9 del limone\u201d e \u201cUn gelato al limone\u201d.<\/p>\n","protected":false},"excerpt":{"rendered":"<p>Arte, musica, gusto, profumo: ecco gli elementi che dal 24 al 26 settembre racconteranno la storia tra Limone e territorio Conoscere le risorse culturali del territorio e goderne in una serata speciale tra musica, gusto e arte: questa la possibilit\u00e0 offerta a tutti coloro che vorranno fare visita alla Galleria Regionale di Palazzo Bellomo che, [&hellip;]<\/p>\n","protected":false},"author":18,"featured_media":7919,"comment_status":"open","ping_status":"open","sticky":false,"template":"","format":"standard","meta":[],"categories":[29,5435],"tags":[5839,5867,5866],"jetpack_featured_media_url":"https:\/\/www.sceltedigusto.it\/public\/wp-content\/uploads\/2014\/09\/limoni-grande.jpg","_links":{"self":[{"href":"https:\/\/www.sceltedigusto.it\/public\/wp-json\/wp\/v2\/posts\/7918"}],"collection":[{"href":"https:\/\/www.sceltedigusto.it\/public\/wp-json\/wp\/v2\/posts"}],"about":[{"href":"https:\/\/www.sceltedigusto.it\/public\/wp-json\/wp\/v2\/types\/post"}],"author":[{"embeddable":true,"href":"https:\/\/www.sceltedigusto.it\/public\/wp-json\/wp\/v2\/users\/18"}],"replies":[{"embeddable":true,"href":"https:\/\/www.sceltedigusto.it\/public\/wp-json\/wp\/v2\/comments?post=7918"}],"version-history":[{"count":1,"href":"https:\/\/www.sceltedigusto.it\/public\/wp-json\/wp\/v2\/posts\/7918\/revisions"}],"predecessor-version":[{"id":7922,"href":"https:\/\/www.sceltedigusto.it\/public\/wp-json\/wp\/v2\/posts\/7918\/revisions\/7922"}],"wp:featuredmedia":[{"embeddable":true,"href":"https:\/\/www.sceltedigusto.it\/public\/wp-json\/wp\/v2\/media\/7919"}],"wp:attachment":[{"href":"https:\/\/www.sceltedigusto.it\/public\/wp-json\/wp\/v2\/media?parent=7918"}],"wp:term":[{"taxonomy":"category","embeddable":true,"href":"https:\/\/www.sceltedigusto.it\/public\/wp-json\/wp\/v2\/categories?post=7918"},{"taxonomy":"post_tag","embeddable":true,"href":"https:\/\/www.sceltedigusto.it\/public\/wp-json\/wp\/v2\/tags?post=7918"}],"curies":[{"name":"wp","href":"https:\/\/api.w.org\/{rel}","templated":true}]}}