{"id":7403,"date":"2014-07-03T10:50:51","date_gmt":"2014-07-03T08:50:51","guid":{"rendered":"http:\/\/www.sceltedigusto.it\/public\/?p=7403"},"modified":"2014-07-03T11:02:58","modified_gmt":"2014-07-03T09:02:58","slug":"contest-girolio-del-ventennale-in-un-click","status":"publish","type":"post","link":"https:\/\/www.sceltedigusto.it\/public\/contest-girolio-del-ventennale-in-un-click\/","title":{"rendered":"Contest: Girolio del ventennale in un click."},"content":{"rendered":"<p><a href=\"http:\/\/www.sceltedigusto.it\/public\/wp-content\/uploads\/2014\/07\/GIROLIO_Ventennale_Instagram.jpg\"><img loading=\"lazy\" class=\"size-medium wp-image-7404 alignleft\" src=\"http:\/\/www.sceltedigusto.it\/public\/wp-content\/uploads\/2014\/07\/GIROLIO_Ventennale_Instagram-300x247.jpg\" alt=\"GIROLIO_Ventennale_Instagram\" width=\"300\" height=\"247\" srcset=\"https:\/\/www.sceltedigusto.it\/public\/wp-content\/uploads\/2014\/07\/GIROLIO_Ventennale_Instagram-300x247.jpg 300w, https:\/\/www.sceltedigusto.it\/public\/wp-content\/uploads\/2014\/07\/GIROLIO_Ventennale_Instagram-150x124.jpg 150w, https:\/\/www.sceltedigusto.it\/public\/wp-content\/uploads\/2014\/07\/GIROLIO_Ventennale_Instagram.jpg 500w\" sizes=\"(max-width: 300px) 100vw, 300px\" \/><\/a>Promuovere e valorizzare i territori olivicoli italiani con un click: l\u2019Associazione Nazionale Citt\u00e0 dell\u2019Olio in occasione del Girolio del Ventennale lancia un contest fotografico dedicato agli Instagramers di tutta Italia che, armati solo di uno smartphone, potranno immortalare e dunque promuovere in modo originale e divertente, il patrimonio olivicolo italiano, accendendo i riflettori su piccole e grandi realt\u00e0 produttive territoriali attraverso la pubblicazione degli scatti su una delle piattaforme social pi\u00f9 diffuse come Instagram.<\/p>\n<p>Il concorso \u00e8 aperto a tutti gli Igers d\u2019Italia. Partecipare \u00e8 semplice: basta scattare una foto a paesaggi, situazioni, luoghi &#8211; come i frantoi o i musei &#8211; saperi, mestieri o personaggi rappresentativi in una delle 350 Citt\u00e0 dell\u2019Olio distribuite per tutto lo Stivale a cui \u00e8 dedicato il Girolio del Ventennale. Condividerla poi sul profilo Instagram Cittadellolio con l\u2019hastag #Cittadellolio20 e attribuendo un nome al luogo in cui \u00e8 stata scattata. Il concorso terminer\u00e0 il 20 novembre 2014 e tutte le fotografie partecipanti saranno pubblicate nell\u2019album fotografico dedicato al contest #Cittadellolio20 sul profilo Facebook dell\u2019Associazione Nazionale Citt\u00e0 dell\u2019Olio per essere poi votate direttamente dal pubblico con il sistema dei \u201clikes\u201d.<\/p>\n<p>La foto pi\u00f9 votata sar\u00e0 premiata con la possibilit\u00e0 di partecipare all\u2019evento conclusivo delle celebrazioni per il Ventennale, che si terr\u00e0 il 30 novembre a Siena. In tale occasione sar\u00e0 allestita anche una mostra fotografica in cui saranno raccolti tutti gli scatti che, al termine del contest, saranno poi pubblicati sul portale \u2013 visitato ogni anno da oltre 4 milioni di utenti &#8211; dell\u2019Associazione Nazionale Citt\u00e0 dell\u2019Olio all\u2019interno di un ebook digitale. Per informazioni, visitare il sito www.cittadellolio.it.<\/p>\n","protected":false},"excerpt":{"rendered":"<p>Promuovere e valorizzare i territori olivicoli italiani con un click: l\u2019Associazione Nazionale Citt\u00e0 dell\u2019Olio in occasione del Girolio del Ventennale lancia un contest fotografico dedicato agli Instagramers di tutta Italia che, armati solo di uno smartphone, potranno immortalare e dunque promuovere in modo originale e divertente, il patrimonio olivicolo italiano, accendendo i riflettori su piccole [&hellip;]<\/p>\n","protected":false},"author":18,"featured_media":7404,"comment_status":"open","ping_status":"open","sticky":false,"template":"","format":"standard","meta":[],"categories":[4,29],"tags":[5742,5743],"jetpack_featured_media_url":"https:\/\/www.sceltedigusto.it\/public\/wp-content\/uploads\/2014\/07\/GIROLIO_Ventennale_Instagram.jpg","_links":{"self":[{"href":"https:\/\/www.sceltedigusto.it\/public\/wp-json\/wp\/v2\/posts\/7403"}],"collection":[{"href":"https:\/\/www.sceltedigusto.it\/public\/wp-json\/wp\/v2\/posts"}],"about":[{"href":"https:\/\/www.sceltedigusto.it\/public\/wp-json\/wp\/v2\/types\/post"}],"author":[{"embeddable":true,"href":"https:\/\/www.sceltedigusto.it\/public\/wp-json\/wp\/v2\/users\/18"}],"replies":[{"embeddable":true,"href":"https:\/\/www.sceltedigusto.it\/public\/wp-json\/wp\/v2\/comments?post=7403"}],"version-history":[{"count":1,"href":"https:\/\/www.sceltedigusto.it\/public\/wp-json\/wp\/v2\/posts\/7403\/revisions"}],"predecessor-version":[{"id":7405,"href":"https:\/\/www.sceltedigusto.it\/public\/wp-json\/wp\/v2\/posts\/7403\/revisions\/7405"}],"wp:featuredmedia":[{"embeddable":true,"href":"https:\/\/www.sceltedigusto.it\/public\/wp-json\/wp\/v2\/media\/7404"}],"wp:attachment":[{"href":"https:\/\/www.sceltedigusto.it\/public\/wp-json\/wp\/v2\/media?parent=7403"}],"wp:term":[{"taxonomy":"category","embeddable":true,"href":"https:\/\/www.sceltedigusto.it\/public\/wp-json\/wp\/v2\/categories?post=7403"},{"taxonomy":"post_tag","embeddable":true,"href":"https:\/\/www.sceltedigusto.it\/public\/wp-json\/wp\/v2\/tags?post=7403"}],"curies":[{"name":"wp","href":"https:\/\/api.w.org\/{rel}","templated":true}]}}