{"id":7343,"date":"2014-06-28T12:29:59","date_gmt":"2014-06-28T10:29:59","guid":{"rendered":"http:\/\/www.sceltedigusto.it\/public\/?p=7343"},"modified":"2014-06-28T12:32:20","modified_gmt":"2014-06-28T10:32:20","slug":"coeliac-does-it-better-la-seconda-edizione-del-concorso-fotografico-dedicato-al-senza-glutine","status":"publish","type":"post","link":"https:\/\/www.sceltedigusto.it\/public\/coeliac-does-it-better-la-seconda-edizione-del-concorso-fotografico-dedicato-al-senza-glutine\/","title":{"rendered":"Coeliac does it better. La seconda edizione del concorso fotografico dedicato al senza glutine"},"content":{"rendered":"<p style=\"font-family: arial,sans-serif; font-size: 12.727272033691406px; margin: 0px; padding: 0px 0px 10px; border: 0px; outline: 0px; vertical-align: baseline; background-image: initial; background-repeat: initial;\"><span style=\"font-size: 14.44444465637207px;\"><a href=\"http:\/\/www.sceltedigusto.it\/public\/wp-content\/uploads\/2014\/06\/copertina-concorso-2014-02.jpg\"><img loading=\"lazy\" class=\"wp-image-7344 alignleft\" src=\"http:\/\/www.sceltedigusto.it\/public\/wp-content\/uploads\/2014\/06\/copertina-concorso-2014-02-300x111.jpg\" alt=\"copertina fb\" width=\"417\" height=\"154\" srcset=\"https:\/\/www.sceltedigusto.it\/public\/wp-content\/uploads\/2014\/06\/copertina-concorso-2014-02-300x111.jpg 300w, https:\/\/www.sceltedigusto.it\/public\/wp-content\/uploads\/2014\/06\/copertina-concorso-2014-02-1024x378.jpg 1024w, https:\/\/www.sceltedigusto.it\/public\/wp-content\/uploads\/2014\/06\/copertina-concorso-2014-02.jpg 1500w\" sizes=\"(max-width: 417px) 100vw, 417px\" \/><\/a>Coeliac does it better. <\/span><span style=\"font-size: 14.44444465637207px;\">Ovvero, il celiaco lo fa meglio, il nuovo concorso fotografico di Nonsologlutine Onlus per la promozione dell&#8217;alimentazione naturalmente senza glutine. Il celiaco, infatti, per l\u2019attenzione necessaria che deve dedicare alla propria alimentazione, seleziona il meglio per s\u00e9, soprattutto se mangia naturalmente senza glutine. Quindi il celiaco mangia meglio, ma non \u00e8 l\u2019unica cosa in cui \u00e8 capace di dare il meglio di s\u00e9: ci sono tanti campioni dello sport celiaci, cos\u00ec come tanti artisti o studiosi, ma anche gente <i>della porta accanto<\/i>, che quotidianamente sceglie un&#8217;alimentazione naturalmente priva di glutine. <a href=\"http:\/\/www.sceltedigusto.it\/public\/wp-content\/uploads\/2014\/06\/coeliac-sfondo-nero-quadrato-02.jpg\"><img loading=\"lazy\" class=\" wp-image-7345 alignright\" src=\"http:\/\/www.sceltedigusto.it\/public\/wp-content\/uploads\/2014\/06\/coeliac-sfondo-nero-quadrato-02-300x300.jpg\" alt=\"coeliac\" width=\"246\" height=\"246\" srcset=\"https:\/\/www.sceltedigusto.it\/public\/wp-content\/uploads\/2014\/06\/coeliac-sfondo-nero-quadrato-02-300x300.jpg 300w, https:\/\/www.sceltedigusto.it\/public\/wp-content\/uploads\/2014\/06\/coeliac-sfondo-nero-quadrato-02-1024x1024.jpg 1024w, https:\/\/www.sceltedigusto.it\/public\/wp-content\/uploads\/2014\/06\/coeliac-sfondo-nero-quadrato-02-150x150.jpg 150w, https:\/\/www.sceltedigusto.it\/public\/wp-content\/uploads\/2014\/06\/coeliac-sfondo-nero-quadrato-02-768x768.jpg 768w, https:\/\/www.sceltedigusto.it\/public\/wp-content\/uploads\/2014\/06\/coeliac-sfondo-nero-quadrato-02-696x696.jpg 696w, https:\/\/www.sceltedigusto.it\/public\/wp-content\/uploads\/2014\/06\/coeliac-sfondo-nero-quadrato-02-1068x1068.jpg 1068w, https:\/\/www.sceltedigusto.it\/public\/wp-content\/uploads\/2014\/06\/coeliac-sfondo-nero-quadrato-02-420x420.jpg 420w, https:\/\/www.sceltedigusto.it\/public\/wp-content\/uploads\/2014\/06\/coeliac-sfondo-nero-quadrato-02-210x210.jpg 210w, https:\/\/www.sceltedigusto.it\/public\/wp-content\/uploads\/2014\/06\/coeliac-sfondo-nero-quadrato-02.jpg 1400w\" sizes=\"(max-width: 246px) 100vw, 246px\" \/><\/a>Con la seconda edizione del concorso fotografico &#8220;<\/span>Coeliac does it bette&#8221;, patrocinata quest&#8217;anno dall&#8217;Expo 2015, vuole <span style=\"font-size: 14.44444465637207px;\">mettere il luce anche il pi\u00f9 semplice gesto quotidiano in cui si pu\u00f2 affermare che il celiaco lo fa meglio, fissandolo con uno scatto fotografico amatoriale. <\/span><span style=\"color: #555e58; font-family: Open Sans,Arial,sans-serif;\"><span style=\"font-size: 14.44444465637207px; line-height: 24px;\">Il concorso si articoler\u00e0 in una prima fase on line <\/span><\/span><span style=\"color: #555e58; font-family: 'Open Sans',Arial,sans-serif; font-size: 14.545454025268555px; line-height: 24px;\">dal 9 giugno al 15 settembre<\/span><span style=\"color: #555e58; font-family: Open Sans,Arial,sans-serif;\"><span style=\"font-size: 14.44444465637207px; line-height: 24px;\"> aperta al voto del pubblico attraverso il sito e la pagina Facebook di Nonsologlutine, ed in una seconda fase in cui una<\/span><span style=\"font-size: 14.545454025268555px; line-height: 24px;\"> commissione esaminatrice di esperti sceglier\u00e0 quale fotografia, tra le 20 pi\u00f9 votate dal <\/span><\/span><span style=\"font-size: 14.545454025268555px; line-height: 24px; color: #555e58; font-family: 'Open Sans',Arial,sans-serif;\">pubblico, sar\u00e0 proclamata vincitrice.La premiazione avverr\u00e0 <\/span><span style=\"color: #555e58; font-family: Open Sans,Arial,sans-serif;\"><span style=\"font-size: 14.545454025268555px; line-height: 24px;\">a Rimini durante lo svolgimento della <\/span><\/span><span style=\"font-size: 14.545454025268555px; line-height: 24px; color: #555e58; font-family: 'Open Sans',Arial,sans-serif;\">manifestazione internazionale Gluten Free Expo, che si terr\u00e0 dal 14 al 17 novembre <\/span><span style=\"font-size: 14.545454025268555px; line-height: 24px; color: #555e58; font-family: 'Open Sans',Arial,sans-serif;\">2014.<\/span><span style=\"color: #555e58; font-family: Open Sans,Arial,sans-serif;\"><span style=\"font-size: 14.545454025268555px; line-height: 24px;\">In premio l&#8217;uso &#8211; con citazione dell&#8217;autore &#8211; della foto vincitrice nella compagna comunicazione 2015 di Nonsologlutine e una selezione di prodotti naturalmente senza glutine.<\/span><\/span><\/p>\n<p style=\"font-family: arial,sans-serif; font-size: 12.727272033691406px; margin: 0px; padding: 0px 0px 10px; border: 0px; outline: 0px; vertical-align: baseline; background-image: initial; background-repeat: initial;\"><span style=\"color: #555e58; font-family: Open Sans,Arial,sans-serif;\"><span style=\"font-size: 14.545454025268555px; line-height: 24px;\">Per tutti i dettagli ed il regolamento completo \u00e8 possibile consultare la pagina <a href=\"http:\/\/www.nonsologlutine.it\/concorsofotografico\/\" target=\"_blank\">www.nonsologlutine.it\/concorsofotografico\/<\/a><\/span><\/span><\/p>\n<p style=\"font-family: arial,sans-serif; font-size: 12.727272033691406px; margin: 0px; padding: 0px 0px 10px; border: 0px; outline: 0px; vertical-align: baseline; background-image: initial; background-repeat: initial;\"><span style=\"color: #555e58; font-family: Open Sans,Arial,sans-serif;\"><span style=\"font-size: 14.545454025268555px; line-height: 24px;\"><br \/>\n<\/span><\/span><\/p>\n","protected":false},"excerpt":{"rendered":"<p>Coeliac does it better. Ovvero, il celiaco lo fa meglio, il nuovo concorso fotografico di Nonsologlutine Onlus per la promozione dell&#8217;alimentazione naturalmente senza glutine. Il celiaco, infatti, per l\u2019attenzione necessaria che deve dedicare alla propria alimentazione, seleziona il meglio per s\u00e9, soprattutto se mangia naturalmente senza glutine. Quindi il celiaco mangia meglio, ma non \u00e8 [&hellip;]<\/p>\n","protected":false},"author":18,"featured_media":7345,"comment_status":"open","ping_status":"open","sticky":false,"template":"","format":"standard","meta":[],"categories":[4,29],"tags":[],"jetpack_featured_media_url":"https:\/\/www.sceltedigusto.it\/public\/wp-content\/uploads\/2014\/06\/coeliac-sfondo-nero-quadrato-02.jpg","_links":{"self":[{"href":"https:\/\/www.sceltedigusto.it\/public\/wp-json\/wp\/v2\/posts\/7343"}],"collection":[{"href":"https:\/\/www.sceltedigusto.it\/public\/wp-json\/wp\/v2\/posts"}],"about":[{"href":"https:\/\/www.sceltedigusto.it\/public\/wp-json\/wp\/v2\/types\/post"}],"author":[{"embeddable":true,"href":"https:\/\/www.sceltedigusto.it\/public\/wp-json\/wp\/v2\/users\/18"}],"replies":[{"embeddable":true,"href":"https:\/\/www.sceltedigusto.it\/public\/wp-json\/wp\/v2\/comments?post=7343"}],"version-history":[{"count":1,"href":"https:\/\/www.sceltedigusto.it\/public\/wp-json\/wp\/v2\/posts\/7343\/revisions"}],"predecessor-version":[{"id":7346,"href":"https:\/\/www.sceltedigusto.it\/public\/wp-json\/wp\/v2\/posts\/7343\/revisions\/7346"}],"wp:featuredmedia":[{"embeddable":true,"href":"https:\/\/www.sceltedigusto.it\/public\/wp-json\/wp\/v2\/media\/7345"}],"wp:attachment":[{"href":"https:\/\/www.sceltedigusto.it\/public\/wp-json\/wp\/v2\/media?parent=7343"}],"wp:term":[{"taxonomy":"category","embeddable":true,"href":"https:\/\/www.sceltedigusto.it\/public\/wp-json\/wp\/v2\/categories?post=7343"},{"taxonomy":"post_tag","embeddable":true,"href":"https:\/\/www.sceltedigusto.it\/public\/wp-json\/wp\/v2\/tags?post=7343"}],"curies":[{"name":"wp","href":"https:\/\/api.w.org\/{rel}","templated":true}]}}