{"id":7163,"date":"2014-05-16T16:33:17","date_gmt":"2014-05-16T14:33:17","guid":{"rendered":"http:\/\/www.sceltedigusto.it\/public\/?p=7163"},"modified":"2014-05-16T16:33:17","modified_gmt":"2014-05-16T14:33:17","slug":"andrea-scanzi-ambasciatore-del-gusto-a-castelbuono","status":"publish","type":"post","link":"https:\/\/www.sceltedigusto.it\/public\/andrea-scanzi-ambasciatore-del-gusto-a-castelbuono\/","title":{"rendered":"Andrea Scanzi, ambasciatore del gusto a Castelbuono"},"content":{"rendered":"<p><a href=\"http:\/\/www.sceltedigusto.it\/public\/wp-content\/uploads\/2014\/05\/andrea-scanzi.jpg\"><img loading=\"lazy\" class=\"size-medium wp-image-7164 alignleft\" src=\"http:\/\/www.sceltedigusto.it\/public\/wp-content\/uploads\/2014\/05\/andrea-scanzi-212x300.jpg\" alt=\"andrea scanzi\" width=\"212\" height=\"300\" srcset=\"https:\/\/www.sceltedigusto.it\/public\/wp-content\/uploads\/2014\/05\/andrea-scanzi-212x300.jpg 212w, https:\/\/www.sceltedigusto.it\/public\/wp-content\/uploads\/2014\/05\/andrea-scanzi-723x1024.jpg 723w\" sizes=\"(max-width: 212px) 100vw, 212px\" \/><\/a>Arriva una partecipazione di prestigio per il DiVino Festival edizione 2014. Evento dedicato alle bellezze e bont\u00e0 enogastronomiche ,quest&#8217;anno si svolger\u00e0, dal 31 luglio al 3 agosto 2014.<br \/>\nCome di consueto l\u2019evento sar\u00e0 accolto tra le mura e le piazze di Castelbuono, in un connubio di degustazioni, musica e spettacoli, con interessanti convegni sull\u2019enologia, premi prestigiosi, fiera e ospiti d\u2019eccezione. Andrea Scanzi ricever\u00e0 il premio come Ambasciatore del gusto, infatti<br \/>\nla celebre firma de La Stampa e del Fatto Quotidiano, non si occupa solo di cultura, sport, politica ma anche di enogastronomia. Egli infatti ha gi\u00e0 all\u2019attivo due pubblicazioni per Mondadori, sul<br \/>\nmondo del vino, la prima \u201cElogio dell\u2019invecchiamento\u201c, alla scoperta dei dieci migliori vini italiani(e di tutti i trucchi dei veri sommelier), e del 2010 \u201cIl vino degli altri\u201d.<br \/>\nGiornalista dal 1997 ha cominciato al Mucchio Selvaggio. Negli anni ha scritto per Il Manifesto, Il Riformista, L\u2019Espresso, Rigore, MicroMega,Tennis Magazine, etc. Dal 2005 al 2011 ha firmato su La Stampa. Da alcuni anni \u00e8 definitivamente passato al Fatto Quotidiano. Ha vinto diversi premi:<br \/>\n<a href=\"http:\/\/www.sceltedigusto.it\/public\/wp-content\/uploads\/2014\/05\/scanzi.jpg\"><img loading=\"lazy\" class=\"size-full wp-image-7165 alignright\" src=\"http:\/\/www.sceltedigusto.it\/public\/wp-content\/uploads\/2014\/05\/scanzi.jpg\" alt=\"scanzi\" width=\"300\" height=\"206\" srcset=\"https:\/\/www.sceltedigusto.it\/public\/wp-content\/uploads\/2014\/05\/scanzi.jpg 300w, https:\/\/www.sceltedigusto.it\/public\/wp-content\/uploads\/2014\/05\/scanzi-150x103.jpg 150w, https:\/\/www.sceltedigusto.it\/public\/wp-content\/uploads\/2014\/05\/scanzi-218x150.jpg 218w, https:\/\/www.sceltedigusto.it\/public\/wp-content\/uploads\/2014\/05\/scanzi-100x70.jpg 100w\" sizes=\"(max-width: 300px) 100vw, 300px\" \/><\/a>Sporterme 2003, Coni 2005, Durruti 2010. Le due pubblicazioni lo hanno portato a essere un addetto ai lavori del mondo del vino, ed \u00e8 per questo che ricever\u00e0 il premio al nostro festival. Andrea cura un blog con l\u2019omonimo titolo del suo secondo libro \u201cIl Vino Degli Altri\u201d dove parla di enogastronomia. Soprattutto vino, ma non solo.<\/p>\n<p>\u00abCome sono i vini degli altri? Di cosa sanno, cosa rappresentano, cosa comunicano? \u00bb \u00c8 questo il quesito di fondo che si chiede Andrea nel suo libro, ed \u00e8 quello che ci chiediamo anche noi del Divino Festival. Mai personaggio fu pi\u00f9 adatto per ricevere il Premio Internazionale Enogastronomico, \u201cGusto DiVino\u201d. Anche questa nuova edizione comincia con personaggi unici nel loro genere, che ci sapranno affascinare come non mai.<\/p>\n","protected":false},"excerpt":{"rendered":"<p>Arriva una partecipazione di prestigio per il DiVino Festival edizione 2014. Evento dedicato alle bellezze e bont\u00e0 enogastronomiche ,quest&#8217;anno si svolger\u00e0, dal 31 luglio al 3 agosto 2014. Come di consueto l\u2019evento sar\u00e0 accolto tra le mura e le piazze di Castelbuono, in un connubio di degustazioni, musica e spettacoli, con interessanti convegni sull\u2019enologia, premi [&hellip;]<\/p>\n","protected":false},"author":18,"featured_media":7165,"comment_status":"open","ping_status":"open","sticky":false,"template":"","format":"standard","meta":[],"categories":[29],"tags":[],"jetpack_featured_media_url":"https:\/\/www.sceltedigusto.it\/public\/wp-content\/uploads\/2014\/05\/scanzi.jpg","_links":{"self":[{"href":"https:\/\/www.sceltedigusto.it\/public\/wp-json\/wp\/v2\/posts\/7163"}],"collection":[{"href":"https:\/\/www.sceltedigusto.it\/public\/wp-json\/wp\/v2\/posts"}],"about":[{"href":"https:\/\/www.sceltedigusto.it\/public\/wp-json\/wp\/v2\/types\/post"}],"author":[{"embeddable":true,"href":"https:\/\/www.sceltedigusto.it\/public\/wp-json\/wp\/v2\/users\/18"}],"replies":[{"embeddable":true,"href":"https:\/\/www.sceltedigusto.it\/public\/wp-json\/wp\/v2\/comments?post=7163"}],"version-history":[{"count":1,"href":"https:\/\/www.sceltedigusto.it\/public\/wp-json\/wp\/v2\/posts\/7163\/revisions"}],"predecessor-version":[{"id":7166,"href":"https:\/\/www.sceltedigusto.it\/public\/wp-json\/wp\/v2\/posts\/7163\/revisions\/7166"}],"wp:featuredmedia":[{"embeddable":true,"href":"https:\/\/www.sceltedigusto.it\/public\/wp-json\/wp\/v2\/media\/7165"}],"wp:attachment":[{"href":"https:\/\/www.sceltedigusto.it\/public\/wp-json\/wp\/v2\/media?parent=7163"}],"wp:term":[{"taxonomy":"category","embeddable":true,"href":"https:\/\/www.sceltedigusto.it\/public\/wp-json\/wp\/v2\/categories?post=7163"},{"taxonomy":"post_tag","embeddable":true,"href":"https:\/\/www.sceltedigusto.it\/public\/wp-json\/wp\/v2\/tags?post=7163"}],"curies":[{"name":"wp","href":"https:\/\/api.w.org\/{rel}","templated":true}]}}