{"id":7147,"date":"2014-05-15T08:47:53","date_gmt":"2014-05-15T06:47:53","guid":{"rendered":"http:\/\/www.sceltedigusto.it\/public\/?p=7147"},"modified":"2014-05-22T11:37:43","modified_gmt":"2014-05-22T09:37:43","slug":"lo-chef-davide-darcamo-presenta-il-suo-nuovo-libro-a-palermo","status":"publish","type":"post","link":"https:\/\/www.sceltedigusto.it\/public\/lo-chef-davide-darcamo-presenta-il-suo-nuovo-libro-a-palermo\/","title":{"rendered":"Lo Chef Davide D&#8217;Arcamo presenta il suo nuovo libro a Palermo"},"content":{"rendered":"<p><a href=\"http:\/\/www.sceltedigusto.it\/public\/wp-content\/uploads\/2014\/05\/libro.jpg\"><img loading=\"lazy\" class=\"wp-image-7149 alignleft\" src=\"http:\/\/www.sceltedigusto.it\/public\/wp-content\/uploads\/2014\/05\/libro.jpg\" alt=\"libro\" width=\"171\" height=\"220\" \/><\/a>La cucina \u00e8 sempre pi\u00f9 di moda e sono sempre pi\u00f9 gli Chef che, oltre a dedicarsi alla meravigliosa arte della cucina, decidono di tramandare in modo tradizionale la loro conoscenza: pubblicando quindi dei libri. In un&#8217;era tecnologica, in cui le informazioni corrono veloci sul web e sui canali televisivi, il piacere di sfogliare un libri resiste ancora. Ed ecco che, oggi pi\u00f9 che mai, \u00e8 possibile crearsi una piccola biblioteca culinaria e del buon gusto. Un appuntamento imperdibile per tutti i golosi, ma anche per tutti coloro i quali vogliono imparare non soltanto a cucinare, ma anche a farlo bene ed in maniera sana, \u00e8 fissato per oggi 15 maggio alle ore 17.00 presso la libreria Mondadori di via Ruggero Settimo 16 a Palermo, dove lo Chef Davide D&#8217;Arcamo incontrer\u00e0 i suoi lettori per presentare il suo libro &#8220;CUCINA BIOLOGICA RICETTE TRA TERRA E SOLE&#8221;. <a href=\"http:\/\/www.sceltedigusto.it\/public\/wp-content\/uploads\/2014\/05\/davide-d-arcamo-cuoco-556x400.png\"><img loading=\"lazy\" class=\" wp-image-7150 alignright\" src=\"http:\/\/www.sceltedigusto.it\/public\/wp-content\/uploads\/2014\/05\/davide-d-arcamo-cuoco-556x400-300x215.png\" alt=\"davide-d-arcamo-cuoco-556x400\" width=\"230\" height=\"165\" \/><\/a><\/p>\n<p>La sua ultima fatica letteraria a distanza di 3 anni dall&#8217;ultimo lavoro &#8220;Cucina Siciliana&#8221; Davide D&#8217;Arcamo racconta l&#8217;importanza dell&#8217;utilizzo della materia prima legata alla nostra salute, e soprattutto ci aiuta a capire come nasce un prodotto biologico e come e dove acquistarlo. Alla Presentazione parteciperanno moltissimi ospiti e tra i relatori Il noto giornalista scrittore Daniele Billitteri ,la nota cantante popolare Sara Cappello, la nota presentatrice Alba Parrino, l&#8217;editore Armando Siciliano .<\/p>\n","protected":false},"excerpt":{"rendered":"<p>La cucina \u00e8 sempre pi\u00f9 di moda e sono sempre pi\u00f9 gli Chef che, oltre a dedicarsi alla meravigliosa arte della cucina, decidono di tramandare in modo tradizionale la loro conoscenza: pubblicando quindi dei libri. In un&#8217;era tecnologica, in cui le informazioni corrono veloci sul web e sui canali televisivi, il piacere di sfogliare un [&hellip;]<\/p>\n","protected":false},"author":18,"featured_media":7150,"comment_status":"open","ping_status":"open","sticky":false,"template":"","format":"standard","meta":[],"categories":[8],"tags":[5711,5712],"jetpack_featured_media_url":"https:\/\/www.sceltedigusto.it\/public\/wp-content\/uploads\/2014\/05\/davide-d-arcamo-cuoco-556x400.png","_links":{"self":[{"href":"https:\/\/www.sceltedigusto.it\/public\/wp-json\/wp\/v2\/posts\/7147"}],"collection":[{"href":"https:\/\/www.sceltedigusto.it\/public\/wp-json\/wp\/v2\/posts"}],"about":[{"href":"https:\/\/www.sceltedigusto.it\/public\/wp-json\/wp\/v2\/types\/post"}],"author":[{"embeddable":true,"href":"https:\/\/www.sceltedigusto.it\/public\/wp-json\/wp\/v2\/users\/18"}],"replies":[{"embeddable":true,"href":"https:\/\/www.sceltedigusto.it\/public\/wp-json\/wp\/v2\/comments?post=7147"}],"version-history":[{"count":1,"href":"https:\/\/www.sceltedigusto.it\/public\/wp-json\/wp\/v2\/posts\/7147\/revisions"}],"predecessor-version":[{"id":7151,"href":"https:\/\/www.sceltedigusto.it\/public\/wp-json\/wp\/v2\/posts\/7147\/revisions\/7151"}],"wp:featuredmedia":[{"embeddable":true,"href":"https:\/\/www.sceltedigusto.it\/public\/wp-json\/wp\/v2\/media\/7150"}],"wp:attachment":[{"href":"https:\/\/www.sceltedigusto.it\/public\/wp-json\/wp\/v2\/media?parent=7147"}],"wp:term":[{"taxonomy":"category","embeddable":true,"href":"https:\/\/www.sceltedigusto.it\/public\/wp-json\/wp\/v2\/categories?post=7147"},{"taxonomy":"post_tag","embeddable":true,"href":"https:\/\/www.sceltedigusto.it\/public\/wp-json\/wp\/v2\/tags?post=7147"}],"curies":[{"name":"wp","href":"https:\/\/api.w.org\/{rel}","templated":true}]}}