{"id":7097,"date":"2014-05-08T11:29:48","date_gmt":"2014-05-08T09:29:48","guid":{"rendered":"http:\/\/www.sceltedigusto.it\/public\/?p=7097"},"modified":"2014-05-08T11:29:48","modified_gmt":"2014-05-08T09:29:48","slug":"a-roma-la-seconda-edizione-dello-spring-beer-festival-fiera-della-birra-artigianale-e-dei-sapori","status":"publish","type":"post","link":"https:\/\/www.sceltedigusto.it\/public\/a-roma-la-seconda-edizione-dello-spring-beer-festival-fiera-della-birra-artigianale-e-dei-sapori\/","title":{"rendered":"A Roma la seconda edizione dello Spring Beer Festival, Fiera della birra artigianale e dei sapori."},"content":{"rendered":"<p><a href=\"http:\/\/www.sceltedigusto.it\/public\/wp-content\/uploads\/2014\/05\/beer_festival.jpg\"><img loading=\"lazy\" class=\"size-medium wp-image-7098 alignleft\" src=\"http:\/\/www.sceltedigusto.it\/public\/wp-content\/uploads\/2014\/05\/beer_festival-300x200.jpg\" alt=\"beer_festival\" width=\"300\" height=\"200\" \/><\/a>Dopo il grande successo dell\u2019anno scorso che ha visto oltre 20 mila partecipanti lo Spring Beer Festival torna a Testaccio e si tinge di bio. La birra artigianale, lo street food a km 0, la sostenibilit\u00e0 sono le novit\u00e0 di questa seconda edizione dello Spring Beer Festival, Fiera della Birra Artigianale e dei Sapori che si svolger\u00e0 dal 15 al 18 maggio 2014 presso la Citt\u00e0 dell\u2019Altra Economia (Ex Mattatoio, Largo Dino Frisullo Roma) . E anche per quest\u2019anno confermato l\u2019ingresso gratuito<br \/>\n<a href=\"http:\/\/www.sceltedigusto.it\/public\/wp-content\/uploads\/2014\/05\/locandina_small_spring_2014.jpg\"><img loading=\"lazy\" class=\"size-medium wp-image-7099 alignright\" src=\"http:\/\/www.sceltedigusto.it\/public\/wp-content\/uploads\/2014\/05\/locandina_small_spring_2014-300x160.jpg\" alt=\"locandina_small_spring_2014\" width=\"300\" height=\"160\" srcset=\"https:\/\/www.sceltedigusto.it\/public\/wp-content\/uploads\/2014\/05\/locandina_small_spring_2014-300x160.jpg 300w, https:\/\/www.sceltedigusto.it\/public\/wp-content\/uploads\/2014\/05\/locandina_small_spring_2014-1024x546.jpg 1024w\" sizes=\"(max-width: 300px) 100vw, 300px\" \/><\/a>Una vera non stop dedicata agli amanti della birra (gioved\u00ec 15 maggio e venerd\u00ec 16 maggio 18.00\/02.00, sabato 17 maggio 14.00\/02.00, domenica 18 maggio 14.00\/24.00) organizzata da Beerstyle Beershop, Maltese Pub Birroteca e Arrosticini Tornese con la preziosa collaborazione di tutto lo staff della Citt\u00e0 dell\u2019Altra Economia.<br \/>\nSaranno presenti oltre 20 birrifici artigianali italiani e stranieri. La parola d\u2019ordine \u00e8 bio: alcuni porteranno birre certificate biologiche, altri birre che contengono comunque materie prime a km0. <a href=\"http:\/\/www.sceltedigusto.it\/public\/wp-content\/uploads\/2014\/05\/spring-folla.jpg\"><img loading=\"lazy\" class=\" wp-image-7100 alignleft\" src=\"http:\/\/www.sceltedigusto.it\/public\/wp-content\/uploads\/2014\/05\/spring-folla-300x225.jpg\" alt=\"spring folla\" width=\"227\" height=\"170\" srcset=\"https:\/\/www.sceltedigusto.it\/public\/wp-content\/uploads\/2014\/05\/spring-folla-300x225.jpg 300w, https:\/\/www.sceltedigusto.it\/public\/wp-content\/uploads\/2014\/05\/spring-folla.jpg 720w\" sizes=\"(max-width: 227px) 100vw, 227px\" \/><\/a>Per i celiaci birre senza glutine. Molti nomi importanti dal mondo brassicolo italiano fra cui Birrificio degli Archi, Opperbacco\/Casa di Cura, Croce di Malto, Birrone, Buttiga, Birrificio del Ducato, Elav, Eramo, HIBU, Piccolo Lab, Piccolo Birrificio Clandestino, Troll, White Dog Brewery. Nutrita la rappresentanza laziale: circa la met\u00e0 dei birrifici presenti arriva infatti dalla nostra regione come Birrificio Aurelio, Birradamare, Revelation Cat, Birrificio Pontino, Turbacci, Free Lions. Senza dimenticare l\u2019ultima nata, la beer firm ECB. Dalla Svizzera il birrificio Bad Attitude.<br \/>\n<a href=\"http:\/\/www.sceltedigusto.it\/public\/wp-content\/uploads\/2014\/05\/presi-per-caso.jpg\"><img loading=\"lazy\" class=\" wp-image-7101 alignright\" src=\"http:\/\/www.sceltedigusto.it\/public\/wp-content\/uploads\/2014\/05\/presi-per-caso-224x300.jpg\" alt=\"presi per caso\" width=\"155\" height=\"208\" srcset=\"https:\/\/www.sceltedigusto.it\/public\/wp-content\/uploads\/2014\/05\/presi-per-caso-224x300.jpg 224w, https:\/\/www.sceltedigusto.it\/public\/wp-content\/uploads\/2014\/05\/presi-per-caso.jpg 717w\" sizes=\"(max-width: 155px) 100vw, 155px\" \/><\/a>Per far conoscere pi\u00f9 da vicino lo straordinario mondo della birra artigianale \u00e8 previsti ogni giorno un laboratorio di avvicinamento alla birra artigianale a cura di Beerstyle.<\/p>\n<p>Non mancher\u00e0 lo street food di qualit\u00e0 e a km0. Gli arrosticini Abruzzesi dell\u2019azienda Tornese, Pizza&amp;Mortazza propone un grande classico della tradizione romana: pizza e mortadella. Cibo bio e sapori della terra nello stand curato da Caff\u00e8 Boario e dalla Citt\u00e0 dell\u2019Altra Economia.<\/p>\n<p>Previsti concerti di band del panorama musicale laziale. Qualche esempio? I Presi per caso, band rock formata da detenuti, ex detenuti e non detenuti. E poi la musica irlandese dei The Shire, inoltre la band romana Tre Che vedono il re.<\/p>\n","protected":false},"excerpt":{"rendered":"<p>Dopo il grande successo dell\u2019anno scorso che ha visto oltre 20 mila partecipanti lo Spring Beer Festival torna a Testaccio e si tinge di bio. La birra artigianale, lo street food a km 0, la sostenibilit\u00e0 sono le novit\u00e0 di questa seconda edizione dello Spring Beer Festival, Fiera della Birra Artigianale e dei Sapori che [&hellip;]<\/p>\n","protected":false},"author":18,"featured_media":7098,"comment_status":"open","ping_status":"open","sticky":false,"template":"","format":"standard","meta":[],"categories":[29],"tags":[],"jetpack_featured_media_url":"https:\/\/www.sceltedigusto.it\/public\/wp-content\/uploads\/2014\/05\/beer_festival.jpg","_links":{"self":[{"href":"https:\/\/www.sceltedigusto.it\/public\/wp-json\/wp\/v2\/posts\/7097"}],"collection":[{"href":"https:\/\/www.sceltedigusto.it\/public\/wp-json\/wp\/v2\/posts"}],"about":[{"href":"https:\/\/www.sceltedigusto.it\/public\/wp-json\/wp\/v2\/types\/post"}],"author":[{"embeddable":true,"href":"https:\/\/www.sceltedigusto.it\/public\/wp-json\/wp\/v2\/users\/18"}],"replies":[{"embeddable":true,"href":"https:\/\/www.sceltedigusto.it\/public\/wp-json\/wp\/v2\/comments?post=7097"}],"version-history":[{"count":1,"href":"https:\/\/www.sceltedigusto.it\/public\/wp-json\/wp\/v2\/posts\/7097\/revisions"}],"predecessor-version":[{"id":7102,"href":"https:\/\/www.sceltedigusto.it\/public\/wp-json\/wp\/v2\/posts\/7097\/revisions\/7102"}],"wp:featuredmedia":[{"embeddable":true,"href":"https:\/\/www.sceltedigusto.it\/public\/wp-json\/wp\/v2\/media\/7098"}],"wp:attachment":[{"href":"https:\/\/www.sceltedigusto.it\/public\/wp-json\/wp\/v2\/media?parent=7097"}],"wp:term":[{"taxonomy":"category","embeddable":true,"href":"https:\/\/www.sceltedigusto.it\/public\/wp-json\/wp\/v2\/categories?post=7097"},{"taxonomy":"post_tag","embeddable":true,"href":"https:\/\/www.sceltedigusto.it\/public\/wp-json\/wp\/v2\/tags?post=7097"}],"curies":[{"name":"wp","href":"https:\/\/api.w.org\/{rel}","templated":true}]}}