{"id":6962,"date":"2014-04-25T07:29:05","date_gmt":"2014-04-25T05:29:05","guid":{"rendered":"http:\/\/www.sceltedigusto.it\/public\/?p=6962"},"modified":"2014-04-25T07:29:05","modified_gmt":"2014-04-25T05:29:05","slug":"slow-food-il-tar-del-lazio-boccia-gli-ogm","status":"publish","type":"post","link":"https:\/\/www.sceltedigusto.it\/public\/slow-food-il-tar-del-lazio-boccia-gli-ogm\/","title":{"rendered":"Slow Food: il Tar del Lazio boccia gli Ogm."},"content":{"rendered":"<p><a href=\"http:\/\/www.sceltedigusto.it\/public\/wp-content\/uploads\/2014\/04\/burdese.jpg\"><img loading=\"lazy\" class=\"size-full wp-image-6963 alignleft\" src=\"http:\/\/www.sceltedigusto.it\/public\/wp-content\/uploads\/2014\/04\/burdese.jpg\" alt=\"burdese\" width=\"275\" height=\"188\" srcset=\"https:\/\/www.sceltedigusto.it\/public\/wp-content\/uploads\/2014\/04\/burdese.jpg 275w, https:\/\/www.sceltedigusto.it\/public\/wp-content\/uploads\/2014\/04\/burdese-150x103.jpg 150w, https:\/\/www.sceltedigusto.it\/public\/wp-content\/uploads\/2014\/04\/burdese-218x150.jpg 218w\" sizes=\"(max-width: 275px) 100vw, 275px\" \/><\/a>Per quest\u2019anno la semina \u00e8 al sicuro da rischi di contaminazioni e l\u2019agricoltura italiana rimane libera d Ogm. Il Tar del Lazio ha infatti bocciato il ricorso contro il decreto interministeriale che vieta su tutto il territorio nazionale la semina di mais Mon810, l\u2019unica variet\u00e0 geneticamente modificata di cui oggi \u00e8 ammessa la semina nell\u2019Unione Europea.<\/p>\n<p>Una sentenza importante che, oltre a ribadire il divieto, accoglie le istanze di tre ministeri e moltissime associazioni di categoria, ambientaliste, culturali, e soprattutto della stragrande maggioranza degli italiani che non voglio gli Ogm. Risultato frutto di una grande mobilitazione che ha coinvolto ogni angolo della nostra penisola.<\/p>\n<p>\u00abPer quest\u2019anno l\u2019agricoltura italiana rimane libera da Ogm. Le nostre colture non correranno il rischio di contaminazioni e anche il settore del biologico pu\u00f2 tirare un sospiro di sollievo. Ma attenzione, bisogna che il Governo intervenga al pi\u00f9 presto perch\u00e9 il decreto in questione, risalente a luglio 2013, per la semina del 2015 non sar\u00e0 pi\u00f9 valido.<\/p>\n<p><a href=\"http:\/\/www.sceltedigusto.it\/public\/wp-content\/uploads\/2014\/04\/slow-food1.jpg\"><img loading=\"lazy\" class=\"wp-image-6964 alignright\" src=\"http:\/\/www.sceltedigusto.it\/public\/wp-content\/uploads\/2014\/04\/slow-food1-300x225.jpg\" alt=\"slow food\" width=\"204\" height=\"153\" srcset=\"https:\/\/www.sceltedigusto.it\/public\/wp-content\/uploads\/2014\/04\/slow-food1-300x225.jpg 300w, https:\/\/www.sceltedigusto.it\/public\/wp-content\/uploads\/2014\/04\/slow-food1.jpg 800w\" sizes=\"(max-width: 204px) 100vw, 204px\" \/><\/a><\/p>\n<p>Ci aspettiamo anche un chiarimento sul tema delle sanzioni per chi dovesse violare il divieto sancito dal decreto in oggetto. Il Governo italiano ha ora una splendida occasione che va oltre i confini della nostra penisola: durante il nostro semestre di presidenza dell\u2019UE deve andare in porto la modifica della direttiva per consentire \u2013 senza vincoli e trappole \u2013 il libero arbitrio agli stati membri in tema di Ogm\u00bb dichiara Roberto Burdese, presidente di Slow Food Italia.<\/p>\n","protected":false},"excerpt":{"rendered":"<p>Per quest\u2019anno la semina \u00e8 al sicuro da rischi di contaminazioni e l\u2019agricoltura italiana rimane libera d Ogm. Il Tar del Lazio ha infatti bocciato il ricorso contro il decreto interministeriale che vieta su tutto il territorio nazionale la semina di mais Mon810, l\u2019unica variet\u00e0 geneticamente modificata di cui oggi \u00e8 ammessa la semina nell\u2019Unione [&hellip;]<\/p>\n","protected":false},"author":18,"featured_media":6963,"comment_status":"open","ping_status":"open","sticky":false,"template":"","format":"standard","meta":[],"categories":[4],"tags":[5659,3031,232],"jetpack_featured_media_url":"https:\/\/www.sceltedigusto.it\/public\/wp-content\/uploads\/2014\/04\/burdese.jpg","_links":{"self":[{"href":"https:\/\/www.sceltedigusto.it\/public\/wp-json\/wp\/v2\/posts\/6962"}],"collection":[{"href":"https:\/\/www.sceltedigusto.it\/public\/wp-json\/wp\/v2\/posts"}],"about":[{"href":"https:\/\/www.sceltedigusto.it\/public\/wp-json\/wp\/v2\/types\/post"}],"author":[{"embeddable":true,"href":"https:\/\/www.sceltedigusto.it\/public\/wp-json\/wp\/v2\/users\/18"}],"replies":[{"embeddable":true,"href":"https:\/\/www.sceltedigusto.it\/public\/wp-json\/wp\/v2\/comments?post=6962"}],"version-history":[{"count":1,"href":"https:\/\/www.sceltedigusto.it\/public\/wp-json\/wp\/v2\/posts\/6962\/revisions"}],"predecessor-version":[{"id":6965,"href":"https:\/\/www.sceltedigusto.it\/public\/wp-json\/wp\/v2\/posts\/6962\/revisions\/6965"}],"wp:featuredmedia":[{"embeddable":true,"href":"https:\/\/www.sceltedigusto.it\/public\/wp-json\/wp\/v2\/media\/6963"}],"wp:attachment":[{"href":"https:\/\/www.sceltedigusto.it\/public\/wp-json\/wp\/v2\/media?parent=6962"}],"wp:term":[{"taxonomy":"category","embeddable":true,"href":"https:\/\/www.sceltedigusto.it\/public\/wp-json\/wp\/v2\/categories?post=6962"},{"taxonomy":"post_tag","embeddable":true,"href":"https:\/\/www.sceltedigusto.it\/public\/wp-json\/wp\/v2\/tags?post=6962"}],"curies":[{"name":"wp","href":"https:\/\/api.w.org\/{rel}","templated":true}]}}