{"id":6951,"date":"2014-04-24T10:27:06","date_gmt":"2014-04-24T08:27:06","guid":{"rendered":"http:\/\/www.sceltedigusto.it\/public\/?p=6951"},"modified":"2014-04-24T10:29:50","modified_gmt":"2014-04-24T08:29:50","slug":"master-foodie-il-12-maggio-a-catania-selezionate-le-concorrenti-etnee","status":"publish","type":"post","link":"https:\/\/www.sceltedigusto.it\/public\/master-foodie-il-12-maggio-a-catania-selezionate-le-concorrenti-etnee\/","title":{"rendered":"Master Foodie, il 12 maggio a Catania: selezionate le concorrenti etnee."},"content":{"rendered":"<p><a href=\"http:\/\/www.sceltedigusto.it\/public\/wp-content\/uploads\/2014\/04\/colore-modif.jpg\"><img loading=\"lazy\" class=\"size-medium wp-image-6957 alignleft\" src=\"http:\/\/www.sceltedigusto.it\/public\/wp-content\/uploads\/2014\/04\/colore-modif-300x118.jpg\" alt=\"colore modif\" width=\"300\" height=\"118\" \/><\/a>Sono Pinella Scafile, Elena Benfante, la temeraria Francesca Merlino che, dopo la \u201couverture\u201d palermitana ci riprova nella sua Catania, Alessandra Adorno e Therese \u201cTerry\u201d Caruana che, come denuncia il suo nome, porter\u00e0 un tocco esotico nel suo piatto. Selezionati anche i piatti e completato il men\u00f9.<\/p>\n<p>Le contendenti, attentamente selezionate, si affronteranno il prossimo 12 maggio per portare a casa la \u201ctoque\u201d di Master Foodie Catania ed accedere dunque direttamente alla finalissima. Una finalissima di altissimo profilo, di dimensione internazionale e ricca di sorprese sulla quale al momento viene mantenuto il riserbo pi\u00f9 assoluto.<\/p>\n<p>I piatti in concorso nel capoluogo etneo non sono da meno ai piatti della prima tappa palermitana: eccoli.<\/p>\n<p><strong><em>Arancinetti allo zafferano alla Brontese con pomodorini ripieni<\/em><\/strong><\/p>\n<p><strong><em>Cannelloni con ripieno di macco di fave, gamberi e pomodorino di Pachino candito<\/em><\/strong><\/p>\n<p><strong><em>Burger di mare in salsa di mandorle di Avola e agrumi di Sicilia<\/em><\/strong><\/p>\n<p><strong><em>Tagliata di tonno al pat\u00e8 di olive verdi e capperi<\/em><\/strong><\/p>\n<p><strong><em>Cannolo scomposto con cialda glassata al cioccolato<\/em><\/strong><\/p>\n<p>Ancora cinque meravigliosi piatti ed un men\u00f9 di alto livello da gustare prendendo parte al Cooking Show in programma per il prossimo 12 maggio nel capoluogo etneo e che gode del patrocinio di Slow Food Catania e dell\u2019 AIFB, l\u2019associazione italiana food bloggers.<\/p>\n<p><a href=\"http:\/\/www.sceltedigusto.it\/public\/wp-content\/uploads\/2014\/04\/logo-ristorante-min\u00e0.png\"><img loading=\"lazy\" class=\"wp-image-6953 alignright\" src=\"http:\/\/www.sceltedigusto.it\/public\/wp-content\/uploads\/2014\/04\/logo-ristorante-min\u00e0.png\" alt=\"logo ristorante min\u00e0\" width=\"227\" height=\"144\" \/><\/a>Anche a Catania la location \u00e8 di alto livello: sar\u00e0 infatti il bellissimo ristorante Min\u00e0 ad aprire le proprie cucine alle concorrenti. Inserito all\u2019interno de la Vecchia Dogana di Catania, il Min\u00e0 offre un ambiente raffinato, elegante, rilassante, curato in ogni dettaglio e, soprattutto, un\u2019incomparabile vista sul mare del porto di Catania. Un po\u2019 come il Sailem di Natale Giunta, che ha aperto a Palermo il ciclo delle tappe dell\u2019unico Cooking Show siciliano, anche il Min\u00e0 \u00e8 una vera \u201cperla\u201d carica di suggestioni e di atmosfere ineguagliabili.<\/p>\n<p><a href=\"http:\/\/www.sceltedigusto.it\/public\/wp-content\/uploads\/2014\/04\/min\u00e0.jpg\"><img loading=\"lazy\" class=\"size-full wp-image-6954 alignleft\" src=\"http:\/\/www.sceltedigusto.it\/public\/wp-content\/uploads\/2014\/04\/min\u00e0.jpg\" alt=\"min\u00e0\" width=\"250\" height=\"167\" \/><\/a>Le giurie saranno , anche in questo caso, quelle delle grandi occasioni, con presenze illustri e di altissimo livello nel panorama enogastronomico siciliano e non solo, sia in giuria tecnica che in quella critica.<\/p>\n<p>Il costo del men\u00f9 e della serata \u00e8 di 35 euro a persona e comprende le cinque portate della cena, le bevande, le schede voto, i gadgets della serata, l\u2019intrattenimento ed il biglietto per l\u2019estrazione dei premi destinati alla giuria popolare. La prenotazione dei posti a tavola pu\u00f2 essere effettuata solo ed esclusivamente tramite reservations@masterfoodie.it<\/p>\n","protected":false},"excerpt":{"rendered":"<p>Sono Pinella Scafile, Elena Benfante, la temeraria Francesca Merlino che, dopo la \u201couverture\u201d palermitana ci riprova nella sua Catania, Alessandra Adorno e Therese \u201cTerry\u201d Caruana che, come denuncia il suo nome, porter\u00e0 un tocco esotico nel suo piatto. Selezionati anche i piatti e completato il men\u00f9. Le contendenti, attentamente selezionate, si affronteranno il prossimo 12 [&hellip;]<\/p>\n","protected":false},"author":18,"featured_media":6957,"comment_status":"open","ping_status":"open","sticky":false,"template":"","format":"standard","meta":[],"categories":[29,5435],"tags":[539,5619,5657,5658],"jetpack_featured_media_url":"https:\/\/www.sceltedigusto.it\/public\/wp-content\/uploads\/2014\/04\/colore-modif.jpg","_links":{"self":[{"href":"https:\/\/www.sceltedigusto.it\/public\/wp-json\/wp\/v2\/posts\/6951"}],"collection":[{"href":"https:\/\/www.sceltedigusto.it\/public\/wp-json\/wp\/v2\/posts"}],"about":[{"href":"https:\/\/www.sceltedigusto.it\/public\/wp-json\/wp\/v2\/types\/post"}],"author":[{"embeddable":true,"href":"https:\/\/www.sceltedigusto.it\/public\/wp-json\/wp\/v2\/users\/18"}],"replies":[{"embeddable":true,"href":"https:\/\/www.sceltedigusto.it\/public\/wp-json\/wp\/v2\/comments?post=6951"}],"version-history":[{"count":3,"href":"https:\/\/www.sceltedigusto.it\/public\/wp-json\/wp\/v2\/posts\/6951\/revisions"}],"predecessor-version":[{"id":6959,"href":"https:\/\/www.sceltedigusto.it\/public\/wp-json\/wp\/v2\/posts\/6951\/revisions\/6959"}],"wp:featuredmedia":[{"embeddable":true,"href":"https:\/\/www.sceltedigusto.it\/public\/wp-json\/wp\/v2\/media\/6957"}],"wp:attachment":[{"href":"https:\/\/www.sceltedigusto.it\/public\/wp-json\/wp\/v2\/media?parent=6951"}],"wp:term":[{"taxonomy":"category","embeddable":true,"href":"https:\/\/www.sceltedigusto.it\/public\/wp-json\/wp\/v2\/categories?post=6951"},{"taxonomy":"post_tag","embeddable":true,"href":"https:\/\/www.sceltedigusto.it\/public\/wp-json\/wp\/v2\/tags?post=6951"}],"curies":[{"name":"wp","href":"https:\/\/api.w.org\/{rel}","templated":true}]}}