{"id":6805,"date":"2014-04-03T13:48:38","date_gmt":"2014-04-03T11:48:38","guid":{"rendered":"http:\/\/www.sceltedigusto.it\/public\/?p=6805"},"modified":"2014-04-03T13:48:38","modified_gmt":"2014-04-03T11:48:38","slug":"a-budrio-profumi-ed-essenze-di-erbe-aromatiche-ed-officinali-che-fanno-bene-al-gusto-ed-alla-salute","status":"publish","type":"post","link":"https:\/\/www.sceltedigusto.it\/public\/a-budrio-profumi-ed-essenze-di-erbe-aromatiche-ed-officinali-che-fanno-bene-al-gusto-ed-alla-salute\/","title":{"rendered":"A Budrio profumi ed essenze di erbe aromatiche ed officinali, che fanno bene al gusto ed alla salute."},"content":{"rendered":"<p><a href=\"http:\/\/www.sceltedigusto.it\/public\/wp-content\/uploads\/2014\/04\/foto-4.jpg\"><img loading=\"lazy\" class=\"size-medium wp-image-6806 alignleft\" alt=\"foto 4\" src=\"http:\/\/www.sceltedigusto.it\/public\/wp-content\/uploads\/2014\/04\/foto-4-283x300.jpg\" width=\"283\" height=\"300\" srcset=\"https:\/\/www.sceltedigusto.it\/public\/wp-content\/uploads\/2014\/04\/foto-4-283x300.jpg 283w, https:\/\/www.sceltedigusto.it\/public\/wp-content\/uploads\/2014\/04\/foto-4.jpg 956w\" sizes=\"(max-width: 283px) 100vw, 283px\" \/><\/a>Fino a domenica 6 aprile continua a Budrio la pi\u00f9 importante mostra mercato di erbe aromatiche e officinali, che,giunta alla sua dodicesima edizione,celebra tutte quelle piante che fanno bene al gusto e alla salute.<\/p>\n<p>Un percorso sensoriale che vedr\u00e0 protagoniste oltre 300 variet\u00e0 di erbe aromatiche, dalle piante pi\u00f9 comuni e presenti sulle nostre tavole a quelle rare e meno conosciute. Fiore all\u2019occhiello della mostra saranno rarit\u00e0 come la Menthachocolate, il Lemon grass e ben oltre 15 variet\u00e0 di Timo.<br \/>\nUna mostra mercato per celebrare le propriet\u00e0 officinali e gli impieghi di queste piccole e preziose piante, coltivabili anche in terrazzo per realizzare il proprio orto aromatico, un delizioso spazio di aromi e profumi.<\/p>\n<p><a href=\"http:\/\/www.sceltedigusto.it\/public\/wp-content\/uploads\/2014\/04\/erbe.jpg\"><img loading=\"lazy\" class=\"wp-image-6807 alignright\" alt=\"erbe\" src=\"http:\/\/www.sceltedigusto.it\/public\/wp-content\/uploads\/2014\/04\/erbe-300x247.jpg\" width=\"205\" height=\"168\" \/><\/a>Ricche di olii essenziali e propriet\u00e0 benefiche le piante aromatiche vengono sempre pi\u00f9utilizzate, dall\u2019aromaterapia ai trattamenti di bellezza, dalla gastronomia alle arti erboristiche; diventano fedeli alleate per la cura dei malesseri di stagione e un valido aiuto per riposare bene.Per l\u2019occasione, il Maestro Giardiniere Carlo Pagani sar\u00e0 presente durante il week-end con lo speciale \u201cOrto in terrazzo\u201d sui segreti dell\u2019orto ad alta quota. <a href=\"http:\/\/www.sceltedigusto.it\/public\/wp-content\/uploads\/2014\/04\/fiori.jpg\"><img loading=\"lazy\" class=\"wp-image-6808 alignleft\" alt=\"fiori\" src=\"http:\/\/www.sceltedigusto.it\/public\/wp-content\/uploads\/2014\/04\/fiori-300x284.jpg\" width=\"187\" height=\"177\" srcset=\"https:\/\/www.sceltedigusto.it\/public\/wp-content\/uploads\/2014\/04\/fiori-300x284.jpg 300w, https:\/\/www.sceltedigusto.it\/public\/wp-content\/uploads\/2014\/04\/fiori.jpg 458w\" sizes=\"(max-width: 187px) 100vw, 187px\" \/><\/a><\/p>\n<p>&nbsp;<\/p>\n<p>Mentre durante l\u2019evento si potranno gustare tisane e specialit\u00e0 alle erbe.<\/p>\n<p>La mostra \u00e8 aperta dal luned\u00ec alla domenica dalle 9.00 alle 13.00 e dalle 15.00 alle 19.00.<br \/>\nL\u2019ingresso all\u2019evento \u00e8 gratuito.<\/p>\n","protected":false},"excerpt":{"rendered":"<p>Fino a domenica 6 aprile continua a Budrio la pi\u00f9 importante mostra mercato di erbe aromatiche e officinali, che,giunta alla sua dodicesima edizione,celebra tutte quelle piante che fanno bene al gusto e alla salute. Un percorso sensoriale che vedr\u00e0 protagoniste oltre 300 variet\u00e0 di erbe aromatiche, dalle piante pi\u00f9 comuni e presenti sulle nostre tavole [&hellip;]<\/p>\n","protected":false},"author":18,"featured_media":6807,"comment_status":"open","ping_status":"open","sticky":false,"template":"","format":"standard","meta":[],"categories":[29],"tags":[5608,4783,1585],"jetpack_featured_media_url":"https:\/\/www.sceltedigusto.it\/public\/wp-content\/uploads\/2014\/04\/erbe.jpg","_links":{"self":[{"href":"https:\/\/www.sceltedigusto.it\/public\/wp-json\/wp\/v2\/posts\/6805"}],"collection":[{"href":"https:\/\/www.sceltedigusto.it\/public\/wp-json\/wp\/v2\/posts"}],"about":[{"href":"https:\/\/www.sceltedigusto.it\/public\/wp-json\/wp\/v2\/types\/post"}],"author":[{"embeddable":true,"href":"https:\/\/www.sceltedigusto.it\/public\/wp-json\/wp\/v2\/users\/18"}],"replies":[{"embeddable":true,"href":"https:\/\/www.sceltedigusto.it\/public\/wp-json\/wp\/v2\/comments?post=6805"}],"version-history":[{"count":1,"href":"https:\/\/www.sceltedigusto.it\/public\/wp-json\/wp\/v2\/posts\/6805\/revisions"}],"predecessor-version":[{"id":6809,"href":"https:\/\/www.sceltedigusto.it\/public\/wp-json\/wp\/v2\/posts\/6805\/revisions\/6809"}],"wp:featuredmedia":[{"embeddable":true,"href":"https:\/\/www.sceltedigusto.it\/public\/wp-json\/wp\/v2\/media\/6807"}],"wp:attachment":[{"href":"https:\/\/www.sceltedigusto.it\/public\/wp-json\/wp\/v2\/media?parent=6805"}],"wp:term":[{"taxonomy":"category","embeddable":true,"href":"https:\/\/www.sceltedigusto.it\/public\/wp-json\/wp\/v2\/categories?post=6805"},{"taxonomy":"post_tag","embeddable":true,"href":"https:\/\/www.sceltedigusto.it\/public\/wp-json\/wp\/v2\/tags?post=6805"}],"curies":[{"name":"wp","href":"https:\/\/api.w.org\/{rel}","templated":true}]}}