{"id":6400,"date":"2014-02-12T19:42:42","date_gmt":"2014-02-12T18:42:42","guid":{"rendered":"http:\/\/www.sceltedigusto.it\/public\/?p=6400"},"modified":"2014-02-13T20:42:58","modified_gmt":"2014-02-13T19:42:58","slug":"dolce-la-vita-con-davide-pisano-ed-il-suo-mondo-di-zucchero-e-amore","status":"publish","type":"post","link":"https:\/\/www.sceltedigusto.it\/public\/dolce-la-vita-con-davide-pisano-ed-il-suo-mondo-di-zucchero-e-amore\/","title":{"rendered":"&#8220;Dolce la vita con Davide Pisano&#8221; ed il suo mondo di zucchero e amore."},"content":{"rendered":"<p><strong><a href=\"http:\/\/www.sceltedigusto.it\/public\/wp-content\/uploads\/2014\/02\/mignon_regine1.jpg\"><img loading=\"lazy\" class=\"size-medium wp-image-6401 alignleft\" alt=\"mignon_regine1\" src=\"http:\/\/www.sceltedigusto.it\/public\/wp-content\/uploads\/2014\/02\/mignon_regine1-300x200.jpg\" width=\"300\" height=\"200\" srcset=\"https:\/\/www.sceltedigusto.it\/public\/wp-content\/uploads\/2014\/02\/mignon_regine1-300x200.jpg 300w, https:\/\/www.sceltedigusto.it\/public\/wp-content\/uploads\/2014\/02\/mignon_regine1-1024x683.jpg 1024w, https:\/\/www.sceltedigusto.it\/public\/wp-content\/uploads\/2014\/02\/mignon_regine1-768x512.jpg 768w, https:\/\/www.sceltedigusto.it\/public\/wp-content\/uploads\/2014\/02\/mignon_regine1-1536x1024.jpg 1536w, https:\/\/www.sceltedigusto.it\/public\/wp-content\/uploads\/2014\/02\/mignon_regine1-2048x1365.jpg 2048w, https:\/\/www.sceltedigusto.it\/public\/wp-content\/uploads\/2014\/02\/mignon_regine1-150x100.jpg 150w, https:\/\/www.sceltedigusto.it\/public\/wp-content\/uploads\/2014\/02\/mignon_regine1-696x464.jpg 696w, https:\/\/www.sceltedigusto.it\/public\/wp-content\/uploads\/2014\/02\/mignon_regine1-1068x712.jpg 1068w, https:\/\/www.sceltedigusto.it\/public\/wp-content\/uploads\/2014\/02\/mignon_regine1-1920x1280.jpg 1920w, https:\/\/www.sceltedigusto.it\/public\/wp-content\/uploads\/2014\/02\/mignon_regine1-630x420.jpg 630w\" sizes=\"(max-width: 300px) 100vw, 300px\" \/><\/a>Davide Pisano, giovane Chef pasticciere e da poco anche scrittore: \u201cDolce la vita con Davide Pisano\u201d. Come nasce il suo progetto editoriale?<\/strong><\/p>\n<p>Dopo circa tre anni di corsi aperti al pubblico, sia per professionisti sia per appassionati, ci siamo resi conto che la richiesta di informazioni inerenti al mondo del dolce e del salato cresceva sempre pi\u00f9. Quindi abbiamo pensato di dedicare un libro con una raccolta di ricette descritte in modo semplice ma dettagliato, non tralasciando i particolari della tecnica e con l\u2019ausilio di una ampia galleria fotografica, un libro dedicato a tutto coloro che volessero cimentarsi nel realizzare anche a casa dolci di altissimo livello.<br \/>\nUn\u2019altra motivazione \u00e8 che il mio spirito vulcanico \u00e8 sempre alla ricerca di nuove sperimentazioni: un\u2019iniziativa come quella di un libro mi ha fatto pensare che fosse un modo immediato di far vedere il nostro modo di lavorare e di trasmettere la mia passione per questo mestiere.<\/p>\n<p><strong><a href=\"http:\/\/www.sceltedigusto.it\/public\/wp-content\/uploads\/2014\/02\/IMG_8494-bianco.jpg\"><img loading=\"lazy\" class=\" wp-image-6402 alignright\" alt=\"IMG_8494 bianco\" src=\"http:\/\/www.sceltedigusto.it\/public\/wp-content\/uploads\/2014\/02\/IMG_8494-bianco-300x293.jpg\" width=\"258\" height=\"252\" srcset=\"https:\/\/www.sceltedigusto.it\/public\/wp-content\/uploads\/2014\/02\/IMG_8494-bianco-300x293.jpg 300w, https:\/\/www.sceltedigusto.it\/public\/wp-content\/uploads\/2014\/02\/IMG_8494-bianco-1024x1001.jpg 1024w\" sizes=\"(max-width: 258px) 100vw, 258px\" \/><\/a>E da dove nasce invece la sua passione per la pasticceria?<\/strong><\/p>\n<p>Diciamo che tutto nasce per caso e per amore: io ero un cuoco alle prime armi e per caso mi venne proposto un posto di lavoro in una pasticceria, con la promessa che avrei lavorato con mia moglie. Una volta immerso in questo mondo ho trovato molto affascinante la precisione che impone l\u2019arte pasticcera, per cui ogni accostamento richiede la massima esattezza in termini di dosaggio. A quel punto ho proseguito nella mia formazione iscrivendomi alla Boscolo Etoile Academy: la vicinanza a grandi maestri pasticceri mi ha fatto letteralmente perdere la testa per questo lavoro.<\/p>\n<p><strong><a href=\"http:\/\/www.sceltedigusto.it\/public\/wp-content\/uploads\/2014\/02\/cheese1.jpg\"><img loading=\"lazy\" class=\" wp-image-6404 alignleft\" alt=\"cheese1\" src=\"http:\/\/www.sceltedigusto.it\/public\/wp-content\/uploads\/2014\/02\/cheese1-300x250.jpg\" width=\"256\" height=\"213\" srcset=\"https:\/\/www.sceltedigusto.it\/public\/wp-content\/uploads\/2014\/02\/cheese1-300x250.jpg 300w, https:\/\/www.sceltedigusto.it\/public\/wp-content\/uploads\/2014\/02\/cheese1.jpg 400w\" sizes=\"(max-width: 256px) 100vw, 256px\" \/><\/a>Da alcuni anni spadroneggiano dolci esteri come cheesecake, macaroons, cup cakes\u2026Persino le torte sono sempre pi\u00f9 spesso su modello anglosassone che impiega la pasta di zucchero da molti anni: cosa non va nella nostra pasticceria tradizionale?<\/strong><\/p>\n<p>Secondo me non c\u2019\u00e8 nulla che non va, anzi che il mercato \u00e8 molto vasto: abbiamo clienti che prediligono dolci tradizionali, altri che preferiscono \u201cosare\u201d con qualche dolce alternativo. Diciamo che mi piace molto provare e sperimentare, di conseguenza anche le richieste anche pi\u00f9 originali non vengono mai sottovalutate perch\u00e9 per me e il mio staff \u00e8 sempre divertente cimentarsi in nuove realizzazioni.<\/p>\n<p><strong>Per lei un dolce \u00e8 un bab\u00e0 o un Muffin?<\/strong><\/p>\n<p>Per me entrambi sono dolci, con caratteristiche differenti ma entrambi molto divertenti da realizzare, ma se devo sceglierne uno dei due\u2026 direi Babb\u00e0 perch\u00e9 la preparazione \u00e8 un pochino pi\u00f9 difficile.<\/p>\n<p><strong>Cassata siciliana o cheese cake?<\/strong><\/p>\n<p>Anche questa risposta potrebbe essere come la precedente, ma direi cheese cake.<\/p>\n<p><strong><a href=\"http:\/\/www.sceltedigusto.it\/public\/wp-content\/uploads\/2014\/02\/COVER-MOCK_DolcelavitaOK-2.jpg\"><img loading=\"lazy\" class=\"size-medium wp-image-6403 alignright\" alt=\"COVER MOCK_DolcelavitaOK-2\" src=\"http:\/\/www.sceltedigusto.it\/public\/wp-content\/uploads\/2014\/02\/COVER-MOCK_DolcelavitaOK-2-241x300.jpg\" width=\"241\" height=\"300\" srcset=\"https:\/\/www.sceltedigusto.it\/public\/wp-content\/uploads\/2014\/02\/COVER-MOCK_DolcelavitaOK-2-241x300.jpg 241w, https:\/\/www.sceltedigusto.it\/public\/wp-content\/uploads\/2014\/02\/COVER-MOCK_DolcelavitaOK-2-825x1024.jpg 825w, https:\/\/www.sceltedigusto.it\/public\/wp-content\/uploads\/2014\/02\/COVER-MOCK_DolcelavitaOK-2-326x406.jpg 326w, https:\/\/www.sceltedigusto.it\/public\/wp-content\/uploads\/2014\/02\/COVER-MOCK_DolcelavitaOK-2.jpg 1565w\" sizes=\"(max-width: 241px) 100vw, 241px\" \/><\/a>Nel suo libro, che oggi \u00e8 stato presentato al pubblico e alla stampa, quale \u00e8 la ricetta che lei considera \u201c di punta\u201d?<\/strong><\/p>\n<p><strong><\/strong>Il capitolo relativo alle torte moderne \u00e8 quello che mi d\u00e0 pi\u00f9 soddisfazioni, ma tra tutti scelgo la TORTA ANGELICA, non solo perch\u00e9 \u00e8 la torta dedicata a mia figlia, ma perch\u00e9 ogni singolo ingrediente \u00e8 stato scelto, selezionato, accostato dopo un lungo lavoro per arrivare ad un equilibrio perfetto<\/p>\n<p><strong>Vuole raccontarci ci\u00f2 che il pubblico ha visto, e soprattutto assaggiato, nell\u2019ambito del cooking show che ha concluso\u00a0 la presentazione del volume?<\/strong><\/p>\n<p>Durante la presentazione del libro ho realizzato due ricette, una \u00e8 la tradizionale Pasta frolla ma realizzata attraverso un principio di accostamento non tradizionale degli ingredienti, in modo da ottenere un prodotto molto friabile e che conserva per pi\u00f9 giorni la fragranza, che poi sono stati\u00a0 stampati a forma di cuore e decorati a tema San Valentino<br \/>\nL\u2019altra ricetta \u00e8 la base dei cup cake: anche loro una volta realizzati\u00a0 sono stati decorati a tema San Valentino utilizzando crema al burro, pasta di zucchero e cioccolato<br \/>\nLa degustazione \u00e8 stata a base di cupcake di vari gusti e decorazioni.<\/p>\n<p><strong>C\u2019\u00e8 un dolce che le \u00e8 particolarmente caro ed a cui \u00e8 particolarmente affezionato?<\/strong><\/p>\n<p>Si, per non fare un torto in realt\u00e0 sono due, oltre alla <em>Torta Angelica,<\/em> dedicata a mia figlia, sono affezionato anche alla torta <em>Bella Erica<\/em>, dedicata a mia moglie. Si tratta di una rivisitazione della classica Belle Elene, ma realizzata con pasta frolla alla nocciola, cuore di gel\u00e8 di lamponi e chiusa con una ganache di cioccolato Dulcey, che \u00e8 un cioccolato caramellato.<\/p>\n<p><strong>La vedremo in tv come capitato a tanti suoi illustri colleghi?<\/strong><\/p>\n<p>Sarebbe davvero un onore, forse sono ancora troppo giovane e non ho la fama di tanti Grandi del settore ma chiss\u00e0 che in un futuro possa anche io passare da li!<\/p>\n<p><strong>Alessandra Verzera<\/strong><\/p>\n","protected":false},"excerpt":{"rendered":"<p>Davide Pisano, giovane Chef pasticciere e da poco anche scrittore: \u201cDolce la vita con Davide Pisano\u201d. Come nasce il suo progetto editoriale? Dopo circa tre anni di corsi aperti al pubblico, sia per professionisti sia per appassionati, ci siamo resi conto che la richiesta di informazioni inerenti al mondo del dolce e del salato cresceva [&hellip;]<\/p>\n","protected":false},"author":18,"featured_media":6401,"comment_status":"open","ping_status":"open","sticky":false,"template":"","format":"standard","meta":[],"categories":[8],"tags":[1539,815,1235,5521,5522,5462,4797],"jetpack_featured_media_url":"https:\/\/www.sceltedigusto.it\/public\/wp-content\/uploads\/2014\/02\/mignon_regine1-scaled.jpg","_links":{"self":[{"href":"https:\/\/www.sceltedigusto.it\/public\/wp-json\/wp\/v2\/posts\/6400"}],"collection":[{"href":"https:\/\/www.sceltedigusto.it\/public\/wp-json\/wp\/v2\/posts"}],"about":[{"href":"https:\/\/www.sceltedigusto.it\/public\/wp-json\/wp\/v2\/types\/post"}],"author":[{"embeddable":true,"href":"https:\/\/www.sceltedigusto.it\/public\/wp-json\/wp\/v2\/users\/18"}],"replies":[{"embeddable":true,"href":"https:\/\/www.sceltedigusto.it\/public\/wp-json\/wp\/v2\/comments?post=6400"}],"version-history":[{"count":1,"href":"https:\/\/www.sceltedigusto.it\/public\/wp-json\/wp\/v2\/posts\/6400\/revisions"}],"predecessor-version":[{"id":6405,"href":"https:\/\/www.sceltedigusto.it\/public\/wp-json\/wp\/v2\/posts\/6400\/revisions\/6405"}],"wp:featuredmedia":[{"embeddable":true,"href":"https:\/\/www.sceltedigusto.it\/public\/wp-json\/wp\/v2\/media\/6401"}],"wp:attachment":[{"href":"https:\/\/www.sceltedigusto.it\/public\/wp-json\/wp\/v2\/media?parent=6400"}],"wp:term":[{"taxonomy":"category","embeddable":true,"href":"https:\/\/www.sceltedigusto.it\/public\/wp-json\/wp\/v2\/categories?post=6400"},{"taxonomy":"post_tag","embeddable":true,"href":"https:\/\/www.sceltedigusto.it\/public\/wp-json\/wp\/v2\/tags?post=6400"}],"curies":[{"name":"wp","href":"https:\/\/api.w.org\/{rel}","templated":true}]}}