{"id":6246,"date":"2014-01-29T17:23:52","date_gmt":"2014-01-29T16:23:52","guid":{"rendered":"http:\/\/www.sceltedigusto.it\/public\/?p=6246"},"modified":"2014-01-29T17:24:50","modified_gmt":"2014-01-29T16:24:50","slug":"inizia-da-mosca-il-tour-promozionale-2014-dei-vini-la-delizia","status":"publish","type":"post","link":"https:\/\/www.sceltedigusto.it\/public\/inizia-da-mosca-il-tour-promozionale-2014-dei-vini-la-delizia\/","title":{"rendered":"Inizia da Mosca il tour promozionale 2014 dei vini La Delizia"},"content":{"rendered":"<p><a href=\"http:\/\/www.sceltedigusto.it\/public\/wp-content\/uploads\/2014\/01\/prodexpo.jpg\"><img loading=\"lazy\" class=\"size-medium wp-image-6247 alignleft\" alt=\"prodexpo\" src=\"http:\/\/www.sceltedigusto.it\/public\/wp-content\/uploads\/2014\/01\/prodexpo-300x186.jpg\" width=\"300\" height=\"186\" srcset=\"https:\/\/www.sceltedigusto.it\/public\/wp-content\/uploads\/2014\/01\/prodexpo-300x186.jpg 300w, https:\/\/www.sceltedigusto.it\/public\/wp-content\/uploads\/2014\/01\/prodexpo.jpg 323w\" sizes=\"(max-width: 300px) 100vw, 300px\" \/><\/a>Un 2014 che si preannuncia intenso di iniziative all\u2019estero per la cantina cooperativa Viticoltori Friulani La Delizia. Protagonista a Mosca alla fiera Prodexpo in febbraio e al Prowein a D\u00fcsseldorf in marzo.<br \/>\nL\u2019intenso programma delle fiere internazionali per Vini La Delizia prende il via da Mosca. Per promuovere l\u2019enologia della regione Friuli la cantina cooperativa Viticoltori Friulani La Delizia, parteciper\u00e0 alla ventunesima edizione di Prodexpo, che avr\u00e0 luogo dal 10 al 14 febbraio presso i padiglioni dell\u2019Expocentre nel cuore della capitale russa.<br \/>\n<a href=\"http:\/\/www.sceltedigusto.it\/public\/wp-content\/uploads\/2014\/01\/la-delizia.jpg\"><img loading=\"lazy\" class=\"size-medium wp-image-6248 alignright\" alt=\"la delizia\" src=\"http:\/\/www.sceltedigusto.it\/public\/wp-content\/uploads\/2014\/01\/la-delizia-300x130.jpg\" width=\"300\" height=\"130\" srcset=\"https:\/\/www.sceltedigusto.it\/public\/wp-content\/uploads\/2014\/01\/la-delizia-300x130.jpg 300w, https:\/\/www.sceltedigusto.it\/public\/wp-content\/uploads\/2014\/01\/la-delizia.jpg 968w\" sizes=\"(max-width: 300px) 100vw, 300px\" \/><\/a>Nonostante le difficolt\u00e0 dettate da una burocrazia soffocante, il mercato russo del vino gode di ottima salute, con previsioni di crescita nei prossimi cinque anni, soprattutto per il comparto spumanti e dove la cantina Vini La Delizia mira a consolidare il posizionamento dei propri vini, aumentandone i volumi di vendita, che si attestano attualmente a oltre 300 mila bottiglie, di cui il 20% a Prosecco.<br \/>\n<a href=\"http:\/\/www.sceltedigusto.it\/public\/wp-content\/uploads\/2014\/01\/la-delizia2.jpg\"><img loading=\"lazy\" class=\"size-medium wp-image-6249 alignleft\" alt=\"la delizia2\" src=\"http:\/\/www.sceltedigusto.it\/public\/wp-content\/uploads\/2014\/01\/la-delizia2-300x130.jpg\" width=\"300\" height=\"130\" \/><\/a>Prodexpo rappresenta una sfida per la cantina friulana, la maggiore fiera del settore food &amp; wine in Russia e nell\u2019Est Europa, con oltre 2.000 espositori provenienti da 55 Paesi sar\u00e0 un\u2019occasione strategica per far promozione e valorizzazione e che permetter\u00e0 ai Vini La Delizia di proporsi in un mercato dinamico e insaziabile come quello russo, in cui i consumi di vino negli ultimi cinque anni sono aumentati dell\u201980%, con un importante trend di crescita per i vini Made in Italy.<br \/>\n<a href=\"http:\/\/www.sceltedigusto.it\/public\/wp-content\/uploads\/2014\/01\/Pietro-Biscontin.jpg\"><img loading=\"lazy\" class=\" wp-image-6250 alignright\" alt=\"Pietro Biscontin\" src=\"http:\/\/www.sceltedigusto.it\/public\/wp-content\/uploads\/2014\/01\/Pietro-Biscontin-300x277.jpg\" width=\"229\" height=\"211\" srcset=\"https:\/\/www.sceltedigusto.it\/public\/wp-content\/uploads\/2014\/01\/Pietro-Biscontin-300x277.jpg 300w, https:\/\/www.sceltedigusto.it\/public\/wp-content\/uploads\/2014\/01\/Pietro-Biscontin.jpg 424w\" sizes=\"(max-width: 229px) 100vw, 229px\" \/><\/a>\u201cIl vino \u00e8 visto come un prodotto di integrit\u00e0 e di classe, ed \u00e8 parte integrante della cultura russa. Avendo gi\u00e0 partecipato alla fiera negli anni scorsi, abbiamo notato che l\u2019atteggiamento degli acquirenti russi nei confronti del vino friulano \u00e8 del tutto positivo\u201d \u2013 commenta Pietro Biscontin, direttore della cantina friulana Vini La Delizia \u2013 E\u2019 troppo presto per dirlo ma ci sono tutte le premesse affinch\u00e9 questa fiera si riveli per noi fruttuosa\u201d.<br \/>\nLa manifestazione \u00e8 stata preparata minuziosamente dalla cantina friulana e dall\u2019importatore in loco, con attivit\u00e0 di PR, inviti mirati a possibili acquirenti, campagne promozionali e appuntamenti gi\u00e0 confermati a buyer delle principali catene retail.<br \/>\n<a href=\"http:\/\/www.sceltedigusto.it\/public\/wp-content\/uploads\/2014\/01\/ProWein_0.jpg\"><img loading=\"lazy\" class=\" wp-image-6251 alignleft\" alt=\"ProWein_0\" src=\"http:\/\/www.sceltedigusto.it\/public\/wp-content\/uploads\/2014\/01\/ProWein_0-300x203.jpg\" width=\"258\" height=\"174\" srcset=\"https:\/\/www.sceltedigusto.it\/public\/wp-content\/uploads\/2014\/01\/ProWein_0-300x203.jpg 300w, https:\/\/www.sceltedigusto.it\/public\/wp-content\/uploads\/2014\/01\/ProWein_0.jpg 400w\" sizes=\"(max-width: 258px) 100vw, 258px\" \/><\/a>Dopo il Prodexpo a Mosca, Vini La Delizia di Casarsa, approder\u00e0 dal 23 al 25 marzo al Prowein di D\u00fcsseldorf (Germania), fiera di riferimento per il mercato del vino di tutto il nord Europa.<br \/>\nLa scelta di partecipare alla fiera di D\u00fcsseldorf per la cantina cooperativa friulana nasce principalmente dall\u2019importanza che il mercato tedesco gioca nel fatturato export aziendale: ricoprendo il 55% dei volumi complessivi di vendita.<br \/>\nA fare la parte del leone in questo mercato export per la cantina di Casarsa \u00e8 il Prosecco Doc con 4 milioni di bottiglie vendute, un mercato consolidato che rappresenta il 25% dell\u2019intera produzione ma che ha ancora delle velleit\u00e0 di crescita.<br \/>\nLa cooperativa Vini La Delizia conta 500 soci conferitori, una superficie a vigneto di 2.000 ha, lavora 250.000 q.li di uva annualmente, con una produzione annua che si aggira sui 16 mln di bottiglie, di cui il 55% destinato al mercato estero. Con 52 dipendenti, 28 mln di Euro di fatturato e un 65% del prodotto distribuito nel canale della moderna distribuzione e il 35% nel canale Horeca, \u00e8 un punto di riferimento per il vino friulano in Italia e all\u2019estero.<\/p>\n","protected":false},"excerpt":{"rendered":"<p>Un 2014 che si preannuncia intenso di iniziative all\u2019estero per la cantina cooperativa Viticoltori Friulani La Delizia. Protagonista a Mosca alla fiera Prodexpo in febbraio e al Prowein a D\u00fcsseldorf in marzo. L\u2019intenso programma delle fiere internazionali per Vini La Delizia prende il via da Mosca. Per promuovere l\u2019enologia della regione Friuli la cantina cooperativa [&hellip;]<\/p>\n","protected":false},"author":18,"featured_media":6249,"comment_status":"open","ping_status":"open","sticky":false,"template":"","format":"standard","meta":[],"categories":[4,5438],"tags":[],"jetpack_featured_media_url":"https:\/\/www.sceltedigusto.it\/public\/wp-content\/uploads\/2014\/01\/la-delizia2.jpg","_links":{"self":[{"href":"https:\/\/www.sceltedigusto.it\/public\/wp-json\/wp\/v2\/posts\/6246"}],"collection":[{"href":"https:\/\/www.sceltedigusto.it\/public\/wp-json\/wp\/v2\/posts"}],"about":[{"href":"https:\/\/www.sceltedigusto.it\/public\/wp-json\/wp\/v2\/types\/post"}],"author":[{"embeddable":true,"href":"https:\/\/www.sceltedigusto.it\/public\/wp-json\/wp\/v2\/users\/18"}],"replies":[{"embeddable":true,"href":"https:\/\/www.sceltedigusto.it\/public\/wp-json\/wp\/v2\/comments?post=6246"}],"version-history":[{"count":1,"href":"https:\/\/www.sceltedigusto.it\/public\/wp-json\/wp\/v2\/posts\/6246\/revisions"}],"predecessor-version":[{"id":6252,"href":"https:\/\/www.sceltedigusto.it\/public\/wp-json\/wp\/v2\/posts\/6246\/revisions\/6252"}],"wp:featuredmedia":[{"embeddable":true,"href":"https:\/\/www.sceltedigusto.it\/public\/wp-json\/wp\/v2\/media\/6249"}],"wp:attachment":[{"href":"https:\/\/www.sceltedigusto.it\/public\/wp-json\/wp\/v2\/media?parent=6246"}],"wp:term":[{"taxonomy":"category","embeddable":true,"href":"https:\/\/www.sceltedigusto.it\/public\/wp-json\/wp\/v2\/categories?post=6246"},{"taxonomy":"post_tag","embeddable":true,"href":"https:\/\/www.sceltedigusto.it\/public\/wp-json\/wp\/v2\/tags?post=6246"}],"curies":[{"name":"wp","href":"https:\/\/api.w.org\/{rel}","templated":true}]}}