{"id":619,"date":"2011-06-14T06:35:13","date_gmt":"2011-06-14T04:35:13","guid":{"rendered":"http:\/\/www.sceltedigusto.it\/public\/Test\/cibo-di-strada-per-il-matrimonio-di-eleonora-abbagnato-e-federico-balzaretti\/"},"modified":"2016-01-16T23:07:57","modified_gmt":"2016-01-16T22:07:57","slug":"cibo-di-strada-per-il-matrimonio-di-eleonora-abbagnato-e-federico-balzaretti","status":"publish","type":"post","link":"https:\/\/www.sceltedigusto.it\/public\/cibo-di-strada-per-il-matrimonio-di-eleonora-abbagnato-e-federico-balzaretti\/","title":{"rendered":"Cibo di strada per il matrimonio di Eleonora Abbagnato e Federico Balzaretti"},"content":{"rendered":"<h3 style=\"text-align: justify;\"><span style=\"font-size: small;\"><span style=\"font-family: verdana,geneva;\"><a href=\"http:\/\/www.sceltedigusto.it\/public\/wp-content\/uploads\/2011\/06\/abbagnato.jpg\"><img loading=\"lazy\" class=\"alignnone size-medium wp-image-5744\" src=\"http:\/\/www.sceltedigusto.it\/public\/wp-content\/uploads\/2011\/06\/abbagnato-300x210.jpg\" alt=\"abbagnato\" width=\"300\" height=\"210\" \/><\/a>Un men\u00f9 tipico della gastronomia siciliana e soprattutto palermitana per il matrimonio dell&#8217;anno che si \u00e8 celebrato a Palermo nel pomeriggio di luned\u00ec 13 giugno. Quello tra il calciatore rosanero Federico Balzaretti, 29 anni e l&#8217;etoile di Parigi, Eleonora Abbagnato, 33 anni palermitana. Due chef di eccezione per questo grande evento : il termitano Natale Giunta\u00a0 ed il palermitano Filippo La Mantia chef dell&#8217;hotel Majestic a Roma (A. Fi.)<\/span><\/span><\/h3>\n<p align=\"justify\">\u00a0<a href=\"http:\/\/www.sceltedigusto.it\/public\/wp-content\/uploads\/2011\/06\/Natale-Giunta.jpg\"><img loading=\"lazy\" class=\"alignnone size-medium wp-image-5746\" src=\"http:\/\/www.sceltedigusto.it\/public\/wp-content\/uploads\/2011\/06\/Natale-Giunta-300x180.jpg\" alt=\"Natale-Giunta\" width=\"242\" height=\"175\" \/><\/a><a href=\"http:\/\/www.sceltedigusto.it\/public\/wp-content\/uploads\/2011\/06\/filippo_la_mantia.jpg\"><img loading=\"lazy\" class=\"alignnone size-full wp-image-5747\" src=\"http:\/\/www.sceltedigusto.it\/public\/wp-content\/uploads\/2011\/06\/filippo_la_mantia.jpg\" alt=\"filippo_la_mantia\" width=\"242\" height=\"175\" \/><\/a><\/p>\n<p style=\"text-align: justify;\"><span style=\"font-family: verdana,geneva;\"><span style=\"font-size: small;\">Teatro del ricevimento \u201cLe Terrazze\u201d di Mondello, l&#8217;ex stabilimento balneare Charleston in stile liberty, dove i due celebri chef hanno esaltato i sapori, i colori, ed i profumi della cucina siciliana. Assaggini di cibo di strada, gambero rosso di Mazara con sorbetto di arancia sanguinella, parmigiana con cioccolato di Modica. Poi i primi, timballetto di anelletti al forno, la pasta col pesto di agrumi e la bottarga di tonno; come secondi, il tonno ammuttunatu, il maialino di suino nero dei Nebrodi laccato con miele di zibibbo di Pantelleria e con insalatina di pomodorini e capperi. Per finire sfoglie di cannolo e cassatelle con tanta crema di ricotta.<\/span><\/span><\/p>\n<p style=\"text-align: justify;\"><a href=\"http:\/\/www.sceltedigusto.it\/public\/wp-content\/uploads\/2011\/06\/cappella.jpg\"><img loading=\"lazy\" class=\"size-full wp-image-5748 alignright\" src=\"http:\/\/www.sceltedigusto.it\/public\/wp-content\/uploads\/2011\/06\/cappella.jpg\" alt=\"cappella\" width=\"235\" height=\"214\" \/><\/a><span style=\"font-family: verdana,geneva;\"><span style=\"font-size: small;\">Eleonora Abbagnato e Federico Balzaretti si sono sposati nella suggestiva cornice della Cappella Palatina di palazzo dei Normanni circondati da decine di invitati a cominciare dagli stilisti Dolce&amp;Gabbana, Domenico Dolce e Stefano Gabbana che hanno realizzato l&#8217;abito bianco per l&#8217;etoile e l&#8217;abito del calciatore del Palermo. Ed ancora Renzo Rosso, patron di Diesel, i comici palermitani Ficarra e Picone, coprotagonisti del film \u201cIl 7 e l&#8217;8\u201d, nel quale la ballerina ha esordito nel mondo del cinema, i cantanti Eros Ramazzotti e Morgan. <\/span><\/span><\/p>\n<p style=\"text-align: justify;\"><span style=\"font-family: verdana,geneva;\"><span style=\"font-size: small;\">Doveva essere presente anche la first lady francese, Carla Bruni, amica di Eleonora Abbagnato, ma ha dovuto all&#8217;ultimo istante rinunciare al viaggio a Palermo a causa della sua gravidanza. La cerimonia \u00e8 stata celebrata dal parroco della famiglia Abbagnato, Antonino Chiarelli. <\/span><\/span><\/p>\n<p style=\"text-align: justify;\"><span style=\"font-family: verdana,geneva;\"><span style=\"font-size: small;\">Lucrezia di 5 anni e Ginevra di 3, le due figlie che Balzaretti ha avuto da una precedente relazione, hanno portato, in vestitino bianco e coroncina di rose, le fedi all&#8217;altare. Una curiosit\u00e0 da gossip: Eleonora Abbagnato e Federico Balzaretti si erano conosciuti a Palermo circa un anno fa, dal parrucchiere comune Nino, che ha fatto da complice in questa storia d&#8217;amore che poi \u00e8 nata e si \u00e8 sviluppata fino al matrimonio. <\/span><\/span><\/p>\n<p align=\"justify\"><span style=\"font-family: verdana,geneva;\"><span style=\"font-size: small;\"><a href=\"http:\/\/www.sceltedigusto.it\/public\/wp-content\/uploads\/2011\/06\/abbagnato1.jpg\"><img loading=\"lazy\" class=\"size-medium wp-image-5749 alignleft\" src=\"http:\/\/www.sceltedigusto.it\/public\/wp-content\/uploads\/2011\/06\/abbagnato1-225x300.jpg\" alt=\"abbagnato\" width=\"145\" height=\"188\" \/><\/a>Fin dall&#8217;inizio ha pensato che fossero fatti l&#8217;uno per l&#8217;altra e li ha fatti conoscere organizzando per loro una cena proprio al ristorante dell&#8217;ex stabilimento Charleston. Federico Balzaretti terzino sinistro del <span style=\"font-weight: normal;\">Palermo<\/span>, e della Nazionale allenata da Cesare Prandelli, dopo stagioni tra alti e bassi tra Torino, Juventus e Fiorentina, ha trovato la sua dimensione in rosanero, conquistando anche l&#8217;apprezzamento di big come il <span style=\"font-weight: normal;\">Milan<\/span>, che lo vorrebbe per la prossima stagione. <span style=\"font-weight: normal;\">Eleonora Abbagnato<\/span>, palermitana di nascita e nipote dell&#8217;amministratore delegato del Catania Calcio, Pietro Lo Monaco, sembra essere stata attratta dai calciatori visto che nel 2009 \u00e8 stata fidanzata di Rolando Bianchi, bomber del Torino e poi si era pure vociferato un flirt con l&#8217;attaccante di Milan e Roma, Marco Borriello.<\/span><\/span><\/p>\n<p align=\"justify\"><strong><span style=\"font-family: verdana,geneva;\"><span style=\"font-size: small;\">Antonio Fiasconaro<br \/>\n<\/span><\/span><\/strong><\/p>\n","protected":false},"excerpt":{"rendered":"<p>Un men\u00f9 tipico della gastronomia siciliana e soprattutto palermitana per il matrimonio dell&#8217;anno che si \u00e8 celebrato a Palermo nel pomeriggio di luned\u00ec 13 giugno. Quello tra il calciatore rosanero Federico Balzaretti, 29 anni e l&#8217;etoile di Parigi, Eleonora Abbagnato, 33 anni palermitana. Due chef di eccezione per questo grande evento : il termitano Natale [&hellip;]<\/p>\n","protected":false},"author":18,"featured_media":5744,"comment_status":"open","ping_status":"open","sticky":false,"template":"","format":"standard","meta":[],"categories":[4,29],"tags":[982,1683,976,978,355,975,965,973,967,966,970,971,977,979,969,974,968,981,980,972],"jetpack_featured_media_url":"https:\/\/www.sceltedigusto.it\/public\/wp-content\/uploads\/2011\/06\/abbagnato.jpg","_links":{"self":[{"href":"https:\/\/www.sceltedigusto.it\/public\/wp-json\/wp\/v2\/posts\/619"}],"collection":[{"href":"https:\/\/www.sceltedigusto.it\/public\/wp-json\/wp\/v2\/posts"}],"about":[{"href":"https:\/\/www.sceltedigusto.it\/public\/wp-json\/wp\/v2\/types\/post"}],"author":[{"embeddable":true,"href":"https:\/\/www.sceltedigusto.it\/public\/wp-json\/wp\/v2\/users\/18"}],"replies":[{"embeddable":true,"href":"https:\/\/www.sceltedigusto.it\/public\/wp-json\/wp\/v2\/comments?post=619"}],"version-history":[{"count":3,"href":"https:\/\/www.sceltedigusto.it\/public\/wp-json\/wp\/v2\/posts\/619\/revisions"}],"predecessor-version":[{"id":11024,"href":"https:\/\/www.sceltedigusto.it\/public\/wp-json\/wp\/v2\/posts\/619\/revisions\/11024"}],"wp:featuredmedia":[{"embeddable":true,"href":"https:\/\/www.sceltedigusto.it\/public\/wp-json\/wp\/v2\/media\/5744"}],"wp:attachment":[{"href":"https:\/\/www.sceltedigusto.it\/public\/wp-json\/wp\/v2\/media?parent=619"}],"wp:term":[{"taxonomy":"category","embeddable":true,"href":"https:\/\/www.sceltedigusto.it\/public\/wp-json\/wp\/v2\/categories?post=619"},{"taxonomy":"post_tag","embeddable":true,"href":"https:\/\/www.sceltedigusto.it\/public\/wp-json\/wp\/v2\/tags?post=619"}],"curies":[{"name":"wp","href":"https:\/\/api.w.org\/{rel}","templated":true}]}}