{"id":6118,"date":"2014-01-24T10:28:30","date_gmt":"2014-01-24T09:28:30","guid":{"rendered":"http:\/\/www.sceltedigusto.it\/public\/?p=6118"},"modified":"2014-01-24T10:28:30","modified_gmt":"2014-01-24T09:28:30","slug":"franciacorta-prende-il-volo-una-storia-magnifica","status":"publish","type":"post","link":"https:\/\/www.sceltedigusto.it\/public\/franciacorta-prende-il-volo-una-storia-magnifica\/","title":{"rendered":"Franciacorta : prende il volo una storia &#8220;Magnifica&#8221;"},"content":{"rendered":"<p><a href=\"http:\/\/www.sceltedigusto.it\/public\/wp-content\/uploads\/2014\/01\/alitalia-magnifica.jpg\"><img loading=\"lazy\" class=\"size-medium wp-image-6119 alignleft\" alt=\"alitalia magnifica\" src=\"http:\/\/www.sceltedigusto.it\/public\/wp-content\/uploads\/2014\/01\/alitalia-magnifica-300x192.jpg\" width=\"300\" height=\"192\" \/><\/a>Dal mese di gennaio, Franciacorta \u00e8 ambasciatore dell\u2019eccellenza enologica Made in Italy a bordo di \u201cMagnifica\u201d, la classe business di Alitalia. Un vino versatile, prodotto con uve Chardonnay, Pinot nero e Pinot bianco, invecchiato 18 mesi sui lieviti e che sar\u00e0 l\u2019abbinamento ideale delle pregiate proposte culinarie con cui Alitalia ha vinto negli ultimi tre anni la categoria Best Airline Cuisine, secondo il mensile americano Global Traveler e nel 2013 un altro importante riconoscimento il \u201cBest In-Flight Wine Program\u201d durante la premiazione dei Saveur Culinary Travel Awards 2013, ottenuto per la ricerca e l\u2019esaltazione dei vitigni autoctoni italiani e per la migliore distribuzione qualitativa dei vini in abbinamento al cibo servito a bordo.<\/p>\n<p><a href=\"http:\/\/www.sceltedigusto.it\/public\/wp-content\/uploads\/2014\/01\/franciacorta-bottiglia.jpg\"><img loading=\"lazy\" class=\"size-medium wp-image-6120 alignright\" alt=\"franciacorta bottiglia\" src=\"http:\/\/www.sceltedigusto.it\/public\/wp-content\/uploads\/2014\/01\/franciacorta-bottiglia-198x300.jpg\" width=\"198\" height=\"300\" srcset=\"https:\/\/www.sceltedigusto.it\/public\/wp-content\/uploads\/2014\/01\/franciacorta-bottiglia-198x300.jpg 198w, https:\/\/www.sceltedigusto.it\/public\/wp-content\/uploads\/2014\/01\/franciacorta-bottiglia.jpg 408w\" sizes=\"(max-width: 198px) 100vw, 198px\" \/><\/a>Ad identificare questa nuova sinergia la qualit\u00e0, l\u2019unicit\u00e0 di due realt\u00e0 made in Italy, Franciacorta e Alitalia, cui tutto il mondo guarda con estrema ammirazione.<\/p>\n<p>Per il presidente del Consorzio Franciacorta, Maurizio Zanella: \u00abIn ogni bottiglia di Franciacorta, \u00e8 racchiuso il rapporto indissolubile fra la terra, il lavoro degli uomini e l\u2019attenzione per la qualit\u00e0. Auspichiamo che la presenza del nostro vino a bordo della classe pi\u00f9 esclusiva di Alitalia, potr\u00e0 contribuire a dare un respiro internazionale al metodo Franciacorta conquistando gli amanti del buon gusto e, perch\u00e9 no, stimolandoli a fare una visita nel nostro splendido territorio, a conoscere le sue 108 cantine e a vivere direttamente l\u2019esperienza Franciacorta\u00bb.<\/p>\n<p><a href=\"http:\/\/www.sceltedigusto.it\/public\/wp-content\/uploads\/2014\/01\/francia-corta.png\"><img loading=\"lazy\" class=\"size-medium wp-image-6121 alignleft\" alt=\"francia corta\" src=\"http:\/\/www.sceltedigusto.it\/public\/wp-content\/uploads\/2014\/01\/francia-corta-300x120.png\" width=\"300\" height=\"120\" srcset=\"https:\/\/www.sceltedigusto.it\/public\/wp-content\/uploads\/2014\/01\/francia-corta-300x120.png 300w, https:\/\/www.sceltedigusto.it\/public\/wp-content\/uploads\/2014\/01\/francia-corta.png 453w\" sizes=\"(max-width: 300px) 100vw, 300px\" \/><\/a>\u00abQuesta iniziativa &#8211; dichiara Giuseppe Ferrarini, vice president sales advertising services sponsorship co-marketing di Alitalia &#8211; rappresenta e sintetizza il concetto di Co Marketing con la finalit\u00e0 di ottenere importanti benefici reciproci. Da una lato Alitalia pu\u00f2 offrire ai propri clienti una grande eccellenza italiana, dall\u2019altro Franciacorta, oltre ad avere un contatto diretto con i passeggeri di \u201cMagnifica\u201d, potr\u00e0 comunicare attraverso le molteplici opportunit\u00e0 di Alitalia Mediaservice il metodo di produzione, le caratteristiche del vino e nello stesso tempo stimolare i nostri clienti ad apprezzare e visitare le bellezze del territorio. Siamo orgogliosi di offrire a bordo dei nostri voli intercontinentali, nella classe \u201cMagnifica\u201d, Il Franciacorta, il primo vino italiano prodotto con il metodo della rifermentazione in bottiglia ad avere ottenuto nel 1995 la Denominazione di Origine Controllata e Garantita.<\/p>\n<p><a href=\"http:\/\/www.sceltedigusto.it\/public\/wp-content\/uploads\/2014\/01\/alitalia.jpg\"><img loading=\"lazy\" class=\"size-medium wp-image-6122 alignright\" alt=\"alitalia\" src=\"http:\/\/www.sceltedigusto.it\/public\/wp-content\/uploads\/2014\/01\/alitalia-300x175.jpg\" width=\"300\" height=\"175\" srcset=\"https:\/\/www.sceltedigusto.it\/public\/wp-content\/uploads\/2014\/01\/alitalia-300x175.jpg 300w, https:\/\/www.sceltedigusto.it\/public\/wp-content\/uploads\/2014\/01\/alitalia.jpg 342w\" sizes=\"(max-width: 300px) 100vw, 300px\" \/><\/a>A bordo della nostra \u201cMagnifica\u201d, per i clienti il massimo del comfort all\u2019insegna del Made in Italy, con piatti delle ricette regionali dell\u2019Italia, accompagnati da sempre da vini selezionati dall\u2019Associazione Italiana Sommelier\u00bb.<\/p>\n<p>A bordo di Alitalia in classe \u201cMagnifica\u201d, la business degli intercontinentali, la Compagnia offre ai suoi passeggeri i menu de \u201cI grandi Maestri di Alma\u201d, che saranno a bordo con una rotazione trimestrale fino ad ottobre 2014. Alma, la scuola internazionale di cucina italiana, che gi\u00e0 da anni disegna i menu di \u201cMagnifica\u201d, porta in volo l\u2019innovativo progetto di \u201cContemporanea Italiana Cucina\u201d, grazie alla collaborazione di oltre 60 grandi chef del nostro Paese, amati in tutto il mondo e protagonisti della ristorazione odierna.<\/p>\n<p>Attraverso le ricette, gli chef raccontano la loro storia e il loro territorio in modo semplice, elegante e rispettoso della materia prima e, come mai fino ad ora, in una sintesi perfetta tra tradizione e nuove frontiere della cucina. Interessantissimi e raffinati i Men\u00f9 firmati Alma che fortunati passeggeri in classe &#8220;Magnifica&#8221; potranno gustare.<br \/>\nL&#8217;eccellenza made in Italy, \u00e8 proprio il caso di dirlo, spiega le ali e spicca il volo: con classe.<\/p>\n","protected":false},"excerpt":{"rendered":"<p>Dal mese di gennaio, Franciacorta \u00e8 ambasciatore dell\u2019eccellenza enologica Made in Italy a bordo di \u201cMagnifica\u201d, la classe business di Alitalia. Un vino versatile, prodotto con uve Chardonnay, Pinot nero e Pinot bianco, invecchiato 18 mesi sui lieviti e che sar\u00e0 l\u2019abbinamento ideale delle pregiate proposte culinarie con cui Alitalia ha vinto negli ultimi tre [&hellip;]<\/p>\n","protected":false},"author":18,"featured_media":6119,"comment_status":"open","ping_status":"open","sticky":false,"template":"","format":"standard","meta":[],"categories":[4,5438],"tags":[4444,5450,5451,5446,5449,3095,5448,821,5447],"jetpack_featured_media_url":"https:\/\/www.sceltedigusto.it\/public\/wp-content\/uploads\/2014\/01\/alitalia-magnifica.jpg","_links":{"self":[{"href":"https:\/\/www.sceltedigusto.it\/public\/wp-json\/wp\/v2\/posts\/6118"}],"collection":[{"href":"https:\/\/www.sceltedigusto.it\/public\/wp-json\/wp\/v2\/posts"}],"about":[{"href":"https:\/\/www.sceltedigusto.it\/public\/wp-json\/wp\/v2\/types\/post"}],"author":[{"embeddable":true,"href":"https:\/\/www.sceltedigusto.it\/public\/wp-json\/wp\/v2\/users\/18"}],"replies":[{"embeddable":true,"href":"https:\/\/www.sceltedigusto.it\/public\/wp-json\/wp\/v2\/comments?post=6118"}],"version-history":[{"count":1,"href":"https:\/\/www.sceltedigusto.it\/public\/wp-json\/wp\/v2\/posts\/6118\/revisions"}],"predecessor-version":[{"id":6123,"href":"https:\/\/www.sceltedigusto.it\/public\/wp-json\/wp\/v2\/posts\/6118\/revisions\/6123"}],"wp:featuredmedia":[{"embeddable":true,"href":"https:\/\/www.sceltedigusto.it\/public\/wp-json\/wp\/v2\/media\/6119"}],"wp:attachment":[{"href":"https:\/\/www.sceltedigusto.it\/public\/wp-json\/wp\/v2\/media?parent=6118"}],"wp:term":[{"taxonomy":"category","embeddable":true,"href":"https:\/\/www.sceltedigusto.it\/public\/wp-json\/wp\/v2\/categories?post=6118"},{"taxonomy":"post_tag","embeddable":true,"href":"https:\/\/www.sceltedigusto.it\/public\/wp-json\/wp\/v2\/tags?post=6118"}],"curies":[{"name":"wp","href":"https:\/\/api.w.org\/{rel}","templated":true}]}}