{"id":5929,"date":"2014-01-03T09:02:46","date_gmt":"2014-01-03T08:02:46","guid":{"rendered":"http:\/\/www.sceltedigusto.it\/public\/?p=5929"},"modified":"2014-01-09T23:34:30","modified_gmt":"2014-01-09T22:34:30","slug":"alleleven-di-milano-cibo-da-cani","status":"publish","type":"post","link":"https:\/\/www.sceltedigusto.it\/public\/alleleven-di-milano-cibo-da-cani\/","title":{"rendered":"All&#8217;Eleven di Milano cibo da&#8230;.cani!"},"content":{"rendered":"<p><a href=\"http:\/\/www.sceltedigusto.it\/public\/wp-content\/uploads\/2014\/01\/raspelli11.jpg\"><img loading=\"lazy\" class=\"size-medium wp-image-5931 alignleft\" alt=\"raspelli1\" src=\"http:\/\/www.sceltedigusto.it\/public\/wp-content\/uploads\/2014\/01\/raspelli11-300x177.jpg\" width=\"300\" height=\"177\" \/><\/a>Raccogliere libere offerte per acquistare cibo per cani e gatti bisognosi. E\u2019 l\u2019obiettivo che si pone il Calendario Benefico 2014 di Maura Anastas\u00eca, che sar\u00e0 presentato la sera di venerd\u00ec 10 gennaio all\u2019Eleven di Milano. Un\u2019iniziativa promossa dalla giovane attrice e fotomodella sarda naturalizzata bergamasca, sostenuta per l\u2019occasione da un testimonial d\u2019eccezione. In qualche fotografia, accanto al lei, infatti, figura il giornalista \u201ccronista della gastronomia\u201d, anche conduttore di Melaverde su Canale 5, Edoardo Raspelli, allo stesso modo da sempre vicino alle cause animaliste. Stampato in poche centinaia di copie, il calendario si compone di una serie di immagini, realizzate dal fotografo naturalista Baldovino Midali al Relais Villa delle Ortensie, struttura inserita nel bel contesto montano del verde di Sant\u2019Omobono Terme, in provincia di Bergamo. Una parte del cibo gi\u00e0 messo a disposizione da parte degli sponsor, praticamente pi\u00f9 di ventimila pasti, andr\u00e0 in particolare alla \u201cLida\u201d di Olbia e all\u2019associazione \u201cAmici per i baffi\u201d di Madone (Bg). Il resto, ma anche tutto quello che giunger\u00e0 ancora dalla vendita del calendario, verr\u00e0 distribuito ai canili e gattili di altre zone d&#8217;Italia.<\/p>\n<p><strong>Gilda Sciortino<\/strong><\/p>\n","protected":false},"excerpt":{"rendered":"<p>Raccogliere libere offerte per acquistare cibo per cani e gatti bisognosi. E\u2019 l\u2019obiettivo che si pone il Calendario Benefico 2014 di Maura Anastas\u00eca, che sar\u00e0 presentato la sera di venerd\u00ec 10 gennaio all\u2019Eleven di Milano. Un\u2019iniziativa promossa dalla giovane attrice e fotomodella sarda naturalizzata bergamasca, sostenuta per l\u2019occasione da un testimonial d\u2019eccezione. In qualche fotografia, [&hellip;]<\/p>\n","protected":false},"author":18,"featured_media":5931,"comment_status":"open","ping_status":"open","sticky":false,"template":"","format":"standard","meta":[],"categories":[1],"tags":[],"jetpack_featured_media_url":"https:\/\/www.sceltedigusto.it\/public\/wp-content\/uploads\/2014\/01\/raspelli11.jpg","_links":{"self":[{"href":"https:\/\/www.sceltedigusto.it\/public\/wp-json\/wp\/v2\/posts\/5929"}],"collection":[{"href":"https:\/\/www.sceltedigusto.it\/public\/wp-json\/wp\/v2\/posts"}],"about":[{"href":"https:\/\/www.sceltedigusto.it\/public\/wp-json\/wp\/v2\/types\/post"}],"author":[{"embeddable":true,"href":"https:\/\/www.sceltedigusto.it\/public\/wp-json\/wp\/v2\/users\/18"}],"replies":[{"embeddable":true,"href":"https:\/\/www.sceltedigusto.it\/public\/wp-json\/wp\/v2\/comments?post=5929"}],"version-history":[{"count":1,"href":"https:\/\/www.sceltedigusto.it\/public\/wp-json\/wp\/v2\/posts\/5929\/revisions"}],"predecessor-version":[{"id":5932,"href":"https:\/\/www.sceltedigusto.it\/public\/wp-json\/wp\/v2\/posts\/5929\/revisions\/5932"}],"wp:featuredmedia":[{"embeddable":true,"href":"https:\/\/www.sceltedigusto.it\/public\/wp-json\/wp\/v2\/media\/5931"}],"wp:attachment":[{"href":"https:\/\/www.sceltedigusto.it\/public\/wp-json\/wp\/v2\/media?parent=5929"}],"wp:term":[{"taxonomy":"category","embeddable":true,"href":"https:\/\/www.sceltedigusto.it\/public\/wp-json\/wp\/v2\/categories?post=5929"},{"taxonomy":"post_tag","embeddable":true,"href":"https:\/\/www.sceltedigusto.it\/public\/wp-json\/wp\/v2\/tags?post=5929"}],"curies":[{"name":"wp","href":"https:\/\/api.w.org\/{rel}","templated":true}]}}