{"id":467,"date":"2011-05-25T22:48:09","date_gmt":"2011-05-25T20:48:09","guid":{"rendered":"http:\/\/www.sceltedigusto.it\/public\/Test\/i-peccati-di-gola-di-pietro-ballo-dalla-scala-di-milano-al-trionfo-degli-qanelletti-al-fornoq\/"},"modified":"2016-01-16T22:48:27","modified_gmt":"2016-01-16T21:48:27","slug":"i-peccati-di-gola-di-pietro-ballo-dalla-scala-di-milano-al-trionfo-degli-qanelletti-al-fornoq","status":"publish","type":"post","link":"https:\/\/www.sceltedigusto.it\/public\/i-peccati-di-gola-di-pietro-ballo-dalla-scala-di-milano-al-trionfo-degli-qanelletti-al-fornoq\/","title":{"rendered":"I peccati di gola di Pietro Ballo, dalla Scala di Milano al trionfo degli &#8220;Anelletti al forno&#8221;"},"content":{"rendered":"<h3 style=\"text-align: justify;\"><a href=\"http:\/\/www.sceltedigusto.it\/public\/wp-content\/uploads\/2011\/05\/ballo_pietro.jpg\"><img loading=\"lazy\" class=\"alignnone size-medium wp-image-5282\" src=\"http:\/\/www.sceltedigusto.it\/public\/wp-content\/uploads\/2011\/05\/ballo_pietro-300x200.jpg\" alt=\"ballo_pietro\" width=\"300\" height=\"200\" srcset=\"https:\/\/www.sceltedigusto.it\/public\/wp-content\/uploads\/2011\/05\/ballo_pietro-300x200.jpg 300w, https:\/\/www.sceltedigusto.it\/public\/wp-content\/uploads\/2011\/05\/ballo_pietro-1024x683.jpg 1024w, https:\/\/www.sceltedigusto.it\/public\/wp-content\/uploads\/2011\/05\/ballo_pietro-768x512.jpg 768w, https:\/\/www.sceltedigusto.it\/public\/wp-content\/uploads\/2011\/05\/ballo_pietro-1536x1024.jpg 1536w, https:\/\/www.sceltedigusto.it\/public\/wp-content\/uploads\/2011\/05\/ballo_pietro-2048x1365.jpg 2048w, https:\/\/www.sceltedigusto.it\/public\/wp-content\/uploads\/2011\/05\/ballo_pietro-150x100.jpg 150w, https:\/\/www.sceltedigusto.it\/public\/wp-content\/uploads\/2011\/05\/ballo_pietro-696x464.jpg 696w, https:\/\/www.sceltedigusto.it\/public\/wp-content\/uploads\/2011\/05\/ballo_pietro-1068x712.jpg 1068w, https:\/\/www.sceltedigusto.it\/public\/wp-content\/uploads\/2011\/05\/ballo_pietro-1920x1280.jpg 1920w, https:\/\/www.sceltedigusto.it\/public\/wp-content\/uploads\/2011\/05\/ballo_pietro-630x420.jpg 630w\" sizes=\"(max-width: 300px) 100vw, 300px\" \/><\/a><span style=\"font-size: small;\"><span style=\"font-family: verdana,geneva;\">Iniziamo oggi una nuova rubrica: \u201cAggiungi un posto a&#8230; tavola\u201d, ospitando di volta in volta alla nostra mensa un personaggio del mondo dell&#8217;arte, della politica, del costume. Ad inaugurare l&#8217;imbandito desco di \u201cScelte di Gusto\u201d c&#8217;e&#8217; un amico in pi\u00f9 : se sposti un po&#8217; la seggiola sta comodo anche <strong>Pietro Ballo<\/strong>, 59 anni il prossimo 8 ottobre, palermitano, di professione tenore. E&#8217; una delle voci pi\u00f9 grandi della lirica italiana ed affermato nei teatri di tutto il mondo.<br \/>\n<\/span><\/span><\/h3>\n<p><img loading=\"lazy\" class=\" size-full wp-image-464 alignright\" src=\"http:\/\/www.sceltedigusto.it\/public\/Test\/wp-content\/uploads\/2011\/05\/ballo-1.jpg\" alt=\"\" width=\"202\" height=\"133\" border=\"0\" srcset=\"https:\/\/www.sceltedigusto.it\/public\/wp-content\/uploads\/2011\/05\/ballo-1.jpg 390w, https:\/\/www.sceltedigusto.it\/public\/wp-content\/uploads\/2011\/05\/ballo-1-300x198.jpg 300w\" sizes=\"(max-width: 202px) 100vw, 202px\" \/>( Foto: Il tenore Pietro Ballo con la figlia Lidia, soprano)<\/p>\n<p style=\"text-align: justify;\"><span style=\"font-family: verdana,geneva;\"><span style=\"font-size: small;\">Figlio di un operaio, da giovane prima di dedicarsi al bel canto lavora come intagliatore di pietre, insieme ai fratelli, nel cantiere del padre. Dopo la svolta. Si avvicina allo studio della voce e si iscrive alla scuola di canto del Teatro Massimo di Palermo. <\/span><\/span><\/p>\n<p style=\"text-align: justify;\"><span style=\"font-family: verdana,geneva;\"><span style=\"font-size: small;\">Negli anni Settanta \u201cemigra\u201d a Milano per perfezionare la sua voce. Frequenta la scuola della celebre soprano Gina Cigna e nel 1978 il suo debutto ufficiale, come tenore leggero, al Teatro Fraschini di Pavia, interpretando Ernesto nel \u201cDon Pasquale\u201d di Gaetano Donizetti. In oltre 30 anni di attivit\u00e0 ha scritto pagine e pagine di una sfolgorante carriera. Da tenore leggero ai tempi di Fenton del Falstaff o Elvino della Sonnambula a tenore lirico puro, non appena la sua voce \u00e8 diventata pi\u00f9 matura. Arriva il successo internazionale. Ha fatto coppia con le pi\u00f9 grandi soprano di sempre ed ha lavorato anche con il grande <strong>Luciano Pavarotti<\/strong>.<\/span><\/span><\/p>\n<p><span style=\"font-family: verdana,geneva;\"><span style=\"font-size: small;\"><img loading=\"lazy\" class=\" size-full wp-image-465 alignleft\" src=\"http:\/\/www.sceltedigusto.it\/public\/Test\/wp-content\/uploads\/2011\/05\/ballo-2.jpg\" alt=\"\" width=\"226\" height=\"237\" border=\"0\" srcset=\"https:\/\/www.sceltedigusto.it\/public\/wp-content\/uploads\/2011\/05\/ballo-2.jpg 348w, https:\/\/www.sceltedigusto.it\/public\/wp-content\/uploads\/2011\/05\/ballo-2-286x300.jpg 286w\" sizes=\"(max-width: 226px) 100vw, 226px\" \/><\/span><\/span><\/p>\n<p style=\"text-align: justify;\"><span style=\"font-family: verdana,geneva;\"><span style=\"font-size: small;\">\u201cE&#8217; stato senza dubbio uno delle figure pi\u00f9 importanti della mia vita professionale \u2013 ci confida il tenore palermitano \u2013 prima il mio rapporto \u00e8 stato professionale e poi \u00e8 diventato un grande amico. Lui \u00e8 stato capace di realizzare a Modena un Accademia della Musica ed il mio sogno poi si \u00e8 avverato anche a Palermo\u201d.<\/span><\/span><\/p>\n<p><span style=\"font-family: verdana,geneva;\"><span style=\"font-size: small;\"><img loading=\"lazy\" class=\" size-full wp-image-466 alignright\" src=\"http:\/\/www.sceltedigusto.it\/public\/Test\/wp-content\/uploads\/2011\/05\/ballo-3.jpg\" alt=\"\" width=\"322\" height=\"215\" border=\"0\" srcset=\"https:\/\/www.sceltedigusto.it\/public\/wp-content\/uploads\/2011\/05\/ballo-3.jpg 322w, https:\/\/www.sceltedigusto.it\/public\/wp-content\/uploads\/2011\/05\/ballo-3-300x200.jpg 300w\" sizes=\"(max-width: 322px) 100vw, 322px\" \/> (Foto: Pietro Ballo e Luciana Serra in &#8220;Faust&#8221; &#8211; Teatro Massimo di Palermo)<\/span><\/span><\/p>\n<p style=\"text-align: justify;\"><span style=\"font-family: verdana,geneva;\"><span style=\"font-size: small;\">\u00a0<\/span><\/span><\/p>\n<p>&nbsp;<\/p>\n<p style=\"text-align: justify;\"><span style=\"font-family: verdana,geneva;\"><span style=\"font-size: small;\">Non a caso, infatti, nel 2005 il suo sogno diventa realt\u00e0, istituendo l&#8217;Accademia Lirica del Mediterraneo, la cui \u201cmission\u201d \u00e8 la diffusione della cultura lirica tra i giovani.<\/span><\/span><\/p>\n<p style=\"text-align: justify;\"><span style=\"font-family: verdana,geneva;\"><span style=\"font-size: small;\"> <strong>Maestro, che rapporto ha con la cucina siciliana? Lei sicuramente, vista la sua \u201cstazza\u201d, \u00e8 una \u201cbuona forchetta\u201d&#8230;<\/strong><\/span><\/span><\/p>\n<p style=\"text-align: justify;\"><span style=\"font-family: verdana,geneva;\"><span style=\"font-size: small;\">\u201cE&#8217; come avere una amante a cui non so dire di no. La mia gola \u00e8 croce e delizia, non solo per via della mia voce, ma anche per la mia ghiottoneria. Vuoi mettere un bel piatto di caponata? Oppure, un bel panino con le panelle? Vado pazzo anche per gli anelletti al forno e per il cannolo siciliano. Insomma, mi piace tutta la cucina tipica siciliana, palermitana\u201d.<\/span><\/span><\/p>\n<p style=\"text-align: justify;\"><span style=\"font-family: verdana,geneva;\"><span style=\"font-size: small;\"><strong>Ma c&#8217;\u00e8 un piatto che le piace gustare pi\u00f9 di altri?<\/strong><\/span><\/span><\/p>\n<p style=\"text-align: justify;\"><span style=\"font-family: verdana,geneva;\"><span style=\"font-size: small;\">\u201cDevo confessare che vado ghiotto per un bel piatto di pasta e fagioli, tipicamente estivo, per\u00f2. Mi piace mangiarla fredda, freddissima (come Capannelle, alias Carlo Pisacane nel celebre film \u201cI soliti ignoti\u201d, ndr). Dev&#8217;essere fredda, perch\u00e8 mi fa ricordare quand&#8217;ero bambino&#8230; Amo tantissimo la caponata e la nostra salsiccia che mangio in vari modi. La nostra salsiccia \u00e8 unica. C&#8217;\u00e8 un motivo perch\u00e8 sono robusto&#8230;\u201d.<\/span><\/span><\/p>\n<p style=\"text-align: justify;\"><span style=\"font-family: verdana,geneva;\"><span style=\"font-size: small;\"><strong>Ed i dolci?<\/strong><\/span><\/span><\/p>\n<p style=\"text-align: justify;\"><span style=\"font-family: verdana,geneva;\"><span style=\"font-size: small;\">\u201cVuol prendermi per la gola? Cannoli, cassata tradizionale o al forno, e poi i nostri gelati. Sono unici. Noi siamo i principi del gelato artigianale. Proprio in questi giorni \u00e8 ospite un artista spagnolo e gli ho fatto assaggiare i nostri gelati. E&#8217; letteralmente impazzito. Ha gustato il gelato al caff\u00e8, quello fatto alla palermitana e poi anche il gelato alla cassata, tipico anche questo della nostra gelateria\u201d.<\/span><\/span><\/p>\n<p style=\"text-align: justify;\"><span style=\"font-family: verdana,geneva;\"><span style=\"font-size: small;\"><strong>Tra un virtuosismo canoro ed uno spartito, si \u00e8 mai cimentato ai fornelli?<\/strong><\/span><\/span><\/p>\n<p style=\"text-align: justify;\"><span style=\"font-family: verdana,geneva;\"><span style=\"font-size: small;\">\u201cSi, mi cimento spesso. Amo stare in cucina cos\u00ec come sul palcoscenico. Mi piace cucinare e mangiare, e devo ammettere che ottengo ottimi risultati. Mia figlia, la pi\u00f9 grande, quando viene a casa a trovarmi, preferisce che sia io a cucinare e non la madre. Le piacciono gli umidi: gli spezzatini, le sgaloppine, il goulash, e mi vengono davvero bene\u201d.<\/span><\/span><\/p>\n<p style=\"text-align: justify;\"><span style=\"font-family: verdana,geneva;\"><span style=\"font-size: small;\"><strong>Quindi quando smetter\u00e0 di cantare avr\u00e0 sicuramente un futuro in&#8230; cucina?<\/strong><\/span><\/span><\/p>\n<p style=\"text-align: justify;\"><span style=\"font-family: verdana,geneva;\"><span style=\"font-size: small;\">\u201cNon si smette mai di cantare. Cucinare mi rilassa e poi quei sapori, quegli odori della nostra cucina siciliana e palermitana sono davvero unici\u201d.<\/span><\/span><\/p>\n<p style=\"text-align: justify;\"><span style=\"font-family: verdana,geneva;\"><span style=\"font-size: small;\"><strong>Come si \u201csposa\u201d il canto lirico con la cucina? E&#8217; un matrimonio fattibile?<\/strong><\/span><\/span><\/p>\n<p style=\"text-align: justify;\"><span style=\"font-family: verdana,geneva;\"><span style=\"font-size: small;\">\u201cDal punto di vista professionale non si sposa bene. Quando faccio i concerti devo attenermi alle regole. Non posso \u201cabbuffarmi\u201d, quindi la mia dieta prevede un buon piatto di pasta in bianco con olio extravergine d\u2019oliva qualche foglia di basilico e una spolveratina di formaggio. Appena termina lo spettacolo, per\u00f2, sarei capace di mangiarmi anche tutta la tavola\u2026 Dopo, purtroppo recupero tutto\u201d<\/span><\/span><\/p>\n<p style=\"text-align: justify;\"><span style=\"font-family: verdana,geneva;\"><span style=\"font-size: small;\"><strong>Maestro, preferisce la pasta o un bel risotto?<\/strong><\/span><\/span><\/p>\n<p style=\"text-align: justify;\"><span style=\"font-family: verdana,geneva;\"><span style=\"font-size: small;\">\u201cPasta, esclusivamente sempre pasta condita con tutte le salse. Adoro le pennette rigate. Il riso, il risotto lasciamolo ai \u201cpolentoni\u201d, sto naturalmente scherzando. Non me ne vogliano\u2026\u201d.<\/span><\/span><\/p>\n<p>&nbsp;<\/p>\n<p style=\"text-align: justify;\"><span style=\"font-family: verdana,geneva;\"><span style=\"font-size: small;\"><strong>Antonio Fiasconaro<\/strong><\/span><\/span><\/p>\n","protected":false},"excerpt":{"rendered":"<p>Iniziamo oggi una nuova rubrica: \u201cAggiungi un posto a&#8230; tavola\u201d, ospitando di volta in volta alla nostra mensa un personaggio del mondo dell&#8217;arte, della politica, del costume. Ad inaugurare l&#8217;imbandito desco di \u201cScelte di Gusto\u201d c&#8217;e&#8217; un amico in pi\u00f9 : se sposti un po&#8217; la seggiola sta comodo anche Pietro Ballo, 59 anni il [&hellip;]<\/p>\n","protected":false},"author":18,"featured_media":5282,"comment_status":"open","ping_status":"open","sticky":false,"template":"","format":"standard","meta":[],"categories":[4,8],"tags":[584,578,1683,124,587,586,588,540,582,583,589,579,585,580,581,591,592,576,590,577],"jetpack_featured_media_url":"https:\/\/www.sceltedigusto.it\/public\/wp-content\/uploads\/2011\/05\/ballo_pietro-scaled.jpg","_links":{"self":[{"href":"https:\/\/www.sceltedigusto.it\/public\/wp-json\/wp\/v2\/posts\/467"}],"collection":[{"href":"https:\/\/www.sceltedigusto.it\/public\/wp-json\/wp\/v2\/posts"}],"about":[{"href":"https:\/\/www.sceltedigusto.it\/public\/wp-json\/wp\/v2\/types\/post"}],"author":[{"embeddable":true,"href":"https:\/\/www.sceltedigusto.it\/public\/wp-json\/wp\/v2\/users\/18"}],"replies":[{"embeddable":true,"href":"https:\/\/www.sceltedigusto.it\/public\/wp-json\/wp\/v2\/comments?post=467"}],"version-history":[{"count":3,"href":"https:\/\/www.sceltedigusto.it\/public\/wp-json\/wp\/v2\/posts\/467\/revisions"}],"predecessor-version":[{"id":11015,"href":"https:\/\/www.sceltedigusto.it\/public\/wp-json\/wp\/v2\/posts\/467\/revisions\/11015"}],"wp:featuredmedia":[{"embeddable":true,"href":"https:\/\/www.sceltedigusto.it\/public\/wp-json\/wp\/v2\/media\/5282"}],"wp:attachment":[{"href":"https:\/\/www.sceltedigusto.it\/public\/wp-json\/wp\/v2\/media?parent=467"}],"wp:term":[{"taxonomy":"category","embeddable":true,"href":"https:\/\/www.sceltedigusto.it\/public\/wp-json\/wp\/v2\/categories?post=467"},{"taxonomy":"post_tag","embeddable":true,"href":"https:\/\/www.sceltedigusto.it\/public\/wp-json\/wp\/v2\/tags?post=467"}],"curies":[{"name":"wp","href":"https:\/\/api.w.org\/{rel}","templated":true}]}}