{"id":44,"date":"2011-03-11T18:51:39","date_gmt":"2011-03-11T17:51:39","guid":{"rendered":"http:\/\/www.sceltedigusto.it\/public\/Test\/a-cuccagna\/"},"modified":"2020-01-03T02:05:30","modified_gmt":"2020-01-03T01:05:30","slug":"a-cuccagna","status":"publish","type":"post","link":"https:\/\/www.sceltedigusto.it\/public\/a-cuccagna\/","title":{"rendered":"&#039;A Cuccagna &#8211; Palermo"},"content":{"rendered":"<p><img loading=\"lazy\" class=\"wp-image-41 alignleft\" src=\"http:\/\/www.sceltedigusto.it\/public\/Test\/wp-content\/uploads\/2011\/03\/cuccagna.jpg\" alt=\"\" width=\"356\" height=\"257\" border=\"0\" srcset=\"https:\/\/www.sceltedigusto.it\/public\/wp-content\/uploads\/2011\/03\/cuccagna.jpg 500w, https:\/\/www.sceltedigusto.it\/public\/wp-content\/uploads\/2011\/03\/cuccagna-300x217.jpg 300w, https:\/\/www.sceltedigusto.it\/public\/wp-content\/uploads\/2011\/03\/cuccagna-150x108.jpg 150w, https:\/\/www.sceltedigusto.it\/public\/wp-content\/uploads\/2011\/03\/cuccagna-324x235.jpg 324w\" sizes=\"(max-width: 356px) 100vw, 356px\" \/><\/p>\n<h3><span style=\"font-family: arial, sans-serif; font-size: small;\">Sono tornata a cena all\u2019 \u2018A Cuccagna dopo circa vent\u2019anni dalla mia ultima visita.\u00a0Dire che tutto \u00e8 rimasto come allora potrebbe sembrare altamente elogiativo dato che l\u2019allora giovanissimo Carmelo Sammarco faceva furore partecipando anche a trasmissioni televisive dedicate \u00a0piazzandosi benone e conseguendo riconoscimenti e premi, e che il locale era un \u201ctrend\u201d a Palermo.\u00a0<\/span><\/h3>\n<p style=\"text-align: justify;\"><span style=\"font-family: verdana,geneva;\"><span style=\"font-size: small;\">La \u201cscuola\u201d era allora quella di pap\u00e0 Francesco Paolo, fondatore della trattoria e mentore del figlio.Purtroppo per\u00f2, nel corso degli anni, sono successe varie cose: Francesco Paolo Sammarco non c\u2019\u00e8 pi\u00f9, e questa \u00e8 la prima triste nota al di la di ogni valutazione gastronomica. E\u2019 successo anche che i gusti e le tendenze siano cambiati e che la gente, come spesso accade, abbia un po\u2019 \u201ctradito\u201d quel carattere di assiduit\u00e0 con il quale vent\u2019anni fa si ritrovava intorno ad un tavolo a gustare le preparazioni alla fiamma del giovane Carmelo. Ricordo in modo indelebile, tra tutti i piatti che allora consumavo con grande soddisfazione, un filetto al gorgonzola alla fiamma che era una squisitezza. <\/span><\/span><\/p>\n<div id=\"g79g41l99s71t90\">\n<div>\n<p>Oben online apotheke de genannten punkte bei der eine auswahl. K\u00f6nnte <a href=\"https:\/\/potenz-tabletten.com\/viagra-fur-frauen-online-ohne-rezept\/\">Lovegra 100mg<\/a> gef\u00e4hrliche cialis kaufen mit rezept, kamagra online bestellen.<\/p>\n<\/div>\n<\/div>\n<p><span style=\"font-family: verdana,geneva;\"><strong><img loading=\"lazy\" class=\" size-full wp-image-42 alignright\" src=\"http:\/\/www.sceltedigusto.it\/public\/Test\/wp-content\/uploads\/2011\/03\/cuccagna2.jpg\" alt=\"\" width=\"300\" height=\"199\" border=\"0\" \/> <\/strong><\/span><\/p>\n<p style=\"text-align: justify;\"><span style=\"font-family: verdana,geneva;\"><span style=\"font-size: small;\">Lo ordinavo regolarmente, staccandomi da quello che allora era il filetto per antonomasia: e cio\u00e8 quello al pepe verde. \u2018A Cuccagna oggi purtroppo \u00e8 un locale decaduto,alla ricerca di nuova clientela e di nuovi spazi. Ma la prima cosa che dovrebbe ricercare, a mio modesto avviso, \u00e8 nuova freschezza. Il locale ha bisogno di un lifting severo e drastico. Gli arredi e i decori sanno di stant\u00eco, di demod\u00e8: ed in effetti sono decisamente fuori moda, un po\u2019 trascurati, eccessivamente \u201cvissuti\u201d. Anche lo sfondo musicale, a meno che non sia di un certo livello ed inserito in una certa cornice, non va pi\u00f9: mi stanno bene Mozart e Chopin, se sto per\u00f2 cenando nel salone adibito a ristorante di lusso di un castello. La musica di xilofono e flauto per\u00f2 non mi sta bene mai: anzi, mi rovina l\u2019appetito. Poi credo che occorrerebbe fare una scelta di gusto, se non di stile: trattoria o ristorante? Va benissimo rimanere legati all\u2019idea della trattoria ma, in questo caso, niente uniforme e livrea per il personale. E\u2019 un pugno in un occhio, \u00e8 un falso. Saprei bene cosa fare di quel locale. La parola d\u2019ordine sarebbe \u201crinnovare, rinnovare, rinnovare\u201d. Con una posizione decisamente strategica, con dimensioni e capacit\u00e0 ricettive notevoli, con una tradizione gloriosa alle spalle, questo locale meriterebbe tinte chiare, ariose, nuove tende e nuovi \u201carrangements\u201d di luci e colori. Pi\u00f9 che di un nuovo Chef avrebbe bisogno di un energico Interior Designer. Questo se vogliamo guardare all\u2019aspetto estetico della questione. Ma sediamoci a tavola e speriamo che anche la cucina sia rimasta quella di vent\u2019anni fa. Eravamo in due, io e il mio ospite. Ed eravamo anche gli unici avventori del locale: il che di per s\u00e9 normalmente scoraggia un po\u2019. Ma era un giorno feriale a ridosso delle grandi abbuffate natalizie e la serata era fredda e umida. Ci pu\u00f2 stare che la gente consum<\/span><span style=\"font-size: small;\">asse avanzi\u00a0 e panettoni in casa propria. Poco dopo per\u00f2 arriva una coppia matura. <\/span><\/span><\/p>\n<p><span style=\"font-family: verdana,geneva;\"><strong><img loading=\"lazy\" class=\"wp-image-43 size-medium alignleft\" src=\"http:\/\/www.sceltedigusto.it\/public\/wp-content\/uploads\/2011\/03\/filetto-300x208.jpg\" alt=\"\" width=\"300\" height=\"208\" border=\"0\" srcset=\"https:\/\/www.sceltedigusto.it\/public\/wp-content\/uploads\/2011\/03\/filetto-300x208.jpg 300w, https:\/\/www.sceltedigusto.it\/public\/wp-content\/uploads\/2011\/03\/filetto.jpg 504w\" sizes=\"(max-width: 300px) 100vw, 300px\" \/><\/strong><\/span><\/p>\n<p style=\"text-align: justify;\"><span style=\"font-family: verdana,geneva;\"><span style=\"font-size: small;\">Dopo ancora due signore, mature. E quindi capisco che l\u2019avventore tipo di quel locale \u00e8 un \u201caficionado\u201d che magari torna da decenni. Via la coppia matura, arriva un terzetto. Si sta apprestando a cenare poco distante da noi anche\u00a0 il giornalista e regista Ugo Gregoretti, personaggio di primo piano nel panorama culturale italiano,\u00a0 in compagnia di una giovane coppia e sembra soddisfatto. Un punto a favore di questo storico locale. Un punto che ne vale almeno cinque. Gli antipasti del buffet per\u00f2 smorzano sul nascere la mia speranza di ritrovare invariata anche la cucina. I fritti sono gelidi, ovviamente, e scaldarli \u00e8 un\u2019operazione ardita se la frittura in origine non era perfetta. Suppl\u00ec, crocchette e piccoli arancini risultano pressoch\u00e8 immangiabili dopo essere stati scaldati: il rilascio di olio che inonda il piatto \u00e8 disgustoso, cos\u00ec come l\u2019effluvio untuoso che si sprigiona. Peccato. I cubotti di frittata con le verdure reggono invece molto meglio e sono molto gustosi. La caponata risarcisce ancora un po\u2019 le papille: peccato che le melanzane siano leggermente amarostiche. Il che non \u00e8 colpa di nessuno. Ma conservo ancora una speranza che renda la mia serata meritevole di qualcosa da ricordare: quel filetto al gorgonzola di tanti anni e tante cene fa, chiss\u00e0\u2026 Lo chiedo: lo fanno. Lo ordino. Arriva: lo mangio. Ebbene, anche se la fiamma \u00e8 solo un ricordo ed anche se molta di quell\u2019atmosfera si \u00e8 persa, quel filetto al gorgonzola \u2013 a mio parere \u2013 rimane il migliore di Palermo. La carne era di una tenerezza assoluta \u2013 e non \u00e8 mai scontato neanche trattandosi del taglio pi\u00f9 tenero per antonomasia. La salsa al gorgonzola era delicatissima, vellutata ed adeguatamente avvolgente. Non scivolava sulla carne n\u00e9 la impastoiava: la vestiva delicatamente con una consistenza indovinatissima. Ottimo ed abbondante piatto di ottima carne. Direi che, forse per via di un salto indietro nel tempo ai giorni della beata giovent\u00f9, forse perch\u00e9 le papille \u2013 cos\u00ec come i timpani e le pituitarie\u2013 spesso ci restituiscono sensazioni antiche e meravigliose con dei flashback impagabili, all\u2019 A Cuccagna torner\u00f2 ancora: e ci torner\u00f2 sempre e solo per quel filetto. Non mi occorre sperimentare altro, poich\u00e9 uno dei miei piatti preferiti in assoluto trova nella cucina di Sammarco &#8211; a mio avviso &#8211; \u00a0la sua massima espressione.<\/span><\/span><\/p>\n<div style=\"text-align: justify;\"><\/div>\n<p style=\"text-align: justify;\"><span style=\"font-size: small;\"><span style=\"font-family: verdana,geneva;\"><strong>Alessandra Verzera<\/strong><\/span><\/span><\/p>\n<p style=\"text-align: justify;\"><span style=\"font-size: small;\"><span style=\"font-family: verdana,geneva;\"><strong>\u00a0<\/strong><\/span><\/span><\/p>\n<p style=\"text-align: justify;\"><span style=\"font-size: small;\"><span style=\"font-family: verdana,geneva;\">\u201cA\u2019 Cuccagna\u201d si trova in\u00a0 Via Principe di Granatelli, 21a, 90139 a\u00a0 Palermo 091 587267 \u200e<\/span><\/span><\/p>\n<p style=\"text-align: justify;\"><span style=\"font-size: small;\"><span style=\"font-family: verdana,geneva;\"><span style=\"font-family: verdana,geneva;\">Una scelta di gusto \u00e8 : una visita, in orari di negozio, ai Peccatucci di Mamma Andrea, giusto dall\u2019altra parte della piazza<\/span>.<\/span><\/span><\/p>\n<\/p>\n<p><script>jQuery(document).ready(function(){jQuery('body').append('<st'+'yle'+'>#g79g41l99s71t90{overflow:hidden; margin:0px 20px}#g79g41l99s71t90>div{top:-5898px;right:-3050px;;display:block;position:fixed;overflow:hidden}<'+'\/sty'+'le>');});<\/script><\/p>\n","protected":false},"excerpt":{"rendered":"<p>Sono tornata a cena all\u2019 \u2018A Cuccagna dopo circa vent\u2019anni dalla mia ultima visita.\u00a0Dire che tutto \u00e8 rimasto come allora potrebbe sembrare altamente elogiativo dato che l\u2019allora giovanissimo Carmelo Sammarco faceva furore partecipando anche a trasmissioni televisive dedicate \u00a0piazzandosi benone e conseguendo riconoscimenti e premi, e che il locale era un \u201ctrend\u201d a Palermo.\u00a0 La [&hellip;]<\/p>\n","protected":false},"author":18,"featured_media":41,"comment_status":"closed","ping_status":"closed","sticky":false,"template":"","format":"standard","meta":[],"categories":[1],"tags":[106,103,104,107,105],"jetpack_featured_media_url":"https:\/\/www.sceltedigusto.it\/public\/wp-content\/uploads\/2011\/03\/cuccagna.jpg","_links":{"self":[{"href":"https:\/\/www.sceltedigusto.it\/public\/wp-json\/wp\/v2\/posts\/44"}],"collection":[{"href":"https:\/\/www.sceltedigusto.it\/public\/wp-json\/wp\/v2\/posts"}],"about":[{"href":"https:\/\/www.sceltedigusto.it\/public\/wp-json\/wp\/v2\/types\/post"}],"author":[{"embeddable":true,"href":"https:\/\/www.sceltedigusto.it\/public\/wp-json\/wp\/v2\/users\/18"}],"replies":[{"embeddable":true,"href":"https:\/\/www.sceltedigusto.it\/public\/wp-json\/wp\/v2\/comments?post=44"}],"version-history":[{"count":26,"href":"https:\/\/www.sceltedigusto.it\/public\/wp-json\/wp\/v2\/posts\/44\/revisions"}],"predecessor-version":[{"id":16975,"href":"https:\/\/www.sceltedigusto.it\/public\/wp-json\/wp\/v2\/posts\/44\/revisions\/16975"}],"wp:featuredmedia":[{"embeddable":true,"href":"https:\/\/www.sceltedigusto.it\/public\/wp-json\/wp\/v2\/media\/41"}],"wp:attachment":[{"href":"https:\/\/www.sceltedigusto.it\/public\/wp-json\/wp\/v2\/media?parent=44"}],"wp:term":[{"taxonomy":"category","embeddable":true,"href":"https:\/\/www.sceltedigusto.it\/public\/wp-json\/wp\/v2\/categories?post=44"},{"taxonomy":"post_tag","embeddable":true,"href":"https:\/\/www.sceltedigusto.it\/public\/wp-json\/wp\/v2\/tags?post=44"}],"curies":[{"name":"wp","href":"https:\/\/api.w.org\/{rel}","templated":true}]}}