{"id":3410,"date":"2012-04-14T17:38:40","date_gmt":"2012-04-14T15:38:40","guid":{"rendered":"http:\/\/www.sceltedigusto.it\/public\/Test\/bimbi-in-cucina-a-misterbianco-debutta-piccolo-chef\/"},"modified":"2013-11-16T21:11:24","modified_gmt":"2013-11-16T20:11:24","slug":"bimbi-in-cucina-a-misterbianco-debutta-piccolo-chef","status":"publish","type":"post","link":"https:\/\/www.sceltedigusto.it\/public\/bimbi-in-cucina-a-misterbianco-debutta-piccolo-chef\/","title":{"rendered":"BIMBI IN CUCINA, A MISTERBIANCO DEBUTTA \u201cPICCOLO CHEF\u201d"},"content":{"rendered":"<p style=\"text-align: justify;\"><span style=\"font-family: trebuchet ms,geneva;\"><span style=\"font-size: small;\"><img loading=\"lazy\" class=\" size-full wp-image-3407\" src=\"http:\/\/www.sceltedigusto.it\/public\/Test\/wp-content\/uploads\/2012\/04\/piccolo chef.png\" border=\"0\" width=\"250\" style=\"margin: 5px;\" width=\"310\" height=\"456\" \/>Fervono i preparativi per la Prima Edizione della nuova manifestazione ideata da &#8220;Ristoworld Italia&#8221; giovane associazione catanese che raggruppa chef, cuochi, pasticceri, camerieri, direttori d&#8217;hotel, ristoratori, giornalisti, gastronomi, e da \u201cWine &amp; Fashion Tv\u201d<strong> <\/strong>di Marika Orlando M.Ma.)<br \/><\/span><\/span><\/p>\n<p><span style=\"font-family: trebuchet ms,geneva;\"><span style=\"font-size: small;\"> <\/span><\/span><\/p>\n<p>  <!--more-->  <\/p>\n<p>\u00a0<\/p>\n<p style=\"text-align: justify;\"><span style=\"font-family: trebuchet ms,geneva;\"><span style=\"font-size: small;\"><img loading=\"lazy\" class=\" alignright size-full wp-image-3408\" src=\"http:\/\/www.sceltedigusto.it\/public\/Test\/wp-content\/uploads\/2012\/04\/bimbi1.jpg\" border=\"0\" width=\"241\" height=\"207\" style=\"margin: 5px; float: right;\" width=\"360\" height=\"317\" \/>L\u2019appuntamento \u00e8 di quelli originali ed\u00a0\u00e8 fissato per il prossimo 1\u00b0 maggio a Misterbianco,\u00a0in provincia di Catania, in piazza Mazzini e vedr\u00e0 sfidarsi tra loro a colpi di primi, secondi e dolci, piccoli cuochi in erba che si daranno battaglia a suon di mestoli e mattarelli\u00a0in cucina. \u201c<strong>Piccolo Chef<\/strong>\u201d, infatti, \u00e8 al suo debutto e sar\u00e0 dedicato a tutti i bambini che vorranno partecipare e sar\u00e0\u00a0a titolo completamente gratuito. Previsto un medagliere e un ordine di classifica stilato da una giuria qualificata che esaminer\u00e0 tutti\u00a0i piatti in concorso che saranno valutati secondo i criteri delle competizioni internazionali. Esattamente come per i concorsi per i \u201cgrandi\u201d. <\/span><\/span><\/p>\n<p style=\"text-align: justify;\"><span style=\"font-family: trebuchet ms,geneva;\"><span style=\"font-size: small;\"><span style=\"font-family: trebuchet ms,geneva;\"><span style=\"font-size: small;\"><img loading=\"lazy\" class=\" alignleft size-full wp-image-3409\" src=\"http:\/\/www.sceltedigusto.it\/public\/Test\/wp-content\/uploads\/2012\/04\/bimbi-in-cucina.jpg\" border=\"0\" width=\"268\" height=\"147\" style=\"margin: 5px; float: left;\" width=\"550\" height=\"295\" \/><\/span><\/span>\u00ab<em>Siamo partiti dalla riflessione sull\u2019importanza che in questi ultimi anni riveste il comparto della cucina e di tutto quello che ruota attorno alla ristorazione<\/em> \u2013 commenta lo chef <strong>Andrea Finocchiaro<\/strong>, presidente Ristoworld Italia. <em>La rinnovata attenzione per questo mondo coinvolge direttamente le famiglie e quindi i bambini, che, anche grazie alla televisione e ai social network, si ritrovano spesso a contatto con chef, piatti, concorsi e cucine. Ai bambini della scuola primaria rivolgiamo l\u2019invito a realizzare un piatto, con l\u2019aiuto e la supervisione di mamma e pap\u00e0 e del corpo docenti. Nella fase di ricerca e di sperimentazione della ricetta, interverranno anche i nonni, in una stupenda operazione di <\/em><em>recupero della memoria storica della Sicilia, straordinario contenitore di eccellenze enogastronomiche<\/em>\u00bb.<\/span><\/span><\/p>\n<p style=\"text-align: justify;\"><span style=\"font-family: trebuchet ms,geneva;\"><span style=\"font-size: small;\">Oltre alla gara, prevista anche una sfilata di moda incentrata sulla sicilianit\u00e0, con abiti della stilista catanese <strong>Arcangela Aiello<\/strong> e una mostra mercato di prodotti tipico locali. Ospite d\u2019onore l\u2019attore teatrale <strong>Cosimo Coltraro<\/strong>.<\/p>\n<p>Per iscrizioni e info: 346.6367612 &#8211; info@ristoworld.net)<\/p>\n<p><strong>Marcello Malta<\/strong><\/span><\/span><\/p>\n","protected":false},"excerpt":{"rendered":"<p>Fervono i preparativi per la Prima Edizione della nuova manifestazione ideata da &#8220;Ristoworld Italia&#8221; giovane associazione catanese che raggruppa chef, cuochi, pasticceri, camerieri, direttori d&#8217;hotel, ristoratori, giornalisti, gastronomi, e da \u201cWine &amp; Fashion Tv\u201d di Marika Orlando M.Ma.)<\/p>\n","protected":false},"author":18,"featured_media":3407,"comment_status":"open","ping_status":"open","sticky":false,"template":"","format":"standard","meta":[],"categories":[29],"tags":[4839,4840,4835,539,370,4841,2614,4837,4834,4833,4838,264,4836],"jetpack_featured_media_url":"https:\/\/www.sceltedigusto.it\/public\/wp-content\/uploads\/2012\/04\/piccolo chef.png","_links":{"self":[{"href":"https:\/\/www.sceltedigusto.it\/public\/wp-json\/wp\/v2\/posts\/3410"}],"collection":[{"href":"https:\/\/www.sceltedigusto.it\/public\/wp-json\/wp\/v2\/posts"}],"about":[{"href":"https:\/\/www.sceltedigusto.it\/public\/wp-json\/wp\/v2\/types\/post"}],"author":[{"embeddable":true,"href":"https:\/\/www.sceltedigusto.it\/public\/wp-json\/wp\/v2\/users\/18"}],"replies":[{"embeddable":true,"href":"https:\/\/www.sceltedigusto.it\/public\/wp-json\/wp\/v2\/comments?post=3410"}],"version-history":[{"count":1,"href":"https:\/\/www.sceltedigusto.it\/public\/wp-json\/wp\/v2\/posts\/3410\/revisions"}],"predecessor-version":[{"id":4296,"href":"https:\/\/www.sceltedigusto.it\/public\/wp-json\/wp\/v2\/posts\/3410\/revisions\/4296"}],"wp:featuredmedia":[{"embeddable":true,"href":"https:\/\/www.sceltedigusto.it\/public\/wp-json\/wp\/v2\/media\/3407"}],"wp:attachment":[{"href":"https:\/\/www.sceltedigusto.it\/public\/wp-json\/wp\/v2\/media?parent=3410"}],"wp:term":[{"taxonomy":"category","embeddable":true,"href":"https:\/\/www.sceltedigusto.it\/public\/wp-json\/wp\/v2\/categories?post=3410"},{"taxonomy":"post_tag","embeddable":true,"href":"https:\/\/www.sceltedigusto.it\/public\/wp-json\/wp\/v2\/tags?post=3410"}],"curies":[{"name":"wp","href":"https:\/\/api.w.org\/{rel}","templated":true}]}}