{"id":3316,"date":"2012-03-31T14:56:19","date_gmt":"2012-03-31T12:56:19","guid":{"rendered":"http:\/\/www.sceltedigusto.it\/public\/Test\/vinitaly-parola-ai-grandi-consorzi-toscani-il-consorzio-vino-nobile-di-montepulciano\/"},"modified":"2016-01-18T19:56:17","modified_gmt":"2016-01-18T18:56:17","slug":"vinitaly-parola-ai-grandi-consorzi-toscani-il-consorzio-vino-nobile-di-montepulciano","status":"publish","type":"post","link":"https:\/\/www.sceltedigusto.it\/public\/vinitaly-parola-ai-grandi-consorzi-toscani-il-consorzio-vino-nobile-di-montepulciano\/","title":{"rendered":"VINITALY, PAROLA AI GRANDI CONSORZI TOSCANI: IL CONSORZIO VINO NOBILE DI MONTEPULCIANO"},"content":{"rendered":"<p style=\"text-align: justify;\"><span style=\"font-family: trebuchet ms,geneva;\"><span style=\"font-size: small;\"><img loading=\"lazy\" class=\" size-full wp-image-3313\" src=\"http:\/\/www.sceltedigusto.it\/public\/Test\/wp-content\/uploads\/2012\/03\/consorzio al vinitaly 2012a.jpg\" border=\"0\" width=\"250\" style=\"margin: 5px;\" width=\"614\" height=\"540\" \/>A poche ore dal termine della pi\u00f9 importante manifestazione vitivinicola del panorama italiano e internazionale, abbiamo contattato i maggiori Consorzi toscani per ricevere i primi commenti sull\u2019andamento della fiera veronese, a cominciare dalla riduzione dei giorni di esposizione, fatta per privilegiare gli operatori di settore<em>, <\/em>le differenze con la passata edizione in termini di afflusso a banchi di degustazione (F.Pa.)<\/span><\/span><\/p>\n<p><span style=\"font-family: trebuchet ms,geneva;\"><span style=\"font-size: small;\">\u00a0<\/span><\/span><\/p>\n<p>  <!--more-->  <\/p>\n<p><span style=\"font-family: trebuchet ms,geneva;\"><span style=\"font-size: small;\"><img loading=\"lazy\" class=\" alignright size-full wp-image-3314\" src=\"http:\/\/www.sceltedigusto.it\/public\/Test\/wp-content\/uploads\/2012\/03\/consorzio al vinitaly 2012.jpg\" border=\"0\" width=\"250\" style=\"margin: 5px; float: right;\" width=\"499\" height=\"374\" \/>Cominciamo dal Consorzio del Vino Nobile di Montepulciano, presente a Verona con oltre 50 aziende di cui 22 in forma diretta, che ha messo a disposizione del grande pubblico composto dagli addetti ai lavoratori e da semplici appassionati, il \u201c<strong>Nobile<\/strong>\u201d annata 2009, la \u201c<strong>Riserva<\/strong>\u201d 2008, oltre all\u2019immancabile \u201c<strong>Rosso<\/strong>\u201d e all\u2019imperdibile <strong>Vin Santo<\/strong> anche nella variante pi\u00f9 ricercata \u201c<strong>Occhio di pernice<\/strong>\u201d. Tra le note pi\u00f9 interessanti dobbiamo sottolineare la presenza di un numero sempre maggiore di aziende produttrici di vini secondo le normative biologiche, oltre il 10%, finalmente riconosciute anche in ambito comunitario e guardate con sempre maggiore attenzione e consapevolezza d\u2019acquisto dal consumatore finale. Senza dimenticare la tecnologica iniziativa Qr-Code,\u00a0 bissata dopo il grande successo ottenuto lo scorso anno, che ha dato la possibilit\u00e0 ai possessori di uno smartphone di scaricare gratuitamente notizie, curiosit\u00e0, approfondimenti sulle aziende vinicole, sul territorio e pi\u00f9 generale sul pacchetto turistico offerto dalla cittadina di Montepulciano anche in vista delle prossime vacanze estive. <\/p>\n<p><img loading=\"lazy\" class=\" alignleft size-full wp-image-3315\" src=\"http:\/\/www.sceltedigusto.it\/public\/Test\/wp-content\/uploads\/2012\/03\/paolo solini.jpg\" border=\"0\" width=\"250\" style=\"margin: 5px; float: left;\" width=\"188\" height=\"197\" \/>Di seguito la breve intervista a<strong> Paolo Solini<\/strong>, coordinatore del Consorzio del Vino Nobile di Montepulciano.<br \/><\/span><\/span><span style=\"font-family: trebuchet ms,geneva;\"><span style=\"font-size: small;\"><strong>Il bilancio del Consorzio al termine dell\u2019edizione 2012.<br \/><\/strong>Siamo davvero molto soddisfatti soprattutto per la qualit\u00e0 degli operatori che hanno potuto incontrare le nostre 22 aziende presenti allo stand in forma diretta. Dalle prime valutazioni a caldo, i produttori hanno riscontrato una importante presenza di buyer, soprattutto dall&#8217;estero.\u00a0<br \/><\/span><\/span><span style=\"font-family: trebuchet ms,geneva;\"><span style=\"font-size: small;\"><strong>Avete riscontrato differenze rispetto alla passata edizione?<br \/><\/strong>La differenza pi\u00f9 evidente \u00e8 la scelta di Veronafiere di cambiare i giorni della manifestazione. Scelta che come storici espositori del Vinitaly abbiamo stimolato da tempo e che quest&#8217;anno ci ha dato ragione. Intanto meno giorni, ma soprattutto concentrare l&#8217;offerta il luned\u00ec e il marted\u00ec per permettere anche agli operatori dell&#8217;Ho.Re.Ca. di poter intervenire a Vinitaly.\u00a0<br \/><\/span><\/span><span style=\"font-family: trebuchet ms,geneva;\"><span style=\"font-size: small;\"><strong>In conclusione ci sono state alcune criticit\u00e0 nella macchina organizzativa veronese?<br \/><\/strong>Si pu\u00f2 sempre migliorare. Quest&#8217;anno c&#8217;\u00e8 stato il problema della telefonia e di internet, ma alla fine gli affari si fanno faccia a faccia. Probabilmente non si risolver\u00e0 mai l&#8217;annoso problema della viabilit\u00e0. Vinitaly tuttavia \u00e8 una delle fiere pi\u00f9 visitate in Italia e ci pu\u00f2 stare qualche problema logistico.<\/span><\/span><\/p>\n<p style=\"text-align: justify;\"><strong><span style=\"font-family: trebuchet ms,geneva;\"><span style=\"font-size: small;\">Fabio Panci<\/span><\/span><\/strong><\/p>\n","protected":false},"excerpt":{"rendered":"<p>A poche ore dal termine della pi\u00f9 importante manifestazione vitivinicola del panorama italiano e internazionale, abbiamo contattato i maggiori Consorzi toscani per ricevere i primi commenti sull\u2019andamento della fiera veronese, a cominciare dalla riduzione dei giorni di esposizione, fatta per privilegiare gli operatori di settore, le differenze con la passata edizione in termini di afflusso [&hellip;]<\/p>\n","protected":false},"author":18,"featured_media":3313,"comment_status":"open","ping_status":"open","sticky":false,"template":"","format":"standard","meta":[],"categories":[4,5438],"tags":[4701,4708,4702,4707,4668,4704,4703,4706,4700,4705,1655,4145],"jetpack_featured_media_url":"https:\/\/www.sceltedigusto.it\/public\/wp-content\/uploads\/2012\/03\/consorzio al vinitaly 2012a.jpg","_links":{"self":[{"href":"https:\/\/www.sceltedigusto.it\/public\/wp-json\/wp\/v2\/posts\/3316"}],"collection":[{"href":"https:\/\/www.sceltedigusto.it\/public\/wp-json\/wp\/v2\/posts"}],"about":[{"href":"https:\/\/www.sceltedigusto.it\/public\/wp-json\/wp\/v2\/types\/post"}],"author":[{"embeddable":true,"href":"https:\/\/www.sceltedigusto.it\/public\/wp-json\/wp\/v2\/users\/18"}],"replies":[{"embeddable":true,"href":"https:\/\/www.sceltedigusto.it\/public\/wp-json\/wp\/v2\/comments?post=3316"}],"version-history":[{"count":1,"href":"https:\/\/www.sceltedigusto.it\/public\/wp-json\/wp\/v2\/posts\/3316\/revisions"}],"predecessor-version":[{"id":4145,"href":"https:\/\/www.sceltedigusto.it\/public\/wp-json\/wp\/v2\/posts\/3316\/revisions\/4145"}],"wp:featuredmedia":[{"embeddable":true,"href":"https:\/\/www.sceltedigusto.it\/public\/wp-json\/wp\/v2\/media\/3313"}],"wp:attachment":[{"href":"https:\/\/www.sceltedigusto.it\/public\/wp-json\/wp\/v2\/media?parent=3316"}],"wp:term":[{"taxonomy":"category","embeddable":true,"href":"https:\/\/www.sceltedigusto.it\/public\/wp-json\/wp\/v2\/categories?post=3316"},{"taxonomy":"post_tag","embeddable":true,"href":"https:\/\/www.sceltedigusto.it\/public\/wp-json\/wp\/v2\/tags?post=3316"}],"curies":[{"name":"wp","href":"https:\/\/api.w.org\/{rel}","templated":true}]}}