{"id":2815,"date":"2012-01-29T07:02:35","date_gmt":"2012-01-29T06:02:35","guid":{"rendered":"http:\/\/www.sceltedigusto.it\/public\/Test\/formaggi-del-mondo-a-ragusa-e-nata-lassociazione-qworld-wide-traditional-cheese-associationq\/"},"modified":"2013-11-16T21:11:25","modified_gmt":"2013-11-16T20:11:25","slug":"formaggi-del-mondo-a-ragusa-e-nata-lassociazione-qworld-wide-traditional-cheese-associationq","status":"publish","type":"post","link":"https:\/\/www.sceltedigusto.it\/public\/formaggi-del-mondo-a-ragusa-e-nata-lassociazione-qworld-wide-traditional-cheese-associationq\/","title":{"rendered":"Formaggi del mondo, a Ragusa \u00e8 nata l&#8217;associazione &#8220;World-wide Traditional Cheese association&#8221;"},"content":{"rendered":"<p style=\"text-align: justify;\"><span style=\"font-family: verdana,geneva;\"><img loading=\"lazy\" class=\" size-full wp-image-1305\" src=\"http:\/\/www.sceltedigusto.it\/public\/Test\/wp-content\/uploads\/2011\/09\/formaggi-tagliere.jpg\" border=\"0\" width=\"223\" height=\"180\" width=\"200\" height=\"140\" \/><span style=\"font-size: small;\"> E&#8217; stata costituita a Ragusa  nell&#8217;ambito della rassegna enogastronomica &#8220;Cheese Art 2012&#8221; l&#8217;associazione  &#8220;World-wide Traditional Cheese association&#8221;, organismo che unisce 140 associati provenienti da 19 Paesi diversi con l&#8217;obiettivo  di creare un network scientifico internazionale per migliorare la qualit\u00e0  produttiva della filiera lattiero casearia. (A. Fi.)<\/span><\/span><\/p>\n<p><span style=\"font-size: small;\"> <\/span><\/p>\n<h3 style=\"text-align: justify;\"><span style=\"font-size: small;\"><span style=\"font-family: verdana,geneva;\">   <!--more-->  <\/span><\/span><\/h3>\n<p style=\"text-align: justify;\"><span style=\"font-size: small;\"><span style=\"font-family: verdana,geneva;\"><img loading=\"lazy\" class=\" alignright size-full wp-image-2814\" src=\"http:\/\/www.sceltedigusto.it\/public\/Test\/wp-content\/uploads\/2012\/01\/cheese-art.jpg\" border=\"0\" width=\"298\" height=\"232\" style=\"margin: 5px; float: right;\" width=\"1024\" height=\"717\" \/>L\u2019associazione si occupa dei formaggi storici nel mondo e ha gi\u00e0 avuto   adesioni da vari Paesi, con pi\u00f9 di 140 iscritti. Tra i Paesi pi\u00f9   insoliti c\u2019\u00e8 la Mongolia ma abbiamo vari paesi del Maghreb, tra tutti la   Tunisia che si affaccia a questo appuntamento con maggiori speranze  per  un nuovo differente sviluppo anche nel settore lattiero caseario.<\/span><\/span><\/p>\n<p style=\"text-align: justify;\"><span style=\"font-size: small;\"><span style=\"font-family: verdana,geneva;\">&#8220;L&#8217;idea \u00e8 quella di  lavorare in modo sinergico &#8211; ha sottolineato Giuseppe Licitra, presidente del Consorzio  di Ricerca Lattiero Caseario di Ragusa &#8211; per determinare le caratteristiche  dei formaggi tradizionali prodotti nel mondo, le caratteristiche delle  tecnologie di produzione insieme all&#8217;importanza dell&#8217;utilizzo di attrezzature  tradizionali. La volont\u00e0 \u00e8 quella di uniformare metodologie scientifiche e  tecnologiche con l&#8217;obiettivo di rendere i protocolli sperimentali pi\u00f9  omogenei per consentire una maggiore confrontabilit\u00e0 dei risultati&#8221;. <\/span><\/span><\/p>\n<p><span style=\"font-size: small;\"><span style=\"font-family: verdana,geneva;\"> <\/span><\/span><\/p>\n<p style=\"text-align: justify;\"><span style=\"font-size: small;\"><span style=\"font-family: verdana,geneva;\"><img loading=\"lazy\" class=\" alignleft size-full wp-image-1132\" src=\"http:\/\/www.sceltedigusto.it\/public\/Test\/wp-content\/uploads\/2011\/08\/caciocavallo.jpg\" border=\"0\" width=\"249\" height=\"223\" style=\"margin: 5px; float: left;\" width=\"200\" height=\"177\" \/>&#8220;Un percorso obbligato &#8211; ha sottolineato la ricercatrice  francese Sylvie Lortal, perch\u00e8 c&#8217;\u00e8 il concreto rischio di perdere  il contatto con i sistemi tradizionali della filiera casearia dove il  legno \u00e8 attore vivo nella produzione artigianale. Come dimostrato anche da  Marie Christine Montel che dalla Francia ha illustrato le ultime ricerche  sulla diversit\u00e0 microbica presente nelle singole produzioni. L&#8217;abbattimento  dei patogeni, senza la necessit\u00e0 di eliminare tutti batteri della  microflora, permette di garantire la salubrit\u00e0 del prodotto che  finisce sulle tavole dei consumatori&#8221;.<\/span><\/span><\/p>\n<p style=\"text-align: justify;\"><span style=\"font-size: small;\"><span style=\"font-family: verdana,geneva;\">Una comunit\u00e0 scientifica, dunque, con l&#8217;obiettivo di proteggere i formaggi  tradizionali lavorando in sinergia al fine di determinare le  caratteristiche dei formaggi tradizionali prodotti nel mondo, le  caratteristiche delle tecnologie di produzione insieme all&#8217;importanza  dell&#8217;utilizzo di attrezzature tradizionali. Altro fine dell&#8217;associazione  \u00e8 quello di educare i produttori, i consumatori e il ricercatore a  saper comprendere il valore e il significato reale di queste produzioni a  valenza culturale.<\/span><\/span><\/p>\n<p style=\"text-align: justify;\"><span style=\"font-family: Arial;\"><span style=\"font-family: verdana,geneva;\"><span style=\"font-size: small;\"><strong>Antonio Fiasconaro<\/strong><br \/><\/span><\/span><\/span><\/p>\n","protected":false},"excerpt":{"rendered":"<p>E&#8217; stata costituita a Ragusa nell&#8217;ambito della rassegna enogastronomica &#8220;Cheese Art 2012&#8221; l&#8217;associazione &#8220;World-wide Traditional Cheese association&#8221;, organismo che unisce 140 associati provenienti da 19 Paesi diversi con l&#8217;obiettivo di creare un network scientifico internazionale per migliorare la qualit\u00e0 produttiva della filiera lattiero casearia. (A. Fi.)<\/p>\n","protected":false},"author":18,"featured_media":1305,"comment_status":"open","ping_status":"open","sticky":false,"template":"","format":"standard","meta":[],"categories":[29],"tags":[1683,3589,3950,790,3590,3948,3949,908,3951,2432],"jetpack_featured_media_url":"https:\/\/www.sceltedigusto.it\/public\/wp-content\/uploads\/2011\/09\/formaggi-tagliere.jpg","_links":{"self":[{"href":"https:\/\/www.sceltedigusto.it\/public\/wp-json\/wp\/v2\/posts\/2815"}],"collection":[{"href":"https:\/\/www.sceltedigusto.it\/public\/wp-json\/wp\/v2\/posts"}],"about":[{"href":"https:\/\/www.sceltedigusto.it\/public\/wp-json\/wp\/v2\/types\/post"}],"author":[{"embeddable":true,"href":"https:\/\/www.sceltedigusto.it\/public\/wp-json\/wp\/v2\/users\/18"}],"replies":[{"embeddable":true,"href":"https:\/\/www.sceltedigusto.it\/public\/wp-json\/wp\/v2\/comments?post=2815"}],"version-history":[{"count":1,"href":"https:\/\/www.sceltedigusto.it\/public\/wp-json\/wp\/v2\/posts\/2815\/revisions"}],"predecessor-version":[{"id":4325,"href":"https:\/\/www.sceltedigusto.it\/public\/wp-json\/wp\/v2\/posts\/2815\/revisions\/4325"}],"wp:featuredmedia":[{"embeddable":true,"href":"https:\/\/www.sceltedigusto.it\/public\/wp-json\/wp\/v2\/media\/1305"}],"wp:attachment":[{"href":"https:\/\/www.sceltedigusto.it\/public\/wp-json\/wp\/v2\/media?parent=2815"}],"wp:term":[{"taxonomy":"category","embeddable":true,"href":"https:\/\/www.sceltedigusto.it\/public\/wp-json\/wp\/v2\/categories?post=2815"},{"taxonomy":"post_tag","embeddable":true,"href":"https:\/\/www.sceltedigusto.it\/public\/wp-json\/wp\/v2\/tags?post=2815"}],"curies":[{"name":"wp","href":"https:\/\/api.w.org\/{rel}","templated":true}]}}