{"id":2710,"date":"2012-01-20T00:54:39","date_gmt":"2012-01-19T23:54:39","guid":{"rendered":"http:\/\/www.sceltedigusto.it\/public\/Test\/alimentazioneasalute-il-menu-del-fast-food-non-puo-essere-la-merenda\/"},"modified":"2013-11-16T21:13:19","modified_gmt":"2013-11-16T20:13:19","slug":"alimentazioneasalute-il-menu-del-fast-food-non-puo-essere-la-merenda","status":"publish","type":"post","link":"https:\/\/www.sceltedigusto.it\/public\/alimentazioneasalute-il-menu-del-fast-food-non-puo-essere-la-merenda\/","title":{"rendered":"Alimentazione&#038;Salute: il men\u00f9 del fast food non pu\u00f2 essere la merenda"},"content":{"rendered":"<h3 style=\"text-align: justify;\"><img loading=\"lazy\" class=\" size-full wp-image-2706\" src=\"http:\/\/www.sceltedigusto.it\/public\/Test\/wp-content\/uploads\/2012\/01\/obesit.jpg\" border=\"0\" width=\"195\" height=\"200\" style=\"margin: 5px;\" width=\"389\" height=\"400\" srcset=\"https:\/\/www.sceltedigusto.it\/public\/wp-content\/uploads\/2012\/01\/obesit.jpg 389w, https:\/\/www.sceltedigusto.it\/public\/wp-content\/uploads\/2012\/01\/obesit-292x300.jpg 292w, https:\/\/www.sceltedigusto.it\/public\/wp-content\/uploads\/2012\/01\/obesit-150x154.jpg 150w, https:\/\/www.sceltedigusto.it\/public\/wp-content\/uploads\/2012\/01\/obesit-300x308.jpg 300w, https:\/\/www.sceltedigusto.it\/public\/wp-content\/uploads\/2012\/01\/obesit-356x364.jpg 356w\" sizes=\"(max-width: 195px) 100vw, 195px\" \/><span style=\"font-family: verdana,geneva;\">Le &#8220;malattie del benessere&#8221; stanno sempre pi\u00f9 diventando emergenza globale: diabete e obesit\u00e0 su tutte e la sedentarier\u00e0, la disinformazione e gli eccessi alimentari, secondo gli esperti, sono tra le maggiori cause. Per contrastrarle, quindi, bisogna agire e presto, su stili di vita e nuove abitudini alimentari. (A. Fi.) <\/span><\/h3>\n<h3 style=\"text-align: justify;\"><span style=\"font-size: small;\"><span style=\"font-family: verdana,geneva;\">   <!--more-->  <\/span><\/span><\/h3>\n<div style=\"margin-right: 0px; margin-bottom: 0px; margin-left: 0px; text-align: justify; font-style: normal; font-variant: normal; font-weight: normal; line-height: normal; font-size-adjust: none; font-stretch: normal;\"><img loading=\"lazy\" class=\" alignright size-full wp-image-2707\" src=\"http:\/\/www.sceltedigusto.it\/public\/Test\/wp-content\/uploads\/2012\/01\/adi_1.jpg\" border=\"0\" width=\"264\" height=\"221\" style=\"margin: 5px; float: right;\" width=\"200\" height=\"171\" \/><span style=\"font-size: small;\"><span style=\"font-family: verdana,geneva;\">Questo il messaggio di <em>&#8220;<\/em>Salute al piacere&#8221;,  la nuova campagna di educazione alimentare condotta da Associazione  Italiana di Dietetica e Nutrizione Clinica (Adi), Associazione Medici  Diabetologi (Amd) e Slow Food Italia. &#8220;L\u2019associazione tra obesit\u00e0 e diabete &#8211; ha evidenziato Carlo Bruno Giorda, presidente Amd &#8211; rappresenta la pi\u00f9  rapida e impressionante epidemia che abbia colpito l\u2019umanit\u00e0, e gli  ultimi studi purtroppo confermano la crescita costante: oggi si contano  246 milioni di diabetici, ma potrebbero diventare 380 nel 2025. Si pu\u00f2 intervenire, in  particolare con prevenzione del diabete tipo 2, quello maggiormente  legato ad alimentazione e abitudini. Per limitarne i danni e prevenirlo  non serve diventare grissini, basta mangiare poco di tutto, tenere il  peso sotto controllo e fare attivit\u00e0 fisica&#8221;.<\/span><\/span><\/div>\n<div style=\"margin-right: 0px; margin-bottom: 0px; margin-left: 0px; font-style: normal; font-variant: normal; font-weight: normal; line-height: normal; font-size-adjust: none; font-stretch: normal;\"><span style=\"font-size: small;\"><span style=\"font-family: verdana,geneva;\"><img loading=\"lazy\" class=\" alignleft size-full wp-image-2708\" src=\"http:\/\/www.sceltedigusto.it\/public\/Test\/wp-content\/uploads\/2012\/01\/slow food_1.jpg\" border=\"0\" width=\"230\" height=\"163\" style=\"margin: 5px; float: left;\" width=\"200\" height=\"97\" \/><\/span><\/span><\/div>\n<div style=\"margin-right: 0px; margin-bottom: 0px; margin-left: 0px; text-align: justify; font-style: normal; font-variant: normal; font-weight: normal; line-height: normal; font-size-adjust: none; font-stretch: normal;\"><span style=\"font-size: small;\"><span style=\"font-family: verdana,geneva;\">Anche  i dati sull\u2019obesit\u00e0, seppur ben noti, evidenziano cifre allarmanti: &#8220;A  preoccupare sono soprattutto quelle che riguardano i pi\u00f9 piccoli &#8211; ha spiegato, invece, Maria Luisa Amerio, direttore Soc Dietetica e Nutrizione Clinica dell&#8217;ospedale Cardinal Massaia di Asti -. Un  esempio su tutti, il caso italiano con il primato europeo di bambini  obesi nella fascia 8-9 anni: uno su dieci \u00e8 obeso e ben un bambino su  tre \u00e8 in sovrappeso. Il problema \u00e8 che l\u2019obesit\u00e0 infantile nella maggior  parte dei casi si trascina fino all\u2019et\u00e0 adulta. Importantissima, dunque  una corretta educazione alimentare: un doppio cheeseburger, con  patatine e bevanda zuccherata, introduce 1500 calorie, per un bambino  l\u2019equivalente di un pasto abbondante. Un grave errore considerarlo  adatto alla merenda&#8221;.<\/span><\/span><\/div>\n<div style=\"margin-right: 0px; margin-bottom: 0px; margin-left: 0px; text-align: justify; font-style: normal; font-variant: normal; font-weight: normal; line-height: normal; font-size-adjust: none; font-stretch: normal;\"><span style=\"font-size: small;\"><span style=\"font-family: verdana,geneva;\"><br \/><\/span><\/span><\/div>\n<div style=\"margin-right: 0px; margin-bottom: 0px; margin-left: 0px; font-style: normal; font-variant: normal; font-weight: normal; line-height: normal; font-size-adjust: none; font-stretch: normal;\"><span style=\"font-size: small;\"><span style=\"font-family: verdana,geneva;\"><img loading=\"lazy\" class=\" alignright size-full wp-image-2503\" src=\"http:\/\/www.sceltedigusto.it\/public\/Test\/wp-content\/uploads\/2011\/12\/abbuffate_2.gif\" border=\"0\" width=\"271\" height=\"199\" style=\"margin: 5px; float: right;\" width=\"230\" height=\"230\" \/><\/span><\/span><\/div>\n<div style=\"margin-right: 0px; margin-bottom: 0px; margin-left: 0px; text-align: justify; font-style: normal; font-variant: normal; font-weight: normal; line-height: normal; font-size-adjust: none; font-stretch: normal;\"><span style=\"font-size: small;\"><span style=\"font-family: verdana,geneva;\">E  proprio all\u2019educazione alimentare rivolta ai bambini si concentra  l\u2019attenzione e l\u2019impegno dell\u2019associazione della chiocciola, come ha  sottolineato Silvio Barbero, vice presidente di Slow Food Italia:  \u00abPurtroppo nessun ordinamento didattico obbligatorio prevede questo tipo  di disciplina, ma noi come Slow Food vorremmo fosse inserita tra le  materie curriculari. Questo \u00e8 il nostro auspicio e uno tra i nostri  maggiori obiettivi\u00bb.<\/span><\/span><\/div>\n<div style=\"margin-right: 0px; margin-bottom: 0px; margin-left: 0px; font-style: normal; font-variant: normal; font-weight: normal; line-height: normal; font-size-adjust: none; font-stretch: normal;\"><span style=\"font-size: small;\"><span style=\"font-family: verdana,geneva;\"><img loading=\"lazy\" class=\" alignleft size-full wp-image-2709\" src=\"http:\/\/www.sceltedigusto.it\/public\/Test\/wp-content\/uploads\/2012\/01\/fondazione lilly_1.jpg\" border=\"0\" width=\"230\" height=\"196\" style=\"margin: 5px; float: left;\" width=\"200\" height=\"119\" \/><br \/><\/span><\/span><\/div>\n<p><span style=\"font-size: small;\"><span style=\"font-family: verdana,geneva;\"> <\/span><\/span><\/p>\n<p><span style=\"font-size: small;\"><span style=\"font-family: verdana,geneva;\"> <\/span><\/span><\/p>\n<div style=\"margin-right: 0px; margin-bottom: 0px; margin-left: 0px; text-align: justify; font-style: normal; font-variant: normal; font-weight: normal; line-height: normal; font-size-adjust: none; font-stretch: normal;\"><span style=\"font-size: small;\"><span style=\"font-family: verdana,geneva;\">Ma  per quanto necessario un intervento a monte, \u00e8 indispensabile  fronteggiare la realt\u00e0 gi\u00e0 esistente, come ha sottolineato Enrique  Manzoni, presidente di Boehringer Ingelheim Italia, che insieme a  Fondazione Lilly sostiene il progetto: &#8220;Prevenzione, maggiore conoscenza  della malattia e riduzione delle complicanze sono imperativi categorici  per migliorare la qualit\u00e0 di vita dei pazienti diabetici. E l\u2019impegno  di Boehringer Ingelheim nel sostegno ad attivit\u00e0 di sensibilizzazione e  prevenzione \u00e8 un valore essenziale che si accompagna sempre alla cultura  dell\u2019evoluzione e dell\u2019innovazione, che non pu\u00f2 mancare nel Dna di chi  opera per il miglioramento della salute. Sostenere, poi, un progetto, in  ambito diabetologico ci rende particolarmente felici, alla luce  dell\u2019impegno che l\u2019azienda sta dedicando alla Ricerca e Sviluppo in  quest\u2019area terapeutica&#8221;.<\/span><\/span><\/div>\n<div style=\"margin-right: 0px; margin-bottom: 0px; margin-left: 0px; text-align: justify; font-style: normal; font-variant: normal; font-weight: normal; line-height: normal; font-size-adjust: none; font-stretch: normal;\"><span style=\"font-size: small;\"><span style=\"font-family: verdana,geneva;\"><br \/><\/span><\/span><\/div>\n<div style=\"margin-right: 0px; margin-bottom: 0px; margin-left: 0px; text-align: justify; font-style: normal; font-variant: normal; font-weight: normal; line-height: normal; font-size-adjust: none; font-stretch: normal;\"><span style=\"font-size: small;\"><span style=\"font-family: verdana,geneva;\"><strong>Antonio Fiasconaro<\/strong><br \/><\/span><\/span><\/div>\n<p><span style=\"font-size: small;\"><span style=\"font-family: verdana,geneva;\"> <\/span><\/span><\/p>\n","protected":false},"excerpt":{"rendered":"<p>Le &#8220;malattie del benessere&#8221; stanno sempre pi\u00f9 diventando emergenza globale: diabete e obesit\u00e0 su tutte e la sedentarier\u00e0, la disinformazione e gli eccessi alimentari, secondo gli esperti, sono tra le maggiori cause. Per contrastrarle, quindi, bisogna agire e presto, su stili di vita e nuove abitudini alimentari. (A. Fi.)<\/p>\n","protected":false},"author":18,"featured_media":2706,"comment_status":"open","ping_status":"open","sticky":false,"template":"","format":"standard","meta":[],"categories":[4],"tags":[3845,944,3846,1683,3844,3849,690,3847,2895,3848,950,1941,232],"jetpack_featured_media_url":"https:\/\/www.sceltedigusto.it\/public\/wp-content\/uploads\/2012\/01\/obesit.jpg","_links":{"self":[{"href":"https:\/\/www.sceltedigusto.it\/public\/wp-json\/wp\/v2\/posts\/2710"}],"collection":[{"href":"https:\/\/www.sceltedigusto.it\/public\/wp-json\/wp\/v2\/posts"}],"about":[{"href":"https:\/\/www.sceltedigusto.it\/public\/wp-json\/wp\/v2\/types\/post"}],"author":[{"embeddable":true,"href":"https:\/\/www.sceltedigusto.it\/public\/wp-json\/wp\/v2\/users\/18"}],"replies":[{"embeddable":true,"href":"https:\/\/www.sceltedigusto.it\/public\/wp-json\/wp\/v2\/comments?post=2710"}],"version-history":[{"count":1,"href":"https:\/\/www.sceltedigusto.it\/public\/wp-json\/wp\/v2\/posts\/2710\/revisions"}],"predecessor-version":[{"id":4485,"href":"https:\/\/www.sceltedigusto.it\/public\/wp-json\/wp\/v2\/posts\/2710\/revisions\/4485"}],"wp:featuredmedia":[{"embeddable":true,"href":"https:\/\/www.sceltedigusto.it\/public\/wp-json\/wp\/v2\/media\/2706"}],"wp:attachment":[{"href":"https:\/\/www.sceltedigusto.it\/public\/wp-json\/wp\/v2\/media?parent=2710"}],"wp:term":[{"taxonomy":"category","embeddable":true,"href":"https:\/\/www.sceltedigusto.it\/public\/wp-json\/wp\/v2\/categories?post=2710"},{"taxonomy":"post_tag","embeddable":true,"href":"https:\/\/www.sceltedigusto.it\/public\/wp-json\/wp\/v2\/tags?post=2710"}],"curies":[{"name":"wp","href":"https:\/\/api.w.org\/{rel}","templated":true}]}}