{"id":2679,"date":"2012-01-16T18:39:51","date_gmt":"2012-01-16T17:39:51","guid":{"rendered":"http:\/\/www.sceltedigusto.it\/public\/Test\/compie-tre-anni-la-qsiciliaq-di-facebook-con-una-novita-editoriale\/"},"modified":"2013-11-16T21:13:19","modified_gmt":"2013-11-16T20:13:19","slug":"compie-tre-anni-la-qsiciliaq-di-facebook-con-una-novita-editoriale","status":"publish","type":"post","link":"https:\/\/www.sceltedigusto.it\/public\/compie-tre-anni-la-qsiciliaq-di-facebook-con-una-novita-editoriale\/","title":{"rendered":"Compie tre anni la &#8220;Sicilia&#8221; di Facebook, con una novit\u00e0 editoriale"},"content":{"rendered":"<h3 style=\"text-align: justify;\"><img loading=\"lazy\" class=\" size-full wp-image-1026\" src=\"http:\/\/www.sceltedigusto.it\/public\/Test\/wp-content\/uploads\/2011\/08\/sicilia facebook.jpg\" border=\"0\" width=\"180\" height=\"189\" srcset=\"https:\/\/www.sceltedigusto.it\/public\/wp-content\/uploads\/2011\/08\/sicilia%20facebook.jpg 180w, https:\/\/www.sceltedigusto.it\/public\/wp-content\/uploads\/2011\/08\/sicilia%20facebook-150x158.jpg 150w\" sizes=\"(max-width: 180px) 100vw, 180px\" \/>La pagina Facebook &#8220;Sicilia&#8221; compie tre anni di vita e 715.000 lettori a cui gli ideatori ed il fondatore Salvo Curcio dedicano un progetto editoriale in cantiere: un volume che raccoglier\u00e0 le ricette pi\u00f9 rappresentative della tradizione enogastronomica siciliana, inviate alla pagina dai fans ma anche da testate specializzate, inclusa la nostra. Un modo unico per ringraziare tutti coloro che, con i loro apporti, hanno fatto di questa pagina un punto di riferimento per la sicilianit\u00e0 in Italia e nel mondo.    <!--more-->  <\/h3>\n<p style=\"text-align: justify;\"><img loading=\"lazy\" class=\" alignleft size-full wp-image-2678\" src=\"http:\/\/www.sceltedigusto.it\/public\/Test\/wp-content\/uploads\/2012\/01\/sicilia facebook2.jpg\" border=\"0\" width=\"200\" style=\"border: 0pt none; margin: 5px; float: left;\" width=\"230\" height=\"230\" \/>E&#8217; una bella iniziativa quella pensata dagli amministratori ed ideatori della pagina &#8220;Sicilia&#8221; su Facebook, fondata tre anni fa da <strong>Salvo Curcio<\/strong> : raccogliere in un volume tutte le ricette di cucina tipiche dell&#8217;enogastronomia isolana; da quelle pi\u00f9 famose a quelle quasi di quartiere, di tutte e nove le province.<\/p>\n<p style=\"text-align: justify;\">&#8220;E&#8217; un progetto che accarezziamo da un po&#8217; di tempo &#8221; &#8211; dice <strong>Alfonso Messina<\/strong>, uno degli amministratori della pagina &#8211; &#8221; che evidentemente comporta dei costi non indifferenti che sinora hanno fatto si che questo sogno rimanesse nel cassetto. Ma l&#8217;occasione del terzo compleanno della nostra fortunata pagina potrebbe essere quel giro di vite in pi\u00f9 che ci faccia decidere di sostenere questo onere per offrire un tributo alla nostra isola e alle sue solide tradizioni. Ma anche a tutti quei soggetti che ci hanno aiutato a far crescere la pagina inviando i loro contributi&#8221;.<\/p>\n<p style=\"text-align: justify;\"><strong>L&#8217;idea \u00e8 sicuramente bellissima, dato che di lettori che sarebbero felici di questa iniziativa Sicilia ne ha davvero tanti.<\/strong><\/p>\n<p style=\"text-align: justify;\">&#8220;Siamo pi\u00f9 letti di un quotidiano, anche perch\u00e8 &#8211; non bisogna trascurarlo &#8211; non costiamo niente e perch\u00e8 offriamo una informazione &#8220;involontaria&#8221;, nel senso che \u00e8 fatta dagli stessi lettori. Certo con le possibili imprecisioni, con qualche errore di sintassi, con qualche svarione, ma tanto sincera. Sicuramente non condizionata da fattori come politica, religione etc&#8221;.<\/p>\n<p style=\"text-align: justify;\"><img loading=\"lazy\" class=\" alignleft size-full wp-image-2626\" src=\"http:\/\/www.sceltedigusto.it\/public\/Test\/wp-content\/uploads\/2012\/01\/cannoli_di_piana_degli_albanesi2.jpg\" border=\"0\" width=\"200\" style=\"margin: 5px; float: left;\" width=\"236\" height=\"262\" \/><\/p>\n<p style=\"text-align: justify;\"><strong>Quali sono state le ricette pi\u00f9 tipiche che avete pubblicato?<\/strong><\/p>\n<p style=\"text-align: justify;\">&#8220;Sicuramente le pi\u00f9 gettonate, da sempre, sono quelle che riguardano i dolci: del resto la tradizione dolciaria siciliana non \u00e8 seconda a nessun&#8217;altra nel mondo. E cos\u00ec cannoli, cassate, i cartocci palermitani, le iris, i buccellati, la pignolata. Ma anche storie di cioccolata, di eventi legati al food e via di questo passo. Ma anche il salato ha avuto e continua ad avere la sua bella fetta di lettori: arancine, pasta con le sarde, sfincione, scacce, pasta al forno, stigghiole,panelle&#8230;.C&#8217;\u00e8 solo l&#8217;imbarazzo della scelta&#8221;.<\/p>\n<p style=\"text-align: justify;\"><strong>Come sceglierete quali ricette pubblicare?<\/strong><\/p>\n<p style=\"text-align: justify;\">&#8220;Non le sceglieremo: non siamo n\u00e8 giornalisti n\u00e8 editori. Siamo appassionati ed amanti della nostra terra, perci\u00f2 pubblicheremo tutto ed anche doppioni se sar\u00e0 il caso, e non correggeremo neanche l&#8217;eventuale errore di sintassi: la bellezza della nostra pagina e di questo progetto sta nella sua veridicit\u00e0. Tutto \u00e8 come appare: fatto in casa, da ognuno di noi. E oltretutto ognuno, a seconda della propria provenienza, aggiunge e toglie, modifica e rielabora. Sar\u00e0 interessante vedere come cambia una pizza da Palermo a Ragusa, no?&#8221;<\/p>\n<p style=\"text-align: justify;\"><strong>La vostra pagina colleziona anche meravigliose foto inviate da lettori, di cui alcuni sono fotografi professionisti. E&#8217; possibile pensare in futuro ad un volume fotografico con le immagini viste dagli occhi della gente?<\/strong><\/p>\n<p style=\"text-align: justify;\"><img loading=\"lazy\" class=\" alignright size-full wp-image-2430\" src=\"http:\/\/www.sceltedigusto.it\/public\/Test\/wp-content\/uploads\/2011\/12\/arancine_formagg.jpg\" border=\"0\" width=\"200\" style=\"float: right; border: 0pt none; margin: 5px;\" width=\"300\" height=\"227\" \/><\/p>\n<p style=\"text-align: justify;\">&#8220;Sarebbe una cosa meravigliosa perch\u00e8 in effetti abbiamo in archivio delle foto stupefacenti &#8211; penso all&#8217;Etna o alla Baia di Tindari, come pure a Taormina ad esempio- inviate dai nostri lettori che sono delle vere e proprie opere d&#8217;arte. Ma un volume fotografico ha costi davvero vertiginosi. Ma mai dire mai, chiss\u00e0&#8230;&#8221;<\/p>\n<p style=\"text-align: justify;\"><strong>Ci saranno anche le ricette di Scelte di Gusto sul volume che state ideando?<\/strong><\/p>\n<p style=\"text-align: justify;\">&#8220;Sicuramente! Non soltanto le vostre, ma anche quelle di vostri colleghi: sar\u00e0 un bel confronto; professionisti contro appasionati!&#8221;.<\/p>\n<p style=\"text-align: justify;\"><strong><img loading=\"lazy\" class=\" alignleft size-full wp-image-1084\" src=\"http:\/\/www.sceltedigusto.it\/public\/Test\/wp-content\/uploads\/2011\/08\/anelletti.jpg\" border=\"0\" width=\"149\" height=\"175\" style=\"border: 0pt none; margin: 5px; float: left;\" width=\"298\" height=\"348\" srcset=\"https:\/\/www.sceltedigusto.it\/public\/wp-content\/uploads\/2011\/08\/anelletti.jpg 298w, https:\/\/www.sceltedigusto.it\/public\/wp-content\/uploads\/2011\/08\/anelletti-257x300.jpg 257w, https:\/\/www.sceltedigusto.it\/public\/wp-content\/uploads\/2011\/08\/anelletti-150x175.jpg 150w\" sizes=\"(max-width: 149px) 100vw, 149px\" \/><\/strong><\/p>\n<p style=\"text-align: justify;\"><strong>E come si chiamer\u00e0 questo volume?<\/strong><\/p>\n<p style=\"text-align: justify;\">&#8220;Top secret! In realt\u00e0 non lo sappiamo ancora: ci sono delle ipotesi, ma non abbiamo ancora scelto il nome definitivo&#8221;<\/p>\n<p style=\"text-align: justify;\"><strong>Lo troveremo in vendita in edicola o in libreria?<\/strong><\/p>\n<p style=\"text-align: justify;\">&#8220;Certo. Ci piacerebbe poterlo inviare a tutti in forma gratuita, ma questo purtroppo temiamo che non sar\u00e0 possibile. Il prezzo del volume sar\u00e0 ridotto all&#8217;osso e solo al fine di ammortizzare un po&#8217; le spese. Ripeto, non siamo editori, e questo da parte nostra \u00e8 un gesto d&#8217;amore: i nostri rispettivi lavori e professioni sono altre. Ma la Sicilia, la nostra terra, e questa nostra pagina, sono le nostre passioni pi\u00f9 grandi&#8221;.<\/p>\n<p>\u00a0<\/p>\n<p>&#8220;<\/p>\n","protected":false},"excerpt":{"rendered":"<p>La pagina Facebook &#8220;Sicilia&#8221; compie tre anni di vita e 715.000 lettori a cui gli ideatori ed il fondatore Salvo Curcio dedicano un progetto editoriale in cantiere: un volume che raccoglier\u00e0 le ricette pi\u00f9 rappresentative della tradizione enogastronomica siciliana, inviate alla pagina dai fans ma anche da testate specializzate, inclusa la nostra. Un modo unico [&hellip;]<\/p>\n","protected":false},"author":18,"featured_media":1026,"comment_status":"open","ping_status":"open","sticky":false,"template":"","format":"standard","meta":[],"categories":[4],"tags":[],"jetpack_featured_media_url":"https:\/\/www.sceltedigusto.it\/public\/wp-content\/uploads\/2011\/08\/sicilia facebook.jpg","_links":{"self":[{"href":"https:\/\/www.sceltedigusto.it\/public\/wp-json\/wp\/v2\/posts\/2679"}],"collection":[{"href":"https:\/\/www.sceltedigusto.it\/public\/wp-json\/wp\/v2\/posts"}],"about":[{"href":"https:\/\/www.sceltedigusto.it\/public\/wp-json\/wp\/v2\/types\/post"}],"author":[{"embeddable":true,"href":"https:\/\/www.sceltedigusto.it\/public\/wp-json\/wp\/v2\/users\/18"}],"replies":[{"embeddable":true,"href":"https:\/\/www.sceltedigusto.it\/public\/wp-json\/wp\/v2\/comments?post=2679"}],"version-history":[{"count":1,"href":"https:\/\/www.sceltedigusto.it\/public\/wp-json\/wp\/v2\/posts\/2679\/revisions"}],"predecessor-version":[{"id":4488,"href":"https:\/\/www.sceltedigusto.it\/public\/wp-json\/wp\/v2\/posts\/2679\/revisions\/4488"}],"wp:featuredmedia":[{"embeddable":true,"href":"https:\/\/www.sceltedigusto.it\/public\/wp-json\/wp\/v2\/media\/1026"}],"wp:attachment":[{"href":"https:\/\/www.sceltedigusto.it\/public\/wp-json\/wp\/v2\/media?parent=2679"}],"wp:term":[{"taxonomy":"category","embeddable":true,"href":"https:\/\/www.sceltedigusto.it\/public\/wp-json\/wp\/v2\/categories?post=2679"},{"taxonomy":"post_tag","embeddable":true,"href":"https:\/\/www.sceltedigusto.it\/public\/wp-json\/wp\/v2\/tags?post=2679"}],"curies":[{"name":"wp","href":"https:\/\/api.w.org\/{rel}","templated":true}]}}