{"id":2464,"date":"2011-12-14T11:23:53","date_gmt":"2011-12-14T10:23:53","guid":{"rendered":"http:\/\/www.sceltedigusto.it\/public\/Test\/vinitaly\/"},"modified":"2013-11-16T21:13:20","modified_gmt":"2013-11-16T20:13:20","slug":"vinitaly","status":"publish","type":"post","link":"https:\/\/www.sceltedigusto.it\/public\/vinitaly\/","title":{"rendered":"Vinitaly"},"content":{"rendered":"<p style=\"text-align: justify;\"><img loading=\"lazy\" class=\" size-full wp-image-2463\" src=\"http:\/\/www.sceltedigusto.it\/public\/Test\/wp-content\/uploads\/2011\/12\/umbi.jpg\" border=\"0\" style=\"border: 0pt none; margin: 5px;\" width=\"200\" height=\"300\" srcset=\"https:\/\/www.sceltedigusto.it\/public\/wp-content\/uploads\/2011\/12\/umbi.jpg 200w, https:\/\/www.sceltedigusto.it\/public\/wp-content\/uploads\/2011\/12\/umbi-150x225.jpg 150w\" sizes=\"(max-width: 200px) 100vw, 200px\" \/><\/p>\n<p style=\"text-align: justify;\">Conviene davvero a un\u2019azienda del vino pagarsi uno stand al Vinitaly? La domanda sorge spontanea. Anzi, risorge spontanea perch\u00e9 da qualche anno un numero sempre maggiore di imprese del settore, mormora, borbotta sottovoce. In qualche caso prende il coraggio a due mani e pubblicamente dichiara che diserta. Ultima in ordine di tempo, la marsalese Pellegrino: non una piccola casa, stavolta, ma una grande azienda la cui scelta \u00e8 destinata a far discutere. E riflettere. \u201cVinitaly? Non \u00e8 pi\u00f9 una fiera del business \u2013 ha motivato Emilio Ridolfi, direttore commerciale Italia &#8211; ma una manifestazione per le pubbliche relazioni. Ha un costo elevato, un grosso peso sul bilancio, non ne vale la pena\u201d. Il punto \u00e8 che disporre di uno stand alla fiera veronese, non costa mai meno, nella migliore delle ipotesi, di 15-20 mila euro. Perch\u00e9 al costo degli spazi, anche se minimi, bisogna aggiungere quelli per progetto grafico, hostess, personale, viaggio, vitto, alloggio, transfert. Ancora, per eventuali iniziative ed eventuali ospiti. Insomma, un bell\u2019investimento che in tempi di pesanti manovre nazionali, mercato asfittico e recessione in marcia, pi\u00f9 che una sfida diventa una scommessa vera e propria. Per questo la decisione di Pellegrino rinfocola il dibattito, che non pu\u00f2 fermarsi, per\u00f2, al tema del viaggio nella citt\u00e0 di Romeo e Giulietta. La questione sul tavolo riguarda le forme e gli strumenti migliori del marketing e della comunicazione delle aziende. Come dire: meditate gente. Meditate. Prima di imbarcarvi.<\/p>\n<p><strong>Umberto Ginestra<br \/><\/strong><\/p>\n","protected":false},"excerpt":{"rendered":"<p>Conviene davvero a un\u2019azienda del vino pagarsi uno stand al Vinitaly? La domanda sorge spontanea. Anzi, risorge spontanea perch\u00e9 da qualche anno un numero sempre maggiore di imprese del settore, mormora, borbotta sottovoce. In qualche caso prende il coraggio a due mani e pubblicamente dichiara che diserta. Ultima in ordine di tempo, la marsalese Pellegrino: [&hellip;]<\/p>\n","protected":false},"author":18,"featured_media":2463,"comment_status":"open","ping_status":"open","sticky":false,"template":"","format":"standard","meta":[],"categories":[4],"tags":[],"jetpack_featured_media_url":"https:\/\/www.sceltedigusto.it\/public\/wp-content\/uploads\/2011\/12\/umbi.jpg","_links":{"self":[{"href":"https:\/\/www.sceltedigusto.it\/public\/wp-json\/wp\/v2\/posts\/2464"}],"collection":[{"href":"https:\/\/www.sceltedigusto.it\/public\/wp-json\/wp\/v2\/posts"}],"about":[{"href":"https:\/\/www.sceltedigusto.it\/public\/wp-json\/wp\/v2\/types\/post"}],"author":[{"embeddable":true,"href":"https:\/\/www.sceltedigusto.it\/public\/wp-json\/wp\/v2\/users\/18"}],"replies":[{"embeddable":true,"href":"https:\/\/www.sceltedigusto.it\/public\/wp-json\/wp\/v2\/comments?post=2464"}],"version-history":[{"count":1,"href":"https:\/\/www.sceltedigusto.it\/public\/wp-json\/wp\/v2\/posts\/2464\/revisions"}],"predecessor-version":[{"id":4506,"href":"https:\/\/www.sceltedigusto.it\/public\/wp-json\/wp\/v2\/posts\/2464\/revisions\/4506"}],"wp:featuredmedia":[{"embeddable":true,"href":"https:\/\/www.sceltedigusto.it\/public\/wp-json\/wp\/v2\/media\/2463"}],"wp:attachment":[{"href":"https:\/\/www.sceltedigusto.it\/public\/wp-json\/wp\/v2\/media?parent=2464"}],"wp:term":[{"taxonomy":"category","embeddable":true,"href":"https:\/\/www.sceltedigusto.it\/public\/wp-json\/wp\/v2\/categories?post=2464"},{"taxonomy":"post_tag","embeddable":true,"href":"https:\/\/www.sceltedigusto.it\/public\/wp-json\/wp\/v2\/tags?post=2464"}],"curies":[{"name":"wp","href":"https:\/\/api.w.org\/{rel}","templated":true}]}}