{"id":2442,"date":"2011-12-13T14:25:08","date_gmt":"2011-12-13T13:25:08","guid":{"rendered":"http:\/\/www.sceltedigusto.it\/public\/Test\/per-santa-lucia-un-qcocciuq-allavolta\/"},"modified":"2016-01-15T20:49:38","modified_gmt":"2016-01-15T19:49:38","slug":"per-santa-lucia-un-qcocciuq-allavolta","status":"publish","type":"post","link":"https:\/\/www.sceltedigusto.it\/public\/per-santa-lucia-un-qcocciuq-allavolta\/","title":{"rendered":"Per Santa Lucia un &#8220;cocciu&#8221; alla&#8230;volta"},"content":{"rendered":"<h3 style=\"text-align: justify;\"><span style=\"font-size: small;\"><span style=\"font-family: verdana,geneva;\"><a href=\"http:\/\/www.sceltedigusto.it\/public\/wp-content\/uploads\/2011\/12\/cucca.jpg\"><img loading=\"lazy\" class=\"alignnone size-medium wp-image-5232\" src=\"http:\/\/www.sceltedigusto.it\/public\/wp-content\/uploads\/2011\/12\/cucca-300x225.jpg\" alt=\"cucca\" width=\"300\" height=\"225\" srcset=\"https:\/\/www.sceltedigusto.it\/public\/wp-content\/uploads\/2011\/12\/cucca-300x225.jpg 300w, https:\/\/www.sceltedigusto.it\/public\/wp-content\/uploads\/2011\/12\/cucca-150x113.jpg 150w, https:\/\/www.sceltedigusto.it\/public\/wp-content\/uploads\/2011\/12\/cucca-80x60.jpg 80w, https:\/\/www.sceltedigusto.it\/public\/wp-content\/uploads\/2011\/12\/cucca-265x198.jpg 265w, https:\/\/www.sceltedigusto.it\/public\/wp-content\/uploads\/2011\/12\/cucca.jpg 432w\" sizes=\"(max-width: 300px) 100vw, 300px\" \/><\/a>Che Siracusa sia stata colpita da una grave carestia nel 1646, durante la dominazione spagnola, \u00e8 storia. Che nella disperazione del momento sia giunta una nave carica di frumento e che questa circostanza sia stata ritenuta un miracolo, \u00e8 possibile. Certo \u00e8, per\u00f2, che da quel momento alla devozione per Santa Lucia \u00e8 stato associato l&#8217;uso del mangiare cuccia il 13 dicembre di ogni anno. (P.Gi.)<\/span><\/span><\/h3>\n<p style=\"text-align: justify;\"><span style=\"font-size: small;\"><span style=\"font-family: verdana,geneva;\">Il nome &#8220;cuccia&#8221; pu\u00f2 derivare dal sostantivo &#8220;cocciu&#8221;, chicco, o dal verbo &#8220;cucciari&#8221;, cio\u00e8 mangiare un chicco alla volta. La tradizione vuole che questo dolce sia distribuito a familiari, amici e vicini di casa. Le briciole si lasciano su tetti per essere catturate dagli uccellini, a Trapani viene accompagnata con il vino cotto a Palermo con ricotta e cioccolata nella Sicilia orientale con crema di latte. <\/span><\/span><\/p>\n<p>&nbsp;<\/p>\n<p style=\"margin-bottom: 0cm; text-align: justify;\"><span style=\"font-size: small;\"><span style=\"font-family: verdana,geneva;\"><strong>LA RICETTA<\/strong><br \/>\n<\/span><\/span><\/p>\n<p style=\"margin-bottom: 0cm; text-align: justify;\"><span style=\"font-size: small;\"><span style=\"font-family: verdana,geneva;\">per 6 persone<\/span><\/span><\/p>\n<p>&nbsp;<\/p>\n<p style=\"margin-bottom: 0cm; text-align: justify;\"><span style=\"font-size: small;\"><span style=\"font-family: verdana,geneva;\"><strong>Ingredienti:<\/strong><\/span><\/span><\/p>\n<p>&nbsp;<\/p>\n<p style=\"margin-bottom: 0cm; text-align: justify;\"><span style=\"font-size: small;\"><span style=\"font-family: verdana,geneva;\">500g di grano<\/span><\/span><\/p>\n<p>&nbsp;<\/p>\n<p style=\"margin-bottom: 0cm; text-align: justify;\"><span style=\"font-size: small;\"><span style=\"font-family: verdana,geneva;\">100g di ceci<\/span><\/span><\/p>\n<p>&nbsp;<\/p>\n<p style=\"margin-bottom: 0cm; text-align: justify;\"><span style=\"font-size: small;\"><span style=\"font-family: verdana,geneva;\">13 fave secche<\/span><\/span><\/p>\n<p>&nbsp;<\/p>\n<p style=\"margin-bottom: 0cm; text-align: justify;\"><span style=\"font-size: small;\"><span style=\"font-family: verdana,geneva;\">1 buccia d\u2019arancia<\/span><\/span><\/p>\n<p>&nbsp;<\/p>\n<p style=\"margin-bottom: 0cm; text-align: justify;\"><span style=\"font-size: small;\"><span style=\"font-family: verdana,geneva;\">3 foglie d\u2019alloro<\/span><\/span><\/p>\n<p>&nbsp;<\/p>\n<p style=\"margin-bottom: 0cm; text-align: justify;\"><span style=\"font-size: small;\"><span style=\"font-family: verdana,geneva;\">5 cm di una stecca di cannella<\/span><\/span><\/p>\n<p>&nbsp;<\/p>\n<p style=\"margin-bottom: 0cm; text-align: justify;\"><span style=\"font-size: small;\"><span style=\"font-family: verdana,geneva;\"><strong>Procedimento:<\/strong><\/span><\/span><\/p>\n<p>&nbsp;<\/p>\n<p style=\"margin-bottom: 0cm; text-align: justify;\"><span style=\"font-size: small;\"><span style=\"font-family: verdana,geneva;\">Mettere ad ammollare per 24 ore con una punta di bicarbonato,il grano i ceci e le fave. <\/span><\/span><\/p>\n<p>&nbsp;<\/p>\n<p style=\"margin-bottom: 0cm; text-align: justify;\"><span style=\"font-size: small;\"><span style=\"font-family: verdana,geneva;\">Far cuocere per circa 4 ore aggiungendo la buccia d\u2019arancia, le foglie d\u2019alloro e la cannella<\/span><\/span><\/p>\n<p>&nbsp;<\/p>\n<p style=\"margin-bottom: 0cm; text-align: justify;\"><span style=\"font-size: small;\"><span style=\"font-family: verdana,geneva;\">A cottura ultimata togliere il brodo che avanza e aggiungere un po\u2019 di acqua. Chiudere la pentola ermeticamente e far riposare per 4 ore.<\/span><\/span><\/p>\n<p>&nbsp;<\/p>\n<p style=\"margin-bottom: 0cm; text-align: justify;\"><span style=\"font-size: small;\"><span style=\"font-family: verdana,geneva;\">Servire la cuccia irrorandola con il vincotto<\/span><\/span><\/p>\n<p style=\"margin-bottom: 0cm; text-align: justify;\"><span style=\"font-size: small;\"><span style=\"font-family: verdana,geneva;\"><strong>Peppe Giuffr\u00e8<\/strong><br \/>\n<\/span><\/span><\/p>\n","protected":false},"excerpt":{"rendered":"<p>Che Siracusa sia stata colpita da una grave carestia nel 1646, durante la dominazione spagnola, \u00e8 storia. Che nella disperazione del momento sia giunta una nave carica di frumento e che questa circostanza sia stata ritenuta un miracolo, \u00e8 possibile. Certo \u00e8, per\u00f2, che da quel momento alla devozione per Santa Lucia \u00e8 stato associato [&hellip;]<\/p>\n","protected":false},"author":18,"featured_media":5232,"comment_status":"open","ping_status":"open","sticky":false,"template":"","format":"standard","meta":[],"categories":[7,19],"tags":[3371,1168,3232,3037,116,3381,3383,3290,3382,3379,2428,3380,104,573,671,3291,292,3378],"jetpack_featured_media_url":"https:\/\/www.sceltedigusto.it\/public\/wp-content\/uploads\/2011\/12\/cucca.jpg","_links":{"self":[{"href":"https:\/\/www.sceltedigusto.it\/public\/wp-json\/wp\/v2\/posts\/2442"}],"collection":[{"href":"https:\/\/www.sceltedigusto.it\/public\/wp-json\/wp\/v2\/posts"}],"about":[{"href":"https:\/\/www.sceltedigusto.it\/public\/wp-json\/wp\/v2\/types\/post"}],"author":[{"embeddable":true,"href":"https:\/\/www.sceltedigusto.it\/public\/wp-json\/wp\/v2\/users\/18"}],"replies":[{"embeddable":true,"href":"https:\/\/www.sceltedigusto.it\/public\/wp-json\/wp\/v2\/comments?post=2442"}],"version-history":[{"count":3,"href":"https:\/\/www.sceltedigusto.it\/public\/wp-json\/wp\/v2\/posts\/2442\/revisions"}],"predecessor-version":[{"id":10951,"href":"https:\/\/www.sceltedigusto.it\/public\/wp-json\/wp\/v2\/posts\/2442\/revisions\/10951"}],"wp:featuredmedia":[{"embeddable":true,"href":"https:\/\/www.sceltedigusto.it\/public\/wp-json\/wp\/v2\/media\/5232"}],"wp:attachment":[{"href":"https:\/\/www.sceltedigusto.it\/public\/wp-json\/wp\/v2\/media?parent=2442"}],"wp:term":[{"taxonomy":"category","embeddable":true,"href":"https:\/\/www.sceltedigusto.it\/public\/wp-json\/wp\/v2\/categories?post=2442"},{"taxonomy":"post_tag","embeddable":true,"href":"https:\/\/www.sceltedigusto.it\/public\/wp-json\/wp\/v2\/tags?post=2442"}],"curies":[{"name":"wp","href":"https:\/\/api.w.org\/{rel}","templated":true}]}}