{"id":2363,"date":"2011-12-06T05:40:36","date_gmt":"2011-12-06T04:40:36","guid":{"rendered":"http:\/\/www.sceltedigusto.it\/public\/Test\/lunione-europea-qbocciaq-il-vero-cioccolato-ma-qpromuoveq-il-vino-senza-uva-la-denuncia-di-coldiretti\/"},"modified":"2013-11-16T21:13:20","modified_gmt":"2013-11-16T20:13:20","slug":"lunione-europea-qbocciaq-il-vero-cioccolato-ma-qpromuoveq-il-vino-senza-uva-la-denuncia-di-coldiretti","status":"publish","type":"post","link":"https:\/\/www.sceltedigusto.it\/public\/lunione-europea-qbocciaq-il-vero-cioccolato-ma-qpromuoveq-il-vino-senza-uva-la-denuncia-di-coldiretti\/","title":{"rendered":"L&#8217;Unione Europea &#8220;boccia&#8221; il vero cioccolato, ma &#8220;promuove&#8221; il vino senza uva. La denuncia di Coldiretti"},"content":{"rendered":"<p align=\"center\"><strong> <\/strong><\/p>\n<h3 style=\"text-align: justify;\"><span style=\"font-size: small;\"><span style=\"font-family: verdana,geneva;\"><img loading=\"lazy\" class=\" size-full wp-image-51\" src=\"http:\/\/www.sceltedigusto.it\/public\/Test\/wp-content\/uploads\/2011\/03\/cioccolato.jpg\" border=\"0\" width=\"274\" height=\"322\" width=\"307\" height=\"362\" \/>Incredibile, ma vero. Si direbbe. Udite, udite. L&#8217;Unione Europea dal grande &#8220;cappello&#8221; da prestigiatore non ha fatto, come di solito avviene nel circo il coniglio bianco, bens\u00ec una novit\u00e0 che sconvolger\u00e0, anzi ha gi\u00e0 sconvolto il mondo enogastronomico non solo italiano. Infatti, l&#8217;Ue dopo avere aperto le &#8220;porte&#8221; al formaggio senza latte, adesso &#8220;boccia&#8221; anche il cioccolato puro di cacao ed invece &#8220;promuove&#8221; il vino senza uva. (A.Fi.)<\/span><\/span><\/h3>\n<p>  <!--more-->  <\/p>\n<p><img loading=\"lazy\" class=\" alignleft size-full wp-image-2362\" src=\"http:\/\/www.sceltedigusto.it\/public\/Test\/wp-content\/uploads\/2011\/12\/vino-senza-uva.jpg\" border=\"0\" style=\"margin: 5px; float: left;\" width=\"300\" height=\"400\" srcset=\"https:\/\/www.sceltedigusto.it\/public\/wp-content\/uploads\/2011\/12\/vino-senza-uva.jpg 300w, https:\/\/www.sceltedigusto.it\/public\/wp-content\/uploads\/2011\/12\/vino-senza-uva-225x300.jpg 225w\" sizes=\"(max-width: 300px) 100vw, 300px\" \/><\/p>\n<p align=\"justify\"><span style=\"font-size: small;\"><span style=\"font-family: verdana,geneva;\">E&#8217; l\u2019evidente dimostrazione di un comportamento  contraddittorio che spesso mette in difficolt\u00e0 i prodotti del &#8220;made in  Italy&#8221;. E l&#8217;ennesima denuncia arriva da Coldiretti che mette in evidenza la lettera di  messa in mora inviata dalla Commissione europea per continuare a  utilizzare la denominazione &#8220;cioccolato puro&#8221; sulle etichette, in  violazione del diritto europeo, come indicato nella sentenza contro  l&#8217;Italia della Corte di Giustizia dell&#8217;Unione Europea del 25 novembre 2010. <\/span><\/span><\/p>\n<p align=\"justify\"><span style=\"font-size: small;\"><span style=\"font-family: verdana,geneva;\">&#8220;La Corte di  Giustizia &#8211; spiega la Coldiretti attraverso una nota ufficiale &#8211; aveva condannato l\u2019Italia per avere  autorizzato la denominazione &#8221;cioccolato puro&#8221; sulle etichette per i  prodotti solo a base di solo burro di cacao per distinguerli dai  prodotti che contengono grassi vegetali come succedanei. A subire gli  effetti delle normative comunitarie sono stati numerosi altri prodotti  con profondi cambiamenti sulle tavole degli italiani all\u2019insaputa dei  consumatori. Per effetto della normativa comunitaria e nazionale \u00e8 gi\u00e0  possibile vendere sul mercato il vino \u201csenza uva\u201d ovvero ottenuto dalla  fermentazione di frutta, dai lamponi al ribes, ma anche il formaggio  \u201csenza latte\u201d sostituito parzialmente dalla caseina e dai caseinati per  ottenere formaggi a pasta filata, mentre una legge nazionale prevede che  le bevande al gusto di agrumi possono essere colorate a condizione che  esse &#8211; sottolinea la Coldiretti &#8211; contengano appena il 12 per cento di  succo di agrumi vero&#8221;.<\/span><\/span><\/p>\n<p align=\"justify\"><span style=\"font-size: small;\"><span style=\"font-family: verdana,geneva;\">L&#8217;associazione dei coltivatori diretti va ben oltre e sottolinea ancora come &#8220;le contraddizioni delle scelte politiche europee  sono evidenti anche nelle norme che  riguardano l\u2019indicazione in etichetta l\u2019origine dei prodotti agricoli  impiegati che \u00e8 obbligatoria per la carne bovina, ma non per quella di  maiale, per la frutta fresca ma non per quella trasformata, per il latte  fresco ma non per quello a lunga conservazione o per i formaggi&#8221;.<\/span><\/span><\/p>\n<p><span style=\"font-size: small;\"><span style=\"font-family: verdana,geneva;\"> <\/span><\/span><\/p>\n<p style=\"text-align: center;\"><span style=\"font-size: small;\"><span style=\"text-decoration: underline;\"><span style=\"font-family: verdana,geneva;\"><strong>GLI INGANNI EUROPEI SERVITI A TAVOLA <\/strong><\/span><\/span><\/span><\/p>\n<p><span style=\"font-size: small;\"><span style=\"font-family: verdana,geneva;\"> <\/span><\/span><\/p>\n<p align=\"justify\"><span style=\"font-size: small;\"><span style=\"font-family: verdana,geneva;\"><strong>VIA LIBERA AL FORMAGGIO SENZA LATTE &#8211;<\/strong> A partire  dal primo gennaio 2009 puo&#8217; essere incorporato fino al 10 per cento di  caseina e caseinati nel formaggio, al posto del latte, secondo quanto  previsto dal\u00a0 regolamento (CE) n. 760\/2008\u00a0\u00a0 del 31 luglio 2008.<\/span><\/span><\/p>\n<p><span style=\"font-size: small;\"><span style=\"font-family: verdana,geneva;\"> <\/span><\/span><\/p>\n<p align=\"justify\"><span style=\"font-size: small;\"><span style=\"font-family: verdana,geneva;\"><strong>LO ZUCCHERO NEL VINO &#8211;<\/strong> E&#8217; una pratica,  utilizzata nei paesi del Nord Europa, che permette di aumentare la  gradazione del vino attraverso l&#8217;aggiunta di zucchero. Lo zuccheraggio \u00e8  sempre stato vietato nei paesi del Mediterraneo e in Italia, che \u2013  sottolinea la Coldiretti &#8211; ha combattuto una battaglia per impedire un  &#8220;trucco di cantina&#8221; e per affermare definitivamente la definizione di  vino quale prodotto interamente ottenuto dall&#8217;uva.<\/span><\/span><\/p>\n<p><span style=\"font-size: small;\"><span style=\"font-family: verdana,geneva;\"> <\/span><\/span><\/p>\n<p align=\"justify\"><span style=\"font-size: small;\"><span style=\"font-family: verdana,geneva;\"><strong>VINO SENZA UVA &#8211;<\/strong> E&#8217; arrivato il vino ottenuto  senza uva per effetto della riforma europea di mercato del settore  vitivinicolo del 29 aprile 2008 \u00a0(Reg. 479\/08) che ha autorizzato la  produzione e la commercializzazioni di vini ottenuti dalla fermentazione  di frutti diversi dall&#8217;uva come lamponi e ribes.<\/span><\/span><\/p>\n<p><span style=\"font-size: small;\"><span style=\"font-family: verdana,geneva;\"> <\/span><\/span><\/p>\n<p align=\"justify\"><span style=\"font-size: small;\"><span style=\"font-family: verdana,geneva;\"><strong>IL VINO SI INVECCHIA CON LA SEGATURA &#8211;<\/strong><strong> <\/strong>L&#8217;Unione  Europea ha dato il via libera all&#8217;invecchiamento artificiale del vino  attraverso l&#8217;utilizzazione di pezzi di legno al posto della tradizionale  maturazione in botti di legno, secondo quanto previsto dal Reg. (CE) 11  ottobre 2006, n. 1507\/2006.<\/span><\/span><\/p>\n<p><span style=\"font-size: small;\"><span style=\"font-family: verdana,geneva;\"> <\/span><\/span><\/p>\n<p align=\"justify\"><span style=\"font-size: small;\"><span style=\"font-family: verdana,geneva;\"><strong>LA META\u2019 DELLA SPESA E\u2019 ANONIMA &#8211; <\/strong>Negli ultimi  anni con la mobilitazione a favore della trasparenza dell&#8217;informazione,  la Coldiretti \u00e8 riuscita a ottenere l&#8217;obbligo di indicare la provenienza  per carne bovina, ortofrutta fresca, uova, miele latte fresco, pollo,  passata di pomodoro, extravergine di oliva ma ancora molto resta da fare  e l\u2019etichetta resta anonima per circa il 50 per cento della spesa dai  formaggi ai salumi, dalla pasta ai succhi di frutta.<\/span><\/span><\/p>\n<p align=\"justify\"><span style=\"font-size: small;\"><span style=\"font-family: verdana,geneva;\"><strong>Antonio Fiasconaro<\/strong><\/span><\/span><\/p>\n","protected":false},"excerpt":{"rendered":"<p>Incredibile, ma vero. Si direbbe. Udite, udite. L&#8217;Unione Europea dal grande &#8220;cappello&#8221; da prestigiatore non ha fatto, come di solito avviene nel circo il coniglio bianco, bens\u00ec una novit\u00e0 che sconvolger\u00e0, anzi ha gi\u00e0 sconvolto il mondo enogastronomico non solo italiano. Infatti, l&#8217;Ue dopo avere aperto le &#8220;porte&#8221; al formaggio senza latte, adesso &#8220;boccia&#8221; anche [&hellip;]<\/p>\n","protected":false},"author":18,"featured_media":51,"comment_status":"open","ping_status":"open","sticky":false,"template":"","format":"standard","meta":[],"categories":[4],"tags":[3285,1683,2008,3288,1596,1887,3286,1736,2009,2137,2313,3289,3287,2303,209,2974],"jetpack_featured_media_url":"https:\/\/www.sceltedigusto.it\/public\/wp-content\/uploads\/2011\/03\/cioccolato.jpg","_links":{"self":[{"href":"https:\/\/www.sceltedigusto.it\/public\/wp-json\/wp\/v2\/posts\/2363"}],"collection":[{"href":"https:\/\/www.sceltedigusto.it\/public\/wp-json\/wp\/v2\/posts"}],"about":[{"href":"https:\/\/www.sceltedigusto.it\/public\/wp-json\/wp\/v2\/types\/post"}],"author":[{"embeddable":true,"href":"https:\/\/www.sceltedigusto.it\/public\/wp-json\/wp\/v2\/users\/18"}],"replies":[{"embeddable":true,"href":"https:\/\/www.sceltedigusto.it\/public\/wp-json\/wp\/v2\/comments?post=2363"}],"version-history":[{"count":1,"href":"https:\/\/www.sceltedigusto.it\/public\/wp-json\/wp\/v2\/posts\/2363\/revisions"}],"predecessor-version":[{"id":4512,"href":"https:\/\/www.sceltedigusto.it\/public\/wp-json\/wp\/v2\/posts\/2363\/revisions\/4512"}],"wp:featuredmedia":[{"embeddable":true,"href":"https:\/\/www.sceltedigusto.it\/public\/wp-json\/wp\/v2\/media\/51"}],"wp:attachment":[{"href":"https:\/\/www.sceltedigusto.it\/public\/wp-json\/wp\/v2\/media?parent=2363"}],"wp:term":[{"taxonomy":"category","embeddable":true,"href":"https:\/\/www.sceltedigusto.it\/public\/wp-json\/wp\/v2\/categories?post=2363"},{"taxonomy":"post_tag","embeddable":true,"href":"https:\/\/www.sceltedigusto.it\/public\/wp-json\/wp\/v2\/tags?post=2363"}],"curies":[{"name":"wp","href":"https:\/\/api.w.org\/{rel}","templated":true}]}}