{"id":2254,"date":"2011-11-29T07:06:44","date_gmt":"2011-11-29T06:06:44","guid":{"rendered":"http:\/\/www.sceltedigusto.it\/public\/Test\/sbarca-a-palermo-la-campagna-di-sensibilizzazione-al-consumo-di-pesce-siciliano\/"},"modified":"2013-11-16T21:11:28","modified_gmt":"2013-11-16T20:11:28","slug":"sbarca-a-palermo-la-campagna-di-sensibilizzazione-al-consumo-di-pesce-siciliano","status":"publish","type":"post","link":"https:\/\/www.sceltedigusto.it\/public\/sbarca-a-palermo-la-campagna-di-sensibilizzazione-al-consumo-di-pesce-siciliano\/","title":{"rendered":"Sbarca a Palermo la campagna di sensibilizzazione al consumo di pesce siciliano"},"content":{"rendered":"<h3 style=\"text-align: justify;\"><span style=\"font-family: verdana,geneva;\"><img loading=\"lazy\" class=\" size-full wp-image-2248\" src=\"http:\/\/www.sceltedigusto.it\/public\/Test\/wp-content\/uploads\/2011\/11\/pesce2.jpg\" border=\"0\" width=\"265\" height=\"361\" srcset=\"https:\/\/www.sceltedigusto.it\/public\/wp-content\/uploads\/2011\/11\/pesce2.jpg 265w, https:\/\/www.sceltedigusto.it\/public\/wp-content\/uploads\/2011\/11\/pesce2-220x300.jpg 220w, https:\/\/www.sceltedigusto.it\/public\/wp-content\/uploads\/2011\/11\/pesce2-150x204.jpg 150w\" sizes=\"(max-width: 265px) 100vw, 265px\" \/>Dopo Siracusa, Catania, Sciacca, Caltanissetta, adesso tocca a Palermo. Fa tappa domani nel capoluogo dell&#8217;Isola la campagna di sensibilizzazione, promozione e sostegno al pescato siciliano &#8220;Il pesce quotidiano di pescato siciliano&#8221;. L&#8217;iniziativa, che si chiuder\u00e0 venerd\u00ec ad Enna, \u00e8 promossa dall&#8217;assessorato regionale delle Risorse Agricole ed Alimentari (A.Fi.)<\/span><\/h3>\n<p style=\"text-align: justify;\"><span style=\"font-family: verdana,geneva;\"> <\/span><\/p>\n<p>  <!--more-->  <\/p>\n<p><span style=\"font-size: small;\"><span style=\"font-family: verdana,geneva;\"> <\/span><\/span><\/p>\n<p>\u00a0<\/p>\n<p style=\"text-align: center;\"><img loading=\"lazy\" class=\" size-full wp-image-2249\" src=\"http:\/\/www.sceltedigusto.it\/public\/Test\/wp-content\/uploads\/2011\/11\/pescato di sicilia.jpg\" border=\"0\" width=\"234\" height=\"206\" style=\"margin: 5px;\" width=\"346\" height=\"146\" \/> <img loading=\"lazy\" class=\" size-full wp-image-2250\" src=\"http:\/\/www.sceltedigusto.it\/public\/Test\/wp-content\/uploads\/2011\/11\/tripodi roberto.jpg\" border=\"0\" width=\"224\" height=\"212\" width=\"224\" height=\"225\" \/><\/p>\n<p style=\"text-align: justify;\"><span style=\"font-size: small;\"><span style=\"font-family: verdana,geneva;\">L&#8217;appuntamento \u00e8 alle 10 all&#8217;Istituto Tecnico Industriale &#8220;Alessandro Volta&#8221; di Passaggio dei Picciotti, ed ha come obiettivo quello di valorizzare il pescato dei mari siciliani nell&#8217;ottica del consumo  sostenibile, locale a \u201cKm zero\u201d, e con garanzie di freschezza e provenienza del  prodotto ittico. <\/span><\/span><\/p>\n<p><span style=\"font-size: small;\"><span style=\"font-family: verdana,geneva;\"> <\/span><\/span><\/p>\n<p style=\"text-align: justify;\"><span style=\"font-size: small;\"><span style=\"font-family: verdana,geneva;\">Gli  esperti del pescato siciliano incontreranno\u00a0gli studenti ai quali\u00a0dopo l&#8217;introduzione del dirigente  scolastico prof. Roberto Tripodi, illustreranno i temi della campagna,  parlando delle marinerie siciliane e del pesce del mare che circonda la Sicilia.  Alla fine una degustazione guidata di pescato siciliano e la distribuzione di un  opuscolo illustrativo. <\/span><\/span><\/p>\n<p style=\"text-align: justify;\"><span style=\"font-size: small;\"><span style=\"font-family: verdana,geneva;\"><img loading=\"lazy\" class=\" alignleft size-full wp-image-2251\" src=\"http:\/\/www.sceltedigusto.it\/public\/Test\/wp-content\/uploads\/2011\/11\/pescato.jpg\" border=\"0\" width=\"267\" height=\"200\" style=\"margin: 5px; float: left;\" width=\"378\" height=\"283\" srcset=\"https:\/\/www.sceltedigusto.it\/public\/wp-content\/uploads\/2011\/11\/pescato.jpg 378w, https:\/\/www.sceltedigusto.it\/public\/wp-content\/uploads\/2011\/11\/pescato-300x224.jpg 300w\" sizes=\"(max-width: 267px) 100vw, 267px\" \/>Il   progetto vuole inoltre contribuire a diffondere una maggiore  comunicazione sulla  sostenibilit\u00e0 dei sistemi di cattura, determinando  in tal modo scelte di  acquisto sempre pi\u00f9 consapevoli. In questo tour  informativo in giro per la  Sicilia, sar\u00e0 utilizzato un mezzo elettrico,  con l\u2019obiettivo di sensibilizzare anche alla  mobilit\u00e0 sostenibile.<\/span><\/span><\/p>\n<p><span style=\"font-size: small;\"><span style=\"font-family: verdana,geneva;\"> <\/span><\/span><\/p>\n<p style=\"text-align: justify;\"><span style=\"font-size: small;\"><span style=\"font-family: verdana,geneva;\">&#8220;<span style=\"color: black;\">Con  questa attivit\u00e0 &#8211; si legge nella nota dell&#8217;iniziativa &#8211; la Regione Siciliana intende <\/span>valorizzare  le specificit\u00e0 territoriali e le specie ittiche endogene e meno conosciute del  pescato delle marinerie siciliane, stimolando nel contempo comportamenti  responsabili nei confronti dell&#8217;ecosistema ambientale, seppure con l&#8217;obiettivo  d\u2019incrementare il consumo di pesce da parte dei siciliani&#8221;.<\/span><\/span><\/p>\n<p style=\"text-align: center;\"><span style=\"font-size: small;\"><span style=\"font-family: verdana,geneva;\"><img loading=\"lazy\" class=\" size-full wp-image-2252\" src=\"http:\/\/www.sceltedigusto.it\/public\/Test\/wp-content\/uploads\/2011\/11\/pescato_2.jpg\" border=\"0\" width=\"264\" height=\"233\" width=\"378\" height=\"283\" \/> <img loading=\"lazy\" class=\" size-full wp-image-2253\" src=\"http:\/\/www.sceltedigusto.it\/public\/Test\/wp-content\/uploads\/2011\/11\/pescato_1.jpg\" border=\"0\" width=\"257\" height=\"233\" width=\"378\" height=\"283\" \/><br \/><\/span><\/span><\/p>\n<p><span style=\"font-size: small;\"><span style=\"font-family: verdana,geneva;\"> <\/span><\/span><\/p>\n<p style=\"line-height: normal; text-align: justify;\"><span style=\"font-size: small;\"><span style=\"font-family: verdana,geneva;\">Non a caso una delle finalit\u00e0 principali che si pone questo progetto \u00e8 quella di far maturare  una coscienza alimentare ed un\u2019educazione al consumo del pescato siciliano meno  conosciuto o, comunque, ritenuto di scarso interesse commerciale. In realt\u00e0 si  tratta di specie locali il cui pregio e le cui qualit\u00e0 organolettiche non hanno  nulla da invidiare alle specie pi\u00f9 note. <\/span><\/span><\/p>\n<p style=\"line-height: normal; text-align: justify;\"><span style=\"font-size: small;\"><span style=\"font-family: verdana,geneva;\">In particolare questa campagna &#8211;  seguendo un approccio innovativo di sviluppo che pone al centro le risorse  umane, le competenze e la qualit\u00e0 stessa dei prodotti &#8211; individua la necessit\u00e0  di valorizzare e fare apprezzare, in modo piacevole, i sapori \u201cdimenticati\u201d ai  ragazzi dai 10 ai 15 anni: la fascia di et\u00e0 durante la quale si determinano le  scelte sui gusti e le scelte alimentari future. <\/span><\/span><\/p>\n<p style=\"line-height: normal; text-align: justify;\"><span style=\"font-size: small;\"><span style=\"font-family: verdana,geneva;\"><strong>Antonio Fiasconaro<\/strong><br \/><\/span><\/span><\/p>\n<p><span style=\"font-size: small;\"><span style=\"font-family: verdana,geneva;\"> <\/span><\/span><\/p>\n<p style=\"line-height: normal; text-align: justify;\"><span style=\"font-size: small;\"><span style=\"font-family: verdana,geneva;\"> <\/span><\/span><\/p>\n<p><span style=\"font-size: small;\"><span style=\"font-family: verdana,geneva;\"> <\/span><\/span><\/p>\n<p style=\"line-height: normal; text-align: justify;\"><span style=\"font-size: small;\"><span style=\"font-family: verdana,geneva;\"> <\/span><\/span><\/p>\n","protected":false},"excerpt":{"rendered":"<p>Dopo Siracusa, Catania, Sciacca, Caltanissetta, adesso tocca a Palermo. Fa tappa domani nel capoluogo dell&#8217;Isola la campagna di sensibilizzazione, promozione e sostegno al pescato siciliano &#8220;Il pesce quotidiano di pescato siciliano&#8221;. L&#8217;iniziativa, che si chiuder\u00e0 venerd\u00ec ad Enna, \u00e8 promossa dall&#8217;assessorato regionale delle Risorse Agricole ed Alimentari (A.Fi.)<\/p>\n","protected":false},"author":18,"featured_media":2248,"comment_status":"open","ping_status":"open","sticky":false,"template":"","format":"standard","meta":[],"categories":[29],"tags":[3137,1683,3133,1660,539,3134,932,1651,3131,3135,3132,104,3138,101,1040,3136,3130,292,2812],"jetpack_featured_media_url":"https:\/\/www.sceltedigusto.it\/public\/wp-content\/uploads\/2011\/11\/pesce2.jpg","_links":{"self":[{"href":"https:\/\/www.sceltedigusto.it\/public\/wp-json\/wp\/v2\/posts\/2254"}],"collection":[{"href":"https:\/\/www.sceltedigusto.it\/public\/wp-json\/wp\/v2\/posts"}],"about":[{"href":"https:\/\/www.sceltedigusto.it\/public\/wp-json\/wp\/v2\/types\/post"}],"author":[{"embeddable":true,"href":"https:\/\/www.sceltedigusto.it\/public\/wp-json\/wp\/v2\/users\/18"}],"replies":[{"embeddable":true,"href":"https:\/\/www.sceltedigusto.it\/public\/wp-json\/wp\/v2\/comments?post=2254"}],"version-history":[{"count":1,"href":"https:\/\/www.sceltedigusto.it\/public\/wp-json\/wp\/v2\/posts\/2254\/revisions"}],"predecessor-version":[{"id":4350,"href":"https:\/\/www.sceltedigusto.it\/public\/wp-json\/wp\/v2\/posts\/2254\/revisions\/4350"}],"wp:featuredmedia":[{"embeddable":true,"href":"https:\/\/www.sceltedigusto.it\/public\/wp-json\/wp\/v2\/media\/2248"}],"wp:attachment":[{"href":"https:\/\/www.sceltedigusto.it\/public\/wp-json\/wp\/v2\/media?parent=2254"}],"wp:term":[{"taxonomy":"category","embeddable":true,"href":"https:\/\/www.sceltedigusto.it\/public\/wp-json\/wp\/v2\/categories?post=2254"},{"taxonomy":"post_tag","embeddable":true,"href":"https:\/\/www.sceltedigusto.it\/public\/wp-json\/wp\/v2\/tags?post=2254"}],"curies":[{"name":"wp","href":"https:\/\/api.w.org\/{rel}","templated":true}]}}