{"id":2239,"date":"2011-11-26T07:21:28","date_gmt":"2011-11-26T06:21:28","guid":{"rendered":"http:\/\/www.sceltedigusto.it\/public\/Test\/il-pangiallo-romano\/"},"modified":"2016-01-18T15:10:20","modified_gmt":"2016-01-18T14:10:20","slug":"il-pangiallo-romano","status":"publish","type":"post","link":"https:\/\/www.sceltedigusto.it\/public\/il-pangiallo-romano\/","title":{"rendered":"Il pangiallo romano"},"content":{"rendered":"<h3 style=\"text-align: justify;\"><img loading=\"lazy\" class=\" size-full wp-image-2237\" src=\"http:\/\/www.sceltedigusto.it\/public\/Test\/wp-content\/uploads\/2011\/11\/pangiallo.jpg\" border=\"0\" width=\"250\" height=\"219\" width=\"630\" height=\"455\" \/>Tra i dolci tradizionali per le feste di Natale a Roma c\u2019\u00e8 il Pangiallo. E\u2019 un dolce il cui nome \u00e8 dato dal colore dorato della superficie, ha forma di pagnottina ed \u00e8 composto di pasta di pane arricchita da miele, frutta secca, canditi e spezie. In origine si otteneva impastando solo il miele con il cedro candito e la frutta secca. Poi con gli anni si \u00e8 arricchito di altri ingredienti fino a diventare un pane arricchito.<\/h3>\n<h3 style=\"text-align: justify;\">Il <a href=\"http:\/\/sciroppodimirtilliepiccoliequilibri.blogspot.com\/2011\/11\/pangiallo-romano.html\">pangiallo romano<\/a> di <strong>Fr@<\/strong> del blog <em>Sciroppo di mirtilli e piccoli equilibri<\/em>\u00a0<\/h3>\n<p>  <!--more-->  <\/p>\n<p style=\"text-align: justify;\">Con questo dolce tipicamente romano partecipo al contest \u00a0<em><a href=\"http:\/\/pecorelladimarzapane.blogspot.com\/2011\/10\/strenne-di-natale-tu-cucini-scelte-di.html\">Strenne di Natale: tu cucini, Scelte diGusto premia!<\/a><\/em> di Tiziana del blog <a href=\"http:\/\/pecorelladimarzapane.blogspot.com\/\">Pecorelle di Marzapane<\/a> in collaborazione con\u00a0<em><a href=\"..\/\/\">Scelte di Gusto<\/a><\/em>, il giornale di cultura ed informazione enogastronomica.<\/p>\n<p>Ingredienti per una pagnottina:<br \/>100 g di farina\u00a0 0<br \/>10 g di lievito di birra<br \/>50 ml di latte<br \/>acqua q.b.<br \/>7 g di miele (un cucchiaino)<br \/>50 g di nocciole tostate<br \/>50 g di pinoli tostati<br \/>50 g\u00a0 noci sgusciate<br \/>50 g di mandorle spellate<br \/>50 g di uva passa<br \/>50 g di canditi<br \/>4 fichi secchi<br \/>4 g di noce moscata<br \/>20 ml di Marsala Fine I.P. Ambra Semisecco DOC<\/p>\n<p>Pastella:<br \/>25 g di farina (un cucchiaio)<br \/>8 g di olio extra vergine di oliva (un cucchiaio)<br \/>1 cucchiaio di acqua<\/p>\n<p style=\"text-align: justify;\"><img loading=\"lazy\" class=\" size-full wp-image-2238\" src=\"http:\/\/www.sceltedigusto.it\/public\/Test\/wp-content\/uploads\/2011\/11\/pagiallo1.jpg\" border=\"0\" width=\"630\" height=\"473\" srcset=\"https:\/\/www.sceltedigusto.it\/public\/wp-content\/uploads\/2011\/11\/pagiallo1.jpg 630w, https:\/\/www.sceltedigusto.it\/public\/wp-content\/uploads\/2011\/11\/pagiallo1-300x225.jpg 300w\" sizes=\"(max-width: 630px) 100vw, 630px\" \/><\/p>\n<p style=\"text-align: justify;\">Preparazione:<\/p>\n<p style=\"text-align: justify;\">In un pentolino si fa intiepidire il latte, si versa in un bicchiere e si sbriciola il lievito, si mescola e si fa sciogliere completamente per 5-6 minuti circa. In una ciotola capiente si versa la farina setacciata, il lievito e si inizia ad amalgamare aggiungendo un po\u2019 d\u2019acqua, si lavora energicamente sulla spianatoia infarinata per 10-15 minuti, fino ad avere un composto consistente ma morbido. Si aggiunge il miele disciolto in acqua, la frutta secca, l\u2019uva passa in precedenza ammollata per 20 minuti in acqua tiepida e alcune gocce di Marsala, i canditi, i fichi secchi tagliati a pezzetti e la noce moscata. Si impasta il tutto si d\u00e0 la forma di una pagnottina, si dispone su una teglia ricoperta di carta forno e si lascia riposare minimo 6 ore, meglio tutta una notte. <\/p>\n<p>Passato il tempo si fa una pastella abbastanza densa con farina, acqua, olio extravergine di oliva e si spalma sulla superficie della pagnottina, s\u2019inforna a 180\u00b0 C per 50-60 minuti fino a che non avr\u00e0 un colore dorato. Una volta cotta si sforna e si lascia raffreddare. Si pu\u00f2 mangiare subito oppure si pu\u00f2 conservare benissimo per diversi giorni.<\/p>\n","protected":false},"excerpt":{"rendered":"<p>Tra i dolci tradizionali per le feste di Natale a Roma c\u2019\u00e8 il Pangiallo. E\u2019 un dolce il cui nome \u00e8 dato dal colore dorato della superficie, ha forma di pagnottina ed \u00e8 composto di pasta di pane arricchita da miele, frutta secca, canditi e spezie. In origine si otteneva impastando solo il miele con [&hellip;]<\/p>\n","protected":false},"author":18,"featured_media":2237,"comment_status":"open","ping_status":"open","sticky":false,"template":"","format":"standard","meta":[],"categories":[37],"tags":[1435,1962,3117,3114,3035,708,3118,3115,3116],"jetpack_featured_media_url":"https:\/\/www.sceltedigusto.it\/public\/wp-content\/uploads\/2011\/11\/pangiallo.jpg","_links":{"self":[{"href":"https:\/\/www.sceltedigusto.it\/public\/wp-json\/wp\/v2\/posts\/2239"}],"collection":[{"href":"https:\/\/www.sceltedigusto.it\/public\/wp-json\/wp\/v2\/posts"}],"about":[{"href":"https:\/\/www.sceltedigusto.it\/public\/wp-json\/wp\/v2\/types\/post"}],"author":[{"embeddable":true,"href":"https:\/\/www.sceltedigusto.it\/public\/wp-json\/wp\/v2\/users\/18"}],"replies":[{"embeddable":true,"href":"https:\/\/www.sceltedigusto.it\/public\/wp-json\/wp\/v2\/comments?post=2239"}],"version-history":[{"count":1,"href":"https:\/\/www.sceltedigusto.it\/public\/wp-json\/wp\/v2\/posts\/2239\/revisions"}],"predecessor-version":[{"id":4198,"href":"https:\/\/www.sceltedigusto.it\/public\/wp-json\/wp\/v2\/posts\/2239\/revisions\/4198"}],"wp:featuredmedia":[{"embeddable":true,"href":"https:\/\/www.sceltedigusto.it\/public\/wp-json\/wp\/v2\/media\/2237"}],"wp:attachment":[{"href":"https:\/\/www.sceltedigusto.it\/public\/wp-json\/wp\/v2\/media?parent=2239"}],"wp:term":[{"taxonomy":"category","embeddable":true,"href":"https:\/\/www.sceltedigusto.it\/public\/wp-json\/wp\/v2\/categories?post=2239"},{"taxonomy":"post_tag","embeddable":true,"href":"https:\/\/www.sceltedigusto.it\/public\/wp-json\/wp\/v2\/tags?post=2239"}],"curies":[{"name":"wp","href":"https:\/\/api.w.org\/{rel}","templated":true}]}}