{"id":2194,"date":"2011-11-23T18:08:44","date_gmt":"2011-11-23T17:08:44","guid":{"rendered":"http:\/\/www.sceltedigusto.it\/public\/Test\/il-marchio-del-qsalone-del-gustoq-di-torino-vale-235-milioni-di-euro\/"},"modified":"2013-11-16T21:11:28","modified_gmt":"2013-11-16T20:11:28","slug":"il-marchio-del-qsalone-del-gustoq-di-torino-vale-235-milioni-di-euro","status":"publish","type":"post","link":"https:\/\/www.sceltedigusto.it\/public\/il-marchio-del-qsalone-del-gustoq-di-torino-vale-235-milioni-di-euro\/","title":{"rendered":"Il marchio del &#8220;Salone del Gusto&#8221; di Torino vale 2,35 milioni di euro"},"content":{"rendered":"<h3 style=\"text-align: justify;\"><img loading=\"lazy\" class=\" size-full wp-image-2188\" src=\"http:\/\/www.sceltedigusto.it\/public\/Test\/wp-content\/uploads\/2011\/11\/salone-del-gusto.jpg\" border=\"0\" width=\"291\" height=\"317\" srcset=\"https:\/\/www.sceltedigusto.it\/public\/wp-content\/uploads\/2011\/11\/salone-del-gusto.jpg 291w, https:\/\/www.sceltedigusto.it\/public\/wp-content\/uploads\/2011\/11\/salone-del-gusto-275x300.jpg 275w, https:\/\/www.sceltedigusto.it\/public\/wp-content\/uploads\/2011\/11\/salone-del-gusto-150x163.jpg 150w\" sizes=\"(max-width: 291px) 100vw, 291px\" \/><span style=\"font-size: small;\"><span style=\"font-family: verdana,geneva;\">Il Salone Internazionale del Gusto di Torino\u00a0che si svolge in ogni due anni in occasione di &#8220;Slow Food&#8221; ha un marchio di enorme valore:\u00a0\u00a02,35 milioni di euro e le sue ricadute sul territorio, materiali e immateriali, si attestano intorno ai 65 milioni di euro. Questo dato \u00e8\u00a0 emerso da una ricerca &#8220;Salone del Gusto: l&#8217;impatto sul territorio e il valore del marchio&#8221;. (A.Fi.)<\/span><\/span><\/h3>\n<h3 style=\"text-align: justify;\">  <!--more-->  <\/h3>\n<p style=\"text-align: center;\"><span style=\"font-size: small;\"><img loading=\"lazy\" class=\" size-full wp-image-2189\" src=\"http:\/\/www.sceltedigusto.it\/public\/Test\/wp-content\/uploads\/2011\/11\/slow food.jpg\" border=\"0\" width=\"471\" height=\"270\" width=\"257\" height=\"196\" \/><\/span><\/p>\n<p style=\"text-align: justify;\"><span style=\"font-size: small;\"><span style=\"font-family: verdana,geneva;\">Questa  indagine \u00e8 stata promossa dalla Camera di Commercio di Torino e  realizzata da Ip Finance Institute e Icm Research. Organizzato ogni due  anni da &#8220;Slow Food&#8221; con Regione Piemonte e Citt\u00e0 di Torino (proprietarie  del marchio per un terzo ciascuno), il &#8220;Salone del Gusto&#8221; si caratterizza  per un&#8217;offerta ampia che si rivolge non solo al mondo  dell&#8217;enogastronomia, ma che rappresenta per il territorio piemontese e  nazionale un&#8217;opportunit\u00e0 preziosa dalle ricadute economiche, sociali e  culturali.<\/span><\/span><\/p>\n<p style=\"text-align: justify;\"><span style=\"font-size: small;\"><span style=\"font-family: verdana,geneva;\">L\u2019obiettivo\u00a0\u00e8 quello di\u00a0condividere con aziende, operatori commerciali e istituzioni il risultato della valutazione del marchio e individuarne l\u2019eventuale potenziale futuro al fine di attuare, a partire gi\u00e0 dalla prossima edizione del Salone (25-29 ottobre 2012), azioni di crescita e di sviluppo economico del marchio stesso e dei territori di riferimento.<\/span><\/span><\/p>\n<p style=\"text-align: justify;\"><span style=\"font-size: small;\"><span style=\"font-family: verdana,geneva;\"><img loading=\"lazy\" class=\" alignleft size-full wp-image-2190\" src=\"http:\/\/www.sceltedigusto.it\/public\/Test\/wp-content\/uploads\/2011\/11\/bolatto guido.jpg\" border=\"0\" title=\"Guido Bolatto segretario generale Camera di Commercio di Torino\" width=\"202\" height=\"264\" style=\"margin: 5px; float: left;\" width=\"199\" height=\"254\" \/>Lo ribadisce lo stesso segretario generale della Camera di Commercio, Guido Bolatto: &#8220;Il nostro obiettivo era quello di rilevare elementi quantitativi reali e attendibili, ma anche qualitativi, per cogliere il valore economico di un evento internazionale come il Salone del Gusto e il suo rapporto con il sistema economico locale&#8221;.<\/span><\/span><\/p>\n<p style=\"text-align: justify;\"><span style=\"font-size: small;\"><span style=\"font-family: verdana,geneva;\">&#8220;Da questi dati\u00a0 &#8211; ha aggiunto &#8211; si pu\u00f2 partire per pianificare gli investimenti e le scelte di marketing territoriale di istituzioni pubbliche e private, considerando anche le caratteristiche peculiari del marchio&#8221;.<\/span><\/span><\/p>\n<p style=\"text-align: justify;\"><span style=\"font-size: small;\"><span style=\"font-family: verdana,geneva;\">Altro  particolare emerso dallo studion \u00e8 quello che ha messo in evdenza come  il &#8220;Salone del Gusto&#8221; sia un evento dall&#8217;ampia ricaduta sul territorio  che lo ospita, valutabile attraverso gli investimenti per  l&#8217;organizzazione della kermesse (8,7 mln nell&#8217;edizione 2010, di cui  circa il 90% viene &#8216;spes\u00f2 sul territorio piemontese), le spese in citt\u00e0 e  nella regione da parte del pubblico in visita all&#8217;evento (stimate,  attraverso una segmentazione per profilo di consumo dei 200.000  visitatori dell&#8217;edizione 2010, in oltre 30 mln) e gli oltre 25 mln con  cui sono stati certificati da una societ\u00e0 terza i valori di reputazione e  notoriet\u00e0 dati dalle rassegne stampa, audio e video.<\/span><\/span><\/p>\n<div style=\"text-align: center;\"><span style=\"font-size: small;\"><span style=\"font-family: verdana,geneva;\"><img loading=\"lazy\" class=\" size-full wp-image-2191\" src=\"http:\/\/www.sceltedigusto.it\/public\/Test\/wp-content\/uploads\/2011\/11\/salone del gusto di torino.jpg\" border=\"0\" width=\"426\" height=\"245\" style=\"margin: 5px;\" width=\"303\" height=\"166\" \/><\/span><\/span><\/div>\n<div style=\"text-align: justify;\"><span style=\"font-size: small;\"><br \/><\/span><\/div>\n<div style=\"text-align: justify;\"><span style=\"font-size: small;\"><span style=\"font-family: verdana,geneva;\">Altro particolare emerso dallo studio \u00e8 quello che ha messo in evdenza come il &#8220;Salone del Gusto&#8221; sia un evento dall&#8217;ampia ricaduta sul territorio che lo ospita, valutabile attraverso gli investimenti per l&#8217;organizzazione della kermesse (8,7 mln nell&#8217;edizione 2010, di cui circa il 90% viene &#8216;spes\u00f2 sul territorio piemontese), le spese in citt\u00e0 e nella regione da parte del pubblico in visita all&#8217;evento (stimate, attraverso una segmentazione per profilo di consumo dei 200.000 visitatori dell&#8217;edizione 2010, in oltre 30 mln) e gli oltre 25 mln con cui sono stati certificati da una societ\u00e0 terza i valori di reputazione e notoriet\u00e0 dati dalle rassegne stampa, audio e video.<\/span><\/span><\/div>\n<div style=\"text-align: justify;\"><span style=\"font-size: small;\"><span style=\"font-family: verdana,geneva;\"><br \/><\/span><\/span><\/div>\n<div><span style=\"font-size: small;\"><span style=\"font-family: verdana,geneva;\"><img loading=\"lazy\" class=\" alignright size-full wp-image-2192\" src=\"http:\/\/www.sceltedigusto.it\/public\/Test\/wp-content\/uploads\/2011\/11\/burdese roberto.jpg\" border=\"0\" width=\"202\" height=\"249\" style=\"margin: 5px; float: right;\" width=\"183\" height=\"275\" \/><br \/><\/span><\/span><\/div>\n<div style=\"text-align: justify;\"><span style=\"font-size: small;\"><span style=\"font-family: verdana,geneva;\">&#8220;Per la prima volta grazie a questo studio abbiamo in mano datieconomici certi che possiamo diffondere e comunicare sia ai nostri investitori, sia al territorio che ospita l&#8217;evento &#8211; ha commentato Roberto Burdese, presidente di Slow Foood Italia &#8211; inoltre la ricerca mette in luce il ruolo fondamentale di Slow Food nel contribuire all&#8217;immagine e alle ricadute positive del Salone Internazionale del Gusto&#8221;. <\/span><\/span><\/div>\n<div style=\"text-align: justify;\"><span style=\"font-size: small;\"><span style=\"font-family: verdana,geneva;\">Burdese ha pure aggiuntoi che &#8220;Per questo motivo, chiederemo nel futuro alla nostra rete internazionale di partecipare attivamente all&#8217;evento&#8221;, ha proseguito anticipando che &#8220;nell&#8217;edizione 2012 si realizzer\u00e0 la piena integrazione di Salone e Terra Madre che diventeranno un evento unico, per la prima volta interamente aperto al pubblico&#8221;.<\/span><\/span><\/div>\n<div style=\"text-align: justify;\"><\/div>\n<div style=\"text-align: justify;\"><\/div>\n<div style=\"text-align: justify;\"><\/div>\n<div style=\"text-align: justify;\"><span style=\"font-size: small;\"><span style=\"font-family: verdana,geneva;\"><br \/><\/span><\/span><\/div>\n<div style=\"text-align: justify;\"><span style=\"font-size: small;\"><span style=\"font-family: verdana,geneva;\"><br \/><\/span><\/span><\/div>\n<div><span style=\"font-size: small;\"><span style=\"font-family: verdana,geneva;\"><img loading=\"lazy\" class=\" alignleft size-full wp-image-2193\" src=\"http:\/\/www.sceltedigusto.it\/public\/Test\/wp-content\/uploads\/2011\/11\/carlo petrini.jpg\" border=\"0\" width=\"318\" height=\"242\" style=\"margin: 5px; float: left;\" width=\"290\" height=\"174\" \/><\/span><\/span><\/div>\n<div style=\"text-align: justify;\"><span style=\"font-size: small;\"><span style=\"font-family: verdana,geneva;\">&#8220;Al di l\u00e0 dei numeri &#8211; ha concluso Carlo Petrini, presidente di Slow Food &#8211; il valore del Salone \u00e8 potenziato dalla concomitanza, a partire dal 2004, con Terra Madre, poich\u00e8 Torino e il Piemonte sono diventati la casa in cui parlare di agricoltura, cibo buono, sostenibilit\u00e0 ed equit\u00e0&#8221;. I visitatori del Salone sono passati dai 138mila del 2002 ai 200 mila dell&#8217;edizione 2010 a cui si \u00e8 accompagnata una crescente presenza di espositori, da 500 a 912 in cinque edizioni.<\/span><\/span><\/div>\n<p style=\"text-align: justify;\"><span style=\"font-size: small;\"><span style=\"font-family: verdana,geneva;\">&#8220;Il  Salone infatti porta con s\u00e8 progetti che poi hanno una continuit\u00e0 nel  tempo e sul territorio e soprattutto capovolge il modello della fiera  enogastronomica tipica, considerando i prodotti esposti non come il  fine, ma come il mezzo per costruire una cultura enogastronomica &#8211; ha  concluso Guido Bolatto &#8211; e a beneficiarne \u00e8 anche Torino, che una volta di pi\u00f9 appare  come citt\u00e0 laboratorio, capace di innovare non solo in campo produttivo, ma anche negli stili di vita&#8221;.<\/span><\/span><\/p>\n<p style=\"text-align: justify;\"><span style=\"font-family: verdana,geneva;\"><span style=\"font-size: small;\"><strong>Antonio Fiasconaro<\/strong><br \/><\/span><\/span><\/p>\n<p style=\"text-align: justify;\"><span style=\"text-decoration: underline;\"><strong><br \/><\/strong><\/span><\/p>\n","protected":false},"excerpt":{"rendered":"<p>Il Salone Internazionale del Gusto di Torino\u00a0che si svolge in ogni due anni in occasione di &#8220;Slow Food&#8221; ha un marchio di enorme valore:\u00a0\u00a02,35 milioni di euro e le sue ricadute sul territorio, materiali e immateriali, si attestano intorno ai 65 milioni di euro. Questo dato \u00e8\u00a0 emerso da una ricerca &#8220;Salone del Gusto: l&#8217;impatto [&hellip;]<\/p>\n","protected":false},"author":18,"featured_media":2188,"comment_status":"open","ping_status":"open","sticky":false,"template":"","format":"standard","meta":[],"categories":[29],"tags":[2424,1683,379,3032,109,1601,3030,3033,3031,836,3029,972],"jetpack_featured_media_url":"https:\/\/www.sceltedigusto.it\/public\/wp-content\/uploads\/2011\/11\/salone-del-gusto.jpg","_links":{"self":[{"href":"https:\/\/www.sceltedigusto.it\/public\/wp-json\/wp\/v2\/posts\/2194"}],"collection":[{"href":"https:\/\/www.sceltedigusto.it\/public\/wp-json\/wp\/v2\/posts"}],"about":[{"href":"https:\/\/www.sceltedigusto.it\/public\/wp-json\/wp\/v2\/types\/post"}],"author":[{"embeddable":true,"href":"https:\/\/www.sceltedigusto.it\/public\/wp-json\/wp\/v2\/users\/18"}],"replies":[{"embeddable":true,"href":"https:\/\/www.sceltedigusto.it\/public\/wp-json\/wp\/v2\/comments?post=2194"}],"version-history":[{"count":1,"href":"https:\/\/www.sceltedigusto.it\/public\/wp-json\/wp\/v2\/posts\/2194\/revisions"}],"predecessor-version":[{"id":4351,"href":"https:\/\/www.sceltedigusto.it\/public\/wp-json\/wp\/v2\/posts\/2194\/revisions\/4351"}],"wp:featuredmedia":[{"embeddable":true,"href":"https:\/\/www.sceltedigusto.it\/public\/wp-json\/wp\/v2\/media\/2188"}],"wp:attachment":[{"href":"https:\/\/www.sceltedigusto.it\/public\/wp-json\/wp\/v2\/media?parent=2194"}],"wp:term":[{"taxonomy":"category","embeddable":true,"href":"https:\/\/www.sceltedigusto.it\/public\/wp-json\/wp\/v2\/categories?post=2194"},{"taxonomy":"post_tag","embeddable":true,"href":"https:\/\/www.sceltedigusto.it\/public\/wp-json\/wp\/v2\/tags?post=2194"}],"curies":[{"name":"wp","href":"https:\/\/api.w.org\/{rel}","templated":true}]}}