{"id":2186,"date":"2011-11-23T07:48:52","date_gmt":"2011-11-23T06:48:52","guid":{"rendered":"http:\/\/www.sceltedigusto.it\/public\/Test\/al-qcioccoshowq-di-bologna-un-tuffo-tra-le-delizie-degliqdeiq\/"},"modified":"2016-01-15T19:29:18","modified_gmt":"2016-01-15T18:29:18","slug":"al-qcioccoshowq-di-bologna-un-tuffo-tra-le-delizie-degliqdeiq","status":"publish","type":"post","link":"https:\/\/www.sceltedigusto.it\/public\/al-qcioccoshowq-di-bologna-un-tuffo-tra-le-delizie-degliqdeiq\/","title":{"rendered":"Al &#8220;Cioccoshow&#8221; di Bologna un tuffo tra le delizie degli&#8221;Dei&#8221;"},"content":{"rendered":"<h3 style=\"text-align: justify;\"><span style=\"font-size: small;\"><span style=\"font-family: verdana,geneva;\"><img loading=\"lazy\" class=\" size-full wp-image-2182\" src=\"http:\/\/www.sceltedigusto.it\/public\/Test\/wp-content\/uploads\/2011\/11\/chocco2.jpg\" alt=\"\" width=\"258\" height=\"327\" border=\"0\" srcset=\"https:\/\/www.sceltedigusto.it\/public\/wp-content\/uploads\/2011\/11\/chocco2.jpg 258w, https:\/\/www.sceltedigusto.it\/public\/wp-content\/uploads\/2011\/11\/chocco2-237x300.jpg 237w, https:\/\/www.sceltedigusto.it\/public\/wp-content\/uploads\/2011\/11\/chocco2-150x190.jpg 150w\" sizes=\"(max-width: 258px) 100vw, 258px\" \/>Pensate ad uno stand pieno di fontane di cioccolato, praline ripiene, barrette di tutte le forme e colori, tartufi e Sacher Torte. Adesso moltiplicate il tutto per una settantina di stand come quello appena descritto, e capite la difficolt\u00e0 di descrivere a parole il Cioccoshow, rassegna del cioccolato artigianale che si \u00e8 chiusa domenica scorsa a Bologna.(V.Le.) <!--more--> <\/span><\/span><\/h3>\n<p style=\"text-align: justify;\"><span style=\"font-size: small;\"><span style=\"font-family: verdana,geneva;\">Insomma, resistere al celebre \u201cleggero languorino\u201d \u00e8 stata impresa quantomai ardua, da cuori forti, una battaglia persa in partenza. Anche perch\u00e8, diciamoci la verit\u00e0, aveva mica torto George Bernard Shaw, che proprio in battaglia diceva di preferire della cioccolata al posto delle cartucce.<\/span><\/span><\/p>\n<p style=\"text-align: justify;\"><span style=\"font-size: small;\"><span style=\"font-family: verdana,geneva;\"><img loading=\"lazy\" class=\" alignleft size-full wp-image-2183\" style=\"border: 0pt none; margin: 5px; float: left;\" src=\"http:\/\/www.sceltedigusto.it\/public\/Test\/wp-content\/uploads\/2011\/11\/chocco4.jpg\" alt=\"\" width=\"287\" height=\"301\" border=\"0\" srcset=\"https:\/\/www.sceltedigusto.it\/public\/wp-content\/uploads\/2011\/11\/chocco4.jpg 287w, https:\/\/www.sceltedigusto.it\/public\/wp-content\/uploads\/2011\/11\/chocco4-150x157.jpg 150w, https:\/\/www.sceltedigusto.it\/public\/wp-content\/uploads\/2011\/11\/chocco4-286x300.jpg 286w\" sizes=\"(max-width: 287px) 100vw, 287px\" \/><\/span><span style=\"font-family: verdana,geneva;\">I numeri di questa settima edizione, in termini di partecipazione di pubblico, sono stati pi\u00f9 che buoni, circa 290 mila le presenze durante la quattro giorni di eventi in calendario. A far da complice il clima in perfetto <em>sweet november<\/em>, aria fredda e un timido sole, risultando cos\u00ec piacevole passeggiare riscaldandosi all&#8217;occorrenza (gi\u00e0 che ci siamo) con una cioccolata calda. Sicuramente pi\u00f9 d&#8217;uno, mettendo da parte i sensi di colpa, ha accompagnato il tutto con un assaggino qua e l\u00e0 facendo previdente scorta, per un totale di 380 quintali di cioccolato degustati e venduti in tutto! A questi si aggiungono i 300 chili della barretta da guinness (di nome e di fatto) realizzata per l&#8217;occasione dai due maestri cioccolatieri Giuseppe Sartoni e Mirco Della Vecchia.<\/span><\/span><\/p>\n<p style=\"text-align: justify;\"><span style=\"font-size: small;\"><span style=\"font-family: verdana,geneva;\"><img loading=\"lazy\" class=\" alignright size-full wp-image-2184\" style=\"border: 0pt none; margin: 5px; float: right;\" src=\"http:\/\/www.sceltedigusto.it\/public\/Test\/wp-content\/uploads\/2011\/11\/chocco3.jpg\" alt=\"\" width=\"355\" height=\"337\" border=\"0\" srcset=\"https:\/\/www.sceltedigusto.it\/public\/wp-content\/uploads\/2011\/11\/chocco3.jpg 355w, https:\/\/www.sceltedigusto.it\/public\/wp-content\/uploads\/2011\/11\/chocco3-300x284.jpg 300w\" sizes=\"(max-width: 355px) 100vw, 355px\" \/><\/span><span style=\"font-family: verdana,geneva;\">La \u201cbarretta\u201d, chiamiamola cos\u00ec, \u00e8 entrata di diritto nel Guinness dei Primati come la pi\u00f9 lunga del mondo, con i suoi 15 metri di lunghezza. Lodevole e per nulla scontata l&#8217;iniziativa di devolvere in beneficenza i ricavi ottenuti dalla vendita dei pezzetti della tavoletta da record, l&#8217;incasso (circa duemila euro) andr\u00e0 in favore delle popolazioni colpite dall&#8217;alluvione in Liguria.<\/span><\/span><\/p>\n<p style=\"text-align: justify;\"><span style=\"font-size: small;\"><span style=\"font-family: verdana,geneva;\">Insomma grande partecipazione per una manifestazione in crescendo via via negli anni, immune alla crisi del settimo anno. Anche perch\u00e8, di crisi, nel settore dolciario, non si pu\u00f2 che parlare in maniera figurativa, ce lo dicono i fatti, ma ce lo confermano soprattutto i numeri: nel 2010 il comparto \u201ccioccolato e prodotti a base di cacao\u201d ha fatto segnare un +4% rispetto all&#8217;anno precedente e un +2,3% alla voce consumi. <\/span><\/span><\/p>\n<p style=\"text-align: justify;\"><span style=\"font-size: small;\"><span style=\"font-family: verdana,geneva;\">La chiave di lettura di questi dati va ricercata nell&#8217;ottima salute che godono qualitativamente le imprese artigiane del settore, e in questo la manifestazione bolognese si differenzia dall&#8217;Eurochocolate di Perugia, proprio perch\u00e8 alla grande distribuzione preferisce mettere in mostra l&#8217;arte delle botteghe artigiane. Il risultato premia sicuramente questa scelta, con una settantina di espositori provenienti un po&#8217; da tutta Italia che si \u201cspalmano\u201d uniformemente creando una atmosfera che attira bambini, ma anche adulti. Se pensiamo poi che i primi consumatori di cioccolato risultano essere le donne adulte (poi i bambini, e a distanza gli uomini) con un 56% dominante, abbiamo un quadro esatto di un settore in salute, trasversale, genuino e orgogliosamente made in Italy, che sa guardare fuori dall&#8217;obl\u00f2 dato che il prossimo anno (come ci confidano gli organizzatori) si parla di un coinvolgimento di aziende del Venezuela.<\/span><\/span><\/p>\n<p style=\"text-align: justify;\"><span style=\"font-size: small;\"><span style=\"font-family: verdana,geneva;\"><img loading=\"lazy\" class=\" alignleft size-full wp-image-2185\" style=\"border: 0pt none; margin: 5px; float: left;\" src=\"http:\/\/www.sceltedigusto.it\/public\/Test\/wp-content\/uploads\/2011\/11\/cioccoshow-bologna1.jpg\" alt=\"\" width=\"308\" height=\"314\" border=\"0\" srcset=\"https:\/\/www.sceltedigusto.it\/public\/wp-content\/uploads\/2011\/11\/cioccoshow-bologna1.jpg 308w, https:\/\/www.sceltedigusto.it\/public\/wp-content\/uploads\/2011\/11\/cioccoshow-bologna1-294x300.jpg 294w\" sizes=\"(max-width: 308px) 100vw, 308px\" \/><\/span><span style=\"font-family: verdana,geneva;\">La cronaca della giornata passata per le vie di Bologna ha invece in un&#8217;immagine e in un incontro il suo risvolto pi\u00f9 inaspettato: tra tanto ben assortito packaging commerciale fatto di colori luccicanti e forme lavorate ad&#8217;arte, si intravede un sacco di iuta, pieno fino all&#8217;orlo di fave di cacao. Capiamo quindi di essere arrivati, metaforicamente o forse no, all&#8217;essenza della manifestazione: ecco il cioccolato, prima di diventare cioccolato. \u201cQueste fave \u2013 spiega Stefano dello stand Mirco della Vecchia \u2013 si possono mangiare benissimo cos\u00ec, hanno degli effetti benefici per le sinapsi della mente, problemi cardiocircolatori, gastrointestinali, sono ricchissime di potassio e di vitamine.\u201d Insomma, un fenomeno che la natura non ha pi\u00f9 ripetuto, per usare le parole d&#8217;amore di Alexander Humbold.<\/span><\/span><\/p>\n<p style=\"text-align: justify;\"><span style=\"font-size: small;\"><span style=\"font-family: verdana,geneva;\">Per realizzare la cioccolata invece, ci spiega come prima vadano \u201ctostate e\u00a0 poi macinate, aggiungendo la percentuale di zucchero desiderata per fare un fondente classico, da l\u00ec viene temperato e sformato, e si fanno le tavolette di cioccolato\u201d. Una volta realizzata la tavoletta, la si pu\u00f2 tagliare e immergere nell&#8217;acqua calda, facendo cos\u00ec della cioccolata calda fatta in casa. O, ancora, in antichit\u00e0 Stefano ci rivela come \u201cprima si faceva il pestaggio a freddo, venivano prese le fave e si schiacciavano, le pestavano e poi le mettevano sull&#8217;acqua calda, giravano, e il risultato era la classica <em>Bevanda degli Dei<\/em>\u201d. Verrebbe da dire, lezioni di cioccolato.<br \/>\n<\/span><\/span><\/p>\n<p>&nbsp;<\/p>\n<p style=\"text-align: justify;\"><strong><span style=\"font-size: small;\"><span style=\"font-family: verdana,geneva;\">Vincenzo Leone<\/span><\/span><\/strong><\/p>\n","protected":false},"excerpt":{"rendered":"<p>Pensate ad uno stand pieno di fontane di cioccolato, praline ripiene, barrette di tutte le forme e colori, tartufi e Sacher Torte. Adesso moltiplicate il tutto per una settantina di stand come quello appena descritto, e capite la difficolt\u00e0 di descrivere a parole il Cioccoshow, rassegna del cioccolato artigianale che si \u00e8 chiusa domenica scorsa [&hellip;]<\/p>\n","protected":false},"author":18,"featured_media":2182,"comment_status":"open","ping_status":"open","sticky":false,"template":"","format":"standard","meta":[],"categories":[29],"tags":[3028,116,3027,3026,4104],"jetpack_featured_media_url":"https:\/\/www.sceltedigusto.it\/public\/wp-content\/uploads\/2011\/11\/chocco2.jpg","_links":{"self":[{"href":"https:\/\/www.sceltedigusto.it\/public\/wp-json\/wp\/v2\/posts\/2186"}],"collection":[{"href":"https:\/\/www.sceltedigusto.it\/public\/wp-json\/wp\/v2\/posts"}],"about":[{"href":"https:\/\/www.sceltedigusto.it\/public\/wp-json\/wp\/v2\/types\/post"}],"author":[{"embeddable":true,"href":"https:\/\/www.sceltedigusto.it\/public\/wp-json\/wp\/v2\/users\/18"}],"replies":[{"embeddable":true,"href":"https:\/\/www.sceltedigusto.it\/public\/wp-json\/wp\/v2\/comments?post=2186"}],"version-history":[{"count":3,"href":"https:\/\/www.sceltedigusto.it\/public\/wp-json\/wp\/v2\/posts\/2186\/revisions"}],"predecessor-version":[{"id":10930,"href":"https:\/\/www.sceltedigusto.it\/public\/wp-json\/wp\/v2\/posts\/2186\/revisions\/10930"}],"wp:featuredmedia":[{"embeddable":true,"href":"https:\/\/www.sceltedigusto.it\/public\/wp-json\/wp\/v2\/media\/2182"}],"wp:attachment":[{"href":"https:\/\/www.sceltedigusto.it\/public\/wp-json\/wp\/v2\/media?parent=2186"}],"wp:term":[{"taxonomy":"category","embeddable":true,"href":"https:\/\/www.sceltedigusto.it\/public\/wp-json\/wp\/v2\/categories?post=2186"},{"taxonomy":"post_tag","embeddable":true,"href":"https:\/\/www.sceltedigusto.it\/public\/wp-json\/wp\/v2\/tags?post=2186"}],"curies":[{"name":"wp","href":"https:\/\/api.w.org\/{rel}","templated":true}]}}