{"id":2044,"date":"2011-11-10T18:30:33","date_gmt":"2011-11-10T17:30:33","guid":{"rendered":"http:\/\/www.sceltedigusto.it\/public\/Test\/november-porc-speriamo-ci-sia-la-nebbia\/"},"modified":"2013-11-16T21:11:28","modified_gmt":"2013-11-16T20:11:28","slug":"november-porc-speriamo-ci-sia-la-nebbia","status":"publish","type":"post","link":"https:\/\/www.sceltedigusto.it\/public\/november-porc-speriamo-ci-sia-la-nebbia\/","title":{"rendered":"November Porc\u2026 speriamo ci sia la nebbia!"},"content":{"rendered":"<h3 style=\"text-align: justify;\"><span style=\"font-family: trebuchet ms,geneva;\"><span style=\"font-size: small;\"><span style=\"font-family: trebuchet ms,geneva;\"><span style=\"font-size: small;\"><img loading=\"lazy\" class=\" size-full wp-image-2042\" src=\"http:\/\/www.sceltedigusto.it\/public\/Test\/wp-content\/uploads\/2011\/11\/culatello.jpg\" border=\"0\" width=\"160\" height=\"241\" style=\"margin: 5px;\" width=\"467\" height=\"721\" \/><\/span><\/span><\/span><\/span><span style=\"font-family: trebuchet ms,geneva;\"><span style=\"font-size: small;\">\u00c8 chiamata la \u201c<strong>Staffetta pi\u00f9 golosa d\u2019Italia<\/strong>\u201d ed \u00e8 una gara gastronomica, che si svolge in tutti i week-end di novembre, tra quattro citt\u00e0 tra le terre di Verdi e di Guareschi: Sissa, Polesine Parmense, Roccabianca e Zibello. A far da teatro anche musica e animazione. E non manca il tiro al salame<\/span><\/span><\/h3>\n<p><span style=\"font-family: trebuchet ms,geneva;\"><span style=\"font-size: small;\"><span style=\"font-family: trebuchet ms,geneva;\"><span style=\"font-size: small;\"> <\/span><\/span><\/span><\/span><\/p>\n<p style=\"text-align: justify;\">\u00a0<\/p>\n<p>  <!--more-->  <\/p>\n<p><span style=\"color: #ff0000;\"><br \/><\/span><\/p>\n<p>\u00a0<\/p>\n<p style=\"text-align: justify;\"><span style=\"font-family: trebuchet ms,geneva;\"><span style=\"font-size: small;\"><span style=\"font-family: trebuchet ms,geneva;\"><span style=\"font-size: small;\"><img loading=\"lazy\" class=\" alignright size-full wp-image-2043\" src=\"http:\/\/www.sceltedigusto.it\/public\/Test\/wp-content\/uploads\/2011\/11\/november-porc-2011.jpg\" border=\"0\" width=\"250\" style=\"margin: 5px; float: right;\" width=\"600\" height=\"300\" \/>Si chiama simpaticamente <strong>November<\/strong> <strong>Porc<\/strong> e vedr\u00e0 protagonisti specialit\u00e0 del calibro de <strong>Il Mariolone pi\u00f9 grosso<\/strong> (Sissa); <strong>il Prete pi\u00f9 Pesante<\/strong> (Polesine Parmense); <strong>lo Strolghino da Guinness<\/strong> il 19 e 20 (Zibello); <strong>la Cicciolata pi\u00f9 Grande<\/strong> (Roccabianca). Accanto al <em>Culatello di Zibello Dop<\/em> la <strong>Strada del Culatello di Zibello<\/strong> propone una tavola imbandita con i sapori tipici della Bassa parmense.<\/span><\/span><\/span><\/span><\/p>\n<p style=\"text-align: justify;\"><span style=\"font-family: trebuchet ms,geneva;\"><span style=\"font-size: small;\"><span style=\"font-family: trebuchet ms,geneva;\"><span style=\"font-size: small;\">Al sabato i mercati: prodotti biologici naturali, pesce, prodotti tipici del grande fiume, la migliore salumeria italiana, infusi, spezie e distillati.<\/span><\/span><\/span><\/span><\/p>\n<p style=\"text-align: justify;\"><span style=\"font-family: trebuchet ms,geneva;\"><span style=\"font-size: small;\"><span style=\"font-family: trebuchet ms,geneva;\"><span style=\"font-size: small;\">Ad arricchire le giornate saranno gruppi musicali folkloristici, spazi e animazione per i pi\u00f9 piccoli e divertimento per gli adulti, senza trascurare il classico <strong>tiro al salame<\/strong>.<\/span><\/span><\/span><\/span><\/p>\n<p style=\"text-align: justify;\"><span style=\"font-family: trebuchet ms,geneva;\"><span style=\"font-size: small;\"><span style=\"font-family: trebuchet ms,geneva;\"><span style=\"font-size: small;\"><strong><span style=\"text-decoration: underline;\">Dove<\/span><\/strong>: <br \/>Sissa, Polesine Parmense, Roccabianca, Zibello (PR)<\/span><\/span><\/span><\/span><\/p>\n<p style=\"text-align: justify;\"><span style=\"font-family: trebuchet ms,geneva;\"><span style=\"font-size: small;\"><span style=\"font-family: trebuchet ms,geneva;\"><span style=\"font-size: small;\"><strong><span style=\"text-decoration: underline;\">Quando<\/span><\/strong>: <br \/>week end del 5-6, 12-13, 19-20, 26-17 novembre 2011<\/span><\/span><\/span><\/span><\/p>\n<p style=\"text-align: justify;\"><span style=\"font-family: trebuchet ms,geneva;\"><span style=\"font-size: small;\"><strong><span style=\"text-decoration: underline;\">L&#8217;offerta comprende<\/span><\/strong>:<br \/>Percorso alla scoperta di arte, enogastronomia e cultura. Dalla <em>Versailles<\/em> dei <em>Duchi di Parma<\/em> a <em>Colorno<\/em> al <em>Museo del Parmigiano Reggiano<\/em>. Dai <em>luoghi<\/em> <em>Verdiani<\/em> ai mercatini tematici della manifestazione &#8220;November Porc&#8221; fino al fascino senza tempo del <em>castello di San Pietro in Cerro<\/em>. <\/span><\/span><\/p>\n<p style=\"text-align: justify;\"><span style=\"font-family: trebuchet ms,geneva;\"><span style=\"font-size: small;\"><span style=\"font-family: trebuchet ms,geneva;\"><span style=\"font-size: small;\"><strong><span style=\"text-decoration: underline;\">Prezzo<\/span><\/strong>: a partire da 147,00 \u20ac a persona.<br \/><\/span><\/span><\/span><\/span><span style=\"font-family: trebuchet ms,geneva;\"><span style=\"font-size: small;\"><span style=\"font-family: trebuchet ms,geneva;\"><span style=\"font-size: small;\"><em><span style=\"text-decoration: underline;\">Note relative al prezzo<\/span>: <\/em>comprende degustazioni di salumi presso le varie sedi della manifestazione \u201cNovember Porc\u201d effettuate nel pomeriggio, alle 15.30 secondo il Calendario: 5 \u2013 6 Novembre, Sissa;\u00a0 12-13 Novembre, Polesine Parmense; 19-20 Novembre, Zibello; 26 -27 Novembre, Roccabianca. Comprende, inoltre, a Colorno la visita guidata alla Versailles dei Duchi di Parma; pranzo in locale tipico; visita e degustazione al Museo del Parmigiano Reggiano; Roncole Verdi e visita alla Casa Natale di Giuseppe Verdi e ai mercatini tematici della manifestazione &#8220;November Porc&#8221;, cena in uno dei ristoranti convenzionati. Pernottamento in Hotel Locanda del Re Guerriero a San Pietro in Cerro<br \/>Visita guidata al castello di San Pietro in Cerro. Busseto passeggiata sotto i portici della citt\u00e0. Visita al Teatro Verdi, un tempo teatro privato di corte dell\u2019antica rocca Pallavicino. Pranzo libero. <\/span><\/span><\/span><\/span><\/p>\n<p style=\"text-align: justify;\"><span style=\"font-family: trebuchet ms,geneva;\"><span style=\"font-size: small;\"><span style=\"font-family: trebuchet ms,geneva;\"><span style=\"font-size: small;\"><strong><span style=\"text-decoration: underline;\">Info e programma dettagliato<\/span><\/strong>:<br \/>Ass. Strada del Culatello di Zibello<br \/>Tel. +39 0524.939081<br \/>email: <\/span><\/span><\/span><\/span><a href=\"mailto:info@stradadelculatello.it\"><span style=\"font-family: trebuchet ms,geneva;\"><span style=\"font-size: small;\"><span style=\"font-family: trebuchet ms,geneva;\"><span style=\"font-size: small;\">info@stradadelculatello.it<\/span><\/span><\/span><\/span><\/a><span style=\"font-family: trebuchet ms,geneva;\"><span style=\"font-size: small;\"><span style=\"font-family: trebuchet ms,geneva;\"><span style=\"font-size: small;\"> <br \/><\/span><\/span><\/span><\/span><a href=\"http:\/\/www.novemberporc.com\"><span style=\"font-family: trebuchet ms,geneva;\"><span style=\"font-size: small;\"><span style=\"font-family: trebuchet ms,geneva;\"><span style=\"font-size: small;\">www.novemberporc.com<\/span><\/span><\/span><\/span><\/a><br \/><a href=\"http:\/\/www.stradadelculatello.it\"><span style=\"font-family: trebuchet ms,geneva;\"><span style=\"font-size: small;\"><span style=\"font-family: trebuchet ms,geneva;\"><span style=\"font-size: small;\">www.stradadelculatello.it<\/span><\/span><\/span><\/span><\/a><span style=\"font-family: trebuchet ms,geneva;\"><span style=\"font-size: small;\"><span style=\"font-family: trebuchet ms,geneva;\"><span style=\"font-size: small;\"> <\/span><\/span><\/span><\/span><\/p>\n<p style=\"text-align: justify;\"><span style=\"font-family: trebuchet ms,geneva;\"><span style=\"font-size: small;\"><span style=\"font-family: trebuchet ms,geneva;\"><span style=\"font-size: small;\"><strong><span style=\"text-decoration: underline;\">Contatti<\/span><\/strong>:<br \/>Castelli del Ducato di Parma e Piacenza<br \/>Telefono: +39 0521 823221\/823220 <br \/><\/span><\/span><\/span><\/span><a href=\"http:\/\/www.castellidelducato.it\/\" target=\"_blank\"><span style=\"font-family: trebuchet ms,geneva;\"><span style=\"font-size: small;\"><span style=\"font-family: trebuchet ms,geneva;\"><span style=\"font-size: small;\">www.castellidelducato.it<\/span><\/span><\/span><\/span><\/a><\/p>\n","protected":false},"excerpt":{"rendered":"<p>\u00c8 chiamata la \u201cStaffetta pi\u00f9 golosa d\u2019Italia\u201d ed \u00e8 una gara gastronomica, che si svolge in tutti i week-end di novembre, tra quattro citt\u00e0 tra le terre di Verdi e di Guareschi: Sissa, Polesine Parmense, Roccabianca e Zibello. A far da teatro anche musica e animazione. E non manca il tiro al salame \u00a0<\/p>\n","protected":false},"author":18,"featured_media":2042,"comment_status":"open","ping_status":"open","sticky":false,"template":"","format":"standard","meta":[],"categories":[29],"tags":[2769,2767,2551,2763,2764,2761,2772,2765,2773,2771,2760,2768,2766,2770,2762,2774],"jetpack_featured_media_url":"https:\/\/www.sceltedigusto.it\/public\/wp-content\/uploads\/2011\/11\/culatello.jpg","_links":{"self":[{"href":"https:\/\/www.sceltedigusto.it\/public\/wp-json\/wp\/v2\/posts\/2044"}],"collection":[{"href":"https:\/\/www.sceltedigusto.it\/public\/wp-json\/wp\/v2\/posts"}],"about":[{"href":"https:\/\/www.sceltedigusto.it\/public\/wp-json\/wp\/v2\/types\/post"}],"author":[{"embeddable":true,"href":"https:\/\/www.sceltedigusto.it\/public\/wp-json\/wp\/v2\/users\/18"}],"replies":[{"embeddable":true,"href":"https:\/\/www.sceltedigusto.it\/public\/wp-json\/wp\/v2\/comments?post=2044"}],"version-history":[{"count":1,"href":"https:\/\/www.sceltedigusto.it\/public\/wp-json\/wp\/v2\/posts\/2044\/revisions"}],"predecessor-version":[{"id":4357,"href":"https:\/\/www.sceltedigusto.it\/public\/wp-json\/wp\/v2\/posts\/2044\/revisions\/4357"}],"wp:featuredmedia":[{"embeddable":true,"href":"https:\/\/www.sceltedigusto.it\/public\/wp-json\/wp\/v2\/media\/2042"}],"wp:attachment":[{"href":"https:\/\/www.sceltedigusto.it\/public\/wp-json\/wp\/v2\/media?parent=2044"}],"wp:term":[{"taxonomy":"category","embeddable":true,"href":"https:\/\/www.sceltedigusto.it\/public\/wp-json\/wp\/v2\/categories?post=2044"},{"taxonomy":"post_tag","embeddable":true,"href":"https:\/\/www.sceltedigusto.it\/public\/wp-json\/wp\/v2\/tags?post=2044"}],"curies":[{"name":"wp","href":"https:\/\/api.w.org\/{rel}","templated":true}]}}