{"id":2017,"date":"2011-11-09T18:32:00","date_gmt":"2011-11-09T17:32:00","guid":{"rendered":"http:\/\/www.sceltedigusto.it\/public\/Test\/biscotti-al-profumo-di-mandarancio-pensando-al-natale\/"},"modified":"2016-01-17T21:18:05","modified_gmt":"2016-01-17T20:18:05","slug":"biscotti-al-profumo-di-mandarancio-pensando-al-natale","status":"publish","type":"post","link":"https:\/\/www.sceltedigusto.it\/public\/biscotti-al-profumo-di-mandarancio-pensando-al-natale\/","title":{"rendered":"Biscotti al profumo di mandarancio, pensando al Natale"},"content":{"rendered":"<h3 style=\"text-align: justify;\"><img loading=\"lazy\" src=\"http:\/\/4.bp.blogspot.com\/-vzwRqqdWEuA\/Tre9U7J6LpI\/AAAAAAAAAV8\/IGszgAilkkw\/s400\/gatti+027.jpg\" border=\"0\" width=\"343\" height=\"300\" \/>Succede ogni anno, puntualmente.Appena incido la buccia del primo mandarancio della stagione il profumo aspro e pungente che si sprigiona mi fa pensare al Natale.E non importa se siamo ancora all&#8217;inizio di Novembre e mancano quasi due mesi: io vorrei tirare fuori l&#8217;albero da addobbare e le lucine e le ghirlande e tutte le decorazioni che conservo in quattro grosse scatole in un angolo della taverna.<\/h3>\n<h3 style=\"text-align: justify;\">I <a href=\"http:\/\/ultimissimedalforno.blogspot.com\/2011\/11\/biscotti-al-profumo-di-mandarancio.html\">biscotti al profumo di mandarino<\/a> di Anna del blog &#8230;ultimissime dal forno&#8230;\u00a0partecipano al\u00a0contest di <a href=\"http:\/\/pecorelladimarzapane.blogspot.com\/2011\/10\/strenne-di-natale-tu-cucini-scelte-di.html\">Pecorella di Marzapane,<\/a>\u00a0in collaborazione con il giornale <a href=\"http:\/\/www.sceltedigusto.it\/public\/\">Scelte di Gusto<\/a>  <!--more-->  <\/h3>\n<div>E ho voglia di profumo di cannella e canti natalizi, di biscotti e candele profumate all&#8217;arancia e spezie.<\/div>\n<div>A casa mia vivono questo periodo con un po&#8217; di ansia.<\/div>\n<div>Sanno che scalpito e fremo ma resister\u00f2 fino a fine Novembre, come ogni anno.<\/div>\n<div>Finch\u00e8 potr\u00f2 abbandonarmi a quello che mio marito definisce &#8220;il mio delirio&#8221;.<\/div>\n<div>Quando entro in modalit\u00e0 &#8220;natalizia&#8221; nulla mi pu\u00f2 fermare.<\/div>\n<div>Aiutata anche dal fatto che dopo il dieci di dicembre il mio lavoro prevede una lunga pausa fino a met\u00e0 gennaio mi lancio in un vortice (effettivamente un po&#8217; delirante) di decorazioni, lucine, pacchetti, dolcetti, biscotti e tacchini.<\/div>\n<div>Preparo l&#8217;albero con la stessa concentrazione e impegno di un architetto che deve progettare un grattacielo.<\/div>\n<div>Il giorno prima inizio a girare per tutta la casa, misurando, controllando le prese di corrente e l&#8217;angolazione della luce naturale, progettando e disegnando alla ricerca dell&#8217;angolo perfetto dove mettere l&#8217;albero di Natale. Tutto questo in effetti non ha molto senso visto che ogni anno finisco col metterlo nello stesso posto ma la mia famiglia, molto pazientemente, mi lascia delirare in santa pace.<\/div>\n<div>A questo punto \u00e8 il momento di montare il mastodontico albero che sfiora il soffitto e che richiede un numero di decorazioni e luci sufficiente per pagare una vacanza alle Maldive (dice mio marito). Il minimo indispensabile (dico io).<\/div>\n<div>Ora, sappiate che il nostro albero deve essere smontato e riposto in uno scatolone grande come un frigorifero ogni anno con tutti i rami riposti ed etichettati per grandezza. In questo modo al momento di montarlo non ci sono problemi. O meglio, non dovrebbero esserci problemi.<\/div>\n<div>In realt\u00e0 montarlo \u00e8 complicato come risolvere un&#8217;equazione matematica a livello universitario e riduce la figlia numero uno (aiutante per questo lavoro) e me ai minimi termini.<\/div>\n<div>Ci mettiamo almeno mezza giornata e per sostenerci abbiamo necessit\u00e0 di almeno due tazze ciascuna di cioccolata calda e biscotti, pi\u00f9 qualche cioccolatino fra un ramo e l&#8217;altro. Ogni volta mio marito rimane sconvolto dalla capacit\u00e0 mia e dei nostri figli di metabolizzare gli zuccheri ingoiando una quantit\u00e0 di dolci che farebbero innalzare a livelli assurdi il picco glicemico di qualsiasi persona.\u00a0<\/div>\n<div>L&#8217;altra mezza giornata viene impiegata per mettere le lucine (operazione allucinante che ci trova di solito sfiancate dalla fatica e dalle risate) e le decorazioni.<\/div>\n<div>Nella settimana che segue di solito aggiungo le decorazioni &#8220;nuove&#8221; ovvero quelle che non posso proprio fare a meno di comprare in ogni luogo in cui metto piede, finch\u00e8 mio marito mi supplica piangendo di smetterla.<\/div>\n<div>Ovviamente l&#8217;addobbo non si limita all&#8217;albero. Ogni superficie, ogni davanzale e vetro, ogni porta vengono &#8220;natalizzati&#8221; finch\u00e8 la folle fatina del Natale (io) o strega cattiva delle nostre finanze (sempre io ma definita da mio marito) non si ritene soddisfatta.<\/div>\n<div>In genere a met\u00e0 dicembre le mie figlie portano a casa gli amici per un giro turistico da noi al posto dei mercatini di Natale, che tanto \u00e8 uguale e almeno si sta al caldo.<\/div>\n<div>A questo punto inizia la fase cucina. Biscotti, pane, torte, ripieni vari, sfoglie di ogni genere occupano buona parte della mia giornata (\u00e8 in questo momento che la famiglia di solito ha un cedimento e maledice il mio lavoro che mi lascia libere tutte le vacanze di Natale).<\/div>\n<div>In questo periodo inizia anche la mia ricerca del tacchino perfetto.<\/div>\n<div>La tradizione di casa mia prevede infatti il pranzo stile &#8220;Vecchia America&#8221; con il tacchino circondato dal antipasti, contorni e dolci di ogni genere. Il tacchino deve essere quindi &#8220;perfetto&#8221;.<\/div>\n<div>Cos\u00ec, se nel periodo prima di Natale vi trovate a passare in un supermercato nella zona di Verona, non stupitevi se vedete una piccola signora che abbraccia e palpeggia tutti i tacchini presenti sul banco frigo: sono io che cerco il tacchino perfetto che deve pesare almeno sei chili e avere un aspetto elegante (per quanto pu\u00f2 essere elegante un tacchino di sei chili spennato e avvolto nella pellicola trasparente.<\/div>\n<div style=\"text-align: center; clear: both;\"><a href=\"http:\/\/4.bp.blogspot.com\/-vzwRqqdWEuA\/Tre9U7J6LpI\/AAAAAAAAAV8\/IGszgAilkkw\/s1600\/gatti+027.jpg\" style=\"margin-left: 1em; margin-right: 1em;\"><img loading=\"lazy\" src=\"http:\/\/4.bp.blogspot.com\/-vzwRqqdWEuA\/Tre9U7J6LpI\/AAAAAAAAAV8\/IGszgAilkkw\/s400\/gatti+027.jpg\" border=\"0\" width=\"400\" height=\"300\" \/><\/a><\/div>\n<div>Ieri, in preda ad un forte desiderio di Natale, ho &#8220;natalizzato&#8221; questi biscottini di pasta frolla e devo dire che non si \u00e8 lamentato nessuno&#8230;<\/div>\n<div style=\"text-align: justify;\">INGREDIENTI<\/div>\n<div style=\"text-align: justify;\">100 grammi di zucchero<\/div>\n<div style=\"text-align: justify;\">200 grammi di burro<\/div>\n<div style=\"text-align: justify;\">200 grammi di farina bianca<\/div>\n<div style=\"text-align: justify;\">100 grammi di fecola (rende i biscotti pi\u00f9 friabili)<\/div>\n<div style=\"text-align: justify;\">un tuorlo d&#8217;uovo<\/div>\n<div style=\"text-align: justify;\">un pizzico di sale<\/div>\n<div style=\"text-align: justify;\">il succo filtrato di due mandaranci<\/div>\n<div style=\"text-align: justify;\">la buccia grattugiata di due mandaranci (io ho usato mandaranci biologici dalla buccia non trattata)<\/div>\n<div style=\"text-align: left;\">Impastare velocemente la farina e la fecola setacciate con il burro, lo zucchero, il tuorlo, il sale, il succo e la buccia dei mandaranci.<\/div>\n<div style=\"text-align: left;\">Far riposare l&#8217;impasto ottenuto per mezz&#8217;ora in frigorifero.<\/div>\n<div style=\"text-align: left;\">Infarinare il tavolo e stendere la pasta a mezzo centimetro di spessore.<\/div>\n<div style=\"text-align: left;\">Tagliare i biscotti con una formina della forma che volete (noi cuori).<\/div>\n<div style=\"text-align: left;\">Disporli sulla teglia ricoperta di carta forno e infornare in forno preriscaldato a 180 gradi per 12-15 minuti.<\/div>\n<div style=\"text-align: left;\">Far raffreddare e cospargere di zucchero a velo.<\/div>\n<div style=\"text-align: left;\">Il profumo che inonder\u00e0 tutta la casa vi costringer\u00e0 a cantare &#8220;jingle bells&#8221; mentre scrivete la vostra letterina a Babbo Natale.<\/div>\n<div style=\"text-align: left;\">E non ditemi che siamo in anticipo!<\/div>\n<div style=\"text-align: center; clear: both;\"><a href=\"http:\/\/1.bp.blogspot.com\/-frSSo2zunYo\/Tre9nz5QpTI\/AAAAAAAAAWE\/c8ZfV5plFdk\/s1600\/gatti+029.jpg\" style=\"margin-left: 1em; margin-right: 1em;\"><img loading=\"lazy\" src=\"http:\/\/1.bp.blogspot.com\/-frSSo2zunYo\/Tre9nz5QpTI\/AAAAAAAAAWE\/c8ZfV5plFdk\/s400\/gatti+029.jpg\" border=\"0\" width=\"400\" height=\"300\" \/><\/a><\/div>\n","protected":false},"excerpt":{"rendered":"<p>Succede ogni anno, puntualmente.Appena incido la buccia del primo mandarancio della stagione il profumo aspro e pungente che si sprigiona mi fa pensare al Natale.E non importa se siamo ancora all&#8217;inizio di Novembre e mancano quasi due mesi: io vorrei tirare fuori l&#8217;albero da addobbare e le lucine e le ghirlande e tutte le decorazioni [&hellip;]<\/p>\n","protected":false},"author":18,"featured_media":0,"comment_status":"open","ping_status":"open","sticky":false,"template":"","format":"standard","meta":[],"categories":[7,37,1],"tags":[],"jetpack_featured_media_url":"","_links":{"self":[{"href":"https:\/\/www.sceltedigusto.it\/public\/wp-json\/wp\/v2\/posts\/2017"}],"collection":[{"href":"https:\/\/www.sceltedigusto.it\/public\/wp-json\/wp\/v2\/posts"}],"about":[{"href":"https:\/\/www.sceltedigusto.it\/public\/wp-json\/wp\/v2\/types\/post"}],"author":[{"embeddable":true,"href":"https:\/\/www.sceltedigusto.it\/public\/wp-json\/wp\/v2\/users\/18"}],"replies":[{"embeddable":true,"href":"https:\/\/www.sceltedigusto.it\/public\/wp-json\/wp\/v2\/comments?post=2017"}],"version-history":[{"count":1,"href":"https:\/\/www.sceltedigusto.it\/public\/wp-json\/wp\/v2\/posts\/2017\/revisions"}],"predecessor-version":[{"id":4239,"href":"https:\/\/www.sceltedigusto.it\/public\/wp-json\/wp\/v2\/posts\/2017\/revisions\/4239"}],"wp:attachment":[{"href":"https:\/\/www.sceltedigusto.it\/public\/wp-json\/wp\/v2\/media?parent=2017"}],"wp:term":[{"taxonomy":"category","embeddable":true,"href":"https:\/\/www.sceltedigusto.it\/public\/wp-json\/wp\/v2\/categories?post=2017"},{"taxonomy":"post_tag","embeddable":true,"href":"https:\/\/www.sceltedigusto.it\/public\/wp-json\/wp\/v2\/tags?post=2017"}],"curies":[{"name":"wp","href":"https:\/\/api.w.org\/{rel}","templated":true}]}}