{"id":2012,"date":"2011-11-09T12:56:53","date_gmt":"2011-11-09T11:56:53","guid":{"rendered":"http:\/\/www.sceltedigusto.it\/public\/Test\/carteddate-di-muffins\/"},"modified":"2016-01-17T20:55:15","modified_gmt":"2016-01-17T19:55:15","slug":"carteddate-di-muffins","status":"publish","type":"post","link":"https:\/\/www.sceltedigusto.it\/public\/carteddate-di-muffins\/","title":{"rendered":"Carteddate di Muffins"},"content":{"rendered":"<h3 style=\"text-align: justify;\"><span style=\"font-family: verdana,geneva;\"><span style=\"font-size: small;\"><span style=\"font-family: verdana,geneva;\"><span style=\"font-size: small;\"><img loading=\"lazy\" src=\"http:\/\/2.bp.blogspot.com\/-WSpFZl_Ba7o\/TrmmTBjanPI\/AAAAAAAAAZQ\/rA8p4oXWgz0\/s400\/100_0655.JPG\" border=\"0\" width=\"220\" height=\"251\" style=\"border: 0px;\" \/><\/span><\/span><\/span><\/span><span style=\"font-family: verdana,geneva;\"><span style=\"font-size: small;\"><span style=\"font-size: x-small;\">Navigando in rete mi sono imbattuta per caso in questo contest indetto dal blog &#8220;<\/span><a href=\"http:\/\/pecorelladimarzapane.blogspot.com\/\"><span style=\"font-family: verdana,geneva;\"><span style=\"font-size: x-small;\">PECORELLA DI MARZAPANE<\/span><\/span><\/a><span style=\"font-family: verdana,geneva;\"><span style=\"font-size: x-small;\">&#8221; in collaborazione con &#8220;<strong>Scelte di Gusto<\/strong>&#8220;. <\/span><\/span><\/span><\/span><span style=\"font-family: verdana,geneva;\"><span style=\"font-size: small;\"><span style=\"font-family: verdana,geneva;\"><span style=\"font-size: x-small;\">Mi ha molto incuriosito e quindi ho deciso di leggerne il regolamento. Io adoro da sempre il Natale, forse perch\u00e8 da piccola mi era stato inculcato il mito di Babbo Natale che portava doni ai bambini buoni, o forse perch\u00e8, nel periodo scolastico, rappresentava una lunga pausa dai libri.<\/span><\/span><\/span><\/span><\/h3>\n<h3 style=\"text-align: justify;\"><span style=\"font-family: verdana,geneva;\"><span style=\"font-size: small;\"><span style=\"font-family: verdana,geneva;\"><span style=\"font-size: x-small;\">Da <strong>Muffins <\/strong>del blog<em> Dolci idee e non solo \u00a0<\/em>Le <\/span><\/span><a href=\"http:\/\/dolcideemuffin.blogspot.com\/2011\/11\/carteddate-per-contest-natalizio.html\"><span style=\"font-family: verdana,geneva;\"><span style=\"font-size: x-small;\">carteddate<\/span><\/span><\/a><\/span><\/span><\/h3>\n<div><span style=\"font-family: verdana,geneva;\"><span style=\"font-size: small;\">  <!--more-->  <\/span><\/span><\/div>\n<div><span style=\"font-family: verdana,geneva;\"><span style=\"font-size: small;\">\u00a0<\/span><\/span><\/div>\n<div style=\"text-align: justify;\"><span style=\"font-size: large;\"><span style=\"font-family: verdana,geneva;\"><span style=\"font-size: x-small;\">Solo pi\u00f9 tardi mi sono resa conto che il Natale \u00e8 la festa per eccellenza non per i doni o per le vacanze, ma perch\u00e8 in quel giorno \u00e8 nato Ges\u00f9. <\/span><\/span><\/span><\/div>\n<div style=\"text-align: justify;\"><span style=\"font-size: large;\"><span style=\"font-family: verdana,geneva;\"><span style=\"font-size: small;\"><span style=\"font-family: verdana,geneva;\"><span style=\"font-size: x-small;\">A casa mia il Natale \u00e8 sempre stato vissuto, come da tradizione, come una festa da passare in famiglia. <\/span><\/span><\/span><\/span><\/span><\/div>\n<div style=\"text-align: justify;\"><span style=\"font-size: large;\"><span style=\"font-family: verdana,geneva;\"><span style=\"font-size: small;\"><span style=\"font-family: verdana,geneva;\"><span style=\"font-size: x-small;\">Mia madre, la colonna portante della mia famiglia, ci ha abituati a dei rituali natalizi che partivano molti giorni prima del Natale. <\/span><\/span><\/span><\/span><\/span><\/div>\n<div style=\"text-align: justify;\"><span style=\"font-size: large;\"><span style=\"font-family: verdana,geneva;\"><span style=\"font-size: small;\"><span style=\"font-family: verdana,geneva;\"><span style=\"font-size: x-small;\">Nel mio paese d&#8217;origine in provincia di Taranto, da sempre, che io ricordi, il giorno di Santa Cecilia (il 22 novembre) comincia a respirarsi l&#8217;atmosfera natalizia. <\/span><\/span><\/span><\/span><\/span><\/div>\n<div style=\"text-align: justify;\"><span style=\"font-size: large;\"><span style=\"font-family: verdana,geneva;\"><span style=\"font-size: small;\"><span style=\"font-family: verdana,geneva;\"><span style=\"font-size: x-small;\">La mattina di S. Cecilia, molto presto, si comincia ad impastare perch\u00e8 poi bisogner\u00e0 friggere le &#8220;pettole&#8221; e gi\u00e0 da quel giorno si pu\u00f2 cominciare ad addobbare l&#8217;albero di Natale. <\/span><\/span><\/span><\/span><\/span><\/div>\n<div style=\"text-align: justify;\"><span style=\"font-size: large;\"><span style=\"font-family: verdana,geneva;\"><span style=\"font-size: small;\"><span style=\"font-family: verdana,geneva;\"><span style=\"font-size: x-small;\">La tradizione di casa mia prevede, ma sostanzialmente \u00e8 anche la tradizione del mio paese, che ogni vigilia si preparino le stesse cose: la focaccia ripiena di cipolle, acciughe e olive e la focaccia tradizionale pugliese e in pi\u00f9 la vigilia di Natale si cucina, a pranzo, anche il baccal\u00e0 con la tagliatella riccia. <\/span><\/span><\/span><\/span><\/span><\/div>\n<div style=\"text-align: justify;\"><span style=\"font-size: large;\"><span style=\"font-family: verdana,geneva;\"><span style=\"font-size: small;\"><span style=\"font-family: verdana,geneva;\"><span style=\"font-size: x-small;\">Per mia madre le vigilie erano: il 07 dicembre (vigilia dell&#8217;Immacolata), il 24 dicembre (vigilia di Natale), 31 dicembre (vigilia di Capodanno). <\/span><\/span><\/span><\/span><\/span><\/div>\n<div style=\"text-align: justify;\"><span style=\"font-size: large;\"><span style=\"font-family: verdana,geneva;\"><span style=\"font-size: small;\"><span style=\"font-family: verdana,geneva;\"><span style=\"font-size: x-small;\">L&#8217;8 dicembre era il giorno destinato\u00a0al pranzo in famiglia e alla pettolata serale; anche il 13 dicembre (S.Lucia), erano d&#8217;obbligo le pettole. <\/span><\/span><\/span><\/span><\/span><\/div>\n<div style=\"text-align: justify;\"><span style=\"font-size: large;\"><span style=\"font-family: verdana,geneva;\"><span style=\"font-size: small;\"><span style=\"font-family: verdana,geneva;\"><span style=\"font-size: x-small;\">Il 16 dicembre di ogni anno comincia la Novena (mancano 9 giorni a Natale), ed \u00e8 tempo di pensare seriamente a preparare i dolci della tradizione natalizia del nostro paese. Quindi dal 16 dicembre in poi mia madre cominciava a far tremare la cucina con impasti\u00a0e infornate continui che si concludevano solo 3\/4 giorni prima di Natale. Non potevano mai mancare a\u00a0casa mia: <\/span><\/span><\/span><\/span><\/span><\/div>\n<div style=\"text-align: justify;\"><span style=\"font-size: large;\"><span style=\"font-family: verdana,geneva;\"><span style=\"font-size: small;\"><span style=\"font-family: verdana,geneva;\"><span style=\"font-size: x-small;\">1) le carteddate (li scartagghiet come le chiamiamo noi in dialetto), che sono dei dolci tipici pugliesi guarniti con miele millefiori\u00a0o miele di fichi (mel cujtt); questi dolci di preparano\u00a0e si mangiano nel periodo natalizio; <\/span><\/span><\/span><\/span><\/span><\/div>\n<div style=\"text-align: justify;\"><span style=\"font-size: large;\"><span style=\"font-family: verdana,geneva;\"><span style=\"font-size: small;\"><span style=\"font-family: verdana,geneva;\"><span style=\"font-size: x-small;\">2) gli amaretti, che mia madre produceva in quantit\u00e0 industriali (ed erano davvero inimitabili nel loro sapore); 3) i fiorentini (che sono una versione di mia madre dei cantucci, ma sono pi\u00f9 morbidi e contengono anche pezzi di cioccolata e a casa mia andavano a ruba); <\/span><\/span><\/span><\/span><\/span><\/div>\n<div style=\"text-align: justify;\"><span style=\"font-size: large;\"><span style=\"font-family: verdana,geneva;\"><span style=\"font-size: small;\"><span style=\"font-family: verdana,geneva;\"><span style=\"font-size: x-small;\">4) paste a base di mandorle (i pi\u00f9 li chiamano &#8220;petit fours&#8221;). <\/span><\/span><\/span><\/span><\/span><\/div>\n<div style=\"text-align: justify;\"><span style=\"font-size: large;\"><span style=\"font-family: verdana,geneva;\"><span style=\"font-size: small;\"><span style=\"font-family: verdana,geneva;\"><span style=\"font-size: x-small;\">Come dicevo, mia madre produceva queste variet\u00e0 di dolci in quantit\u00e0 industriali, ma mai, che io ricordi, si sono andati buttati via perch\u00e8 c&#8217;era sempre qualcuno pronto a mangiarli.<\/span><\/span><\/span><\/span><\/span><\/div>\n<div style=\"text-align: justify;\"><span style=\"font-size: large;\"><span style=\"font-family: verdana,geneva;\"><span style=\"font-size: small;\"><span style=\"font-family: verdana,geneva;\"><span style=\"font-size: x-small;\">Tutto questo preambolo, forse noioso, per dire che questo Natale (il primo in cui mia madre non c&#8217;\u00e8), vorrei portare avanti io questa tradizione preparando alcuni dei dolci che erano dei veri must dei miei Natali passati. <\/span><\/span><\/span><\/span><\/span><\/div>\n<div style=\"text-align: justify;\"><span style=\"font-size: large;\"><span style=\"font-family: verdana,geneva;\"><span style=\"font-size: small;\"><span style=\"font-family: verdana,geneva;\"><span style=\"font-size: x-small;\">Il dolce pi\u00f9 tipico e caratteristico di tutti, perch\u00e8 rappresenta anche le mie origini pugliesi, \u00e8 rappresentato dalle carteddate, per cui mi sono ripromessa di prepararle (seguendo rigorosamente la ricetta di mamma) e nel contempo, trattandosi di una ricetta natalizia, vorrei con le carteddate partecipare al contest:<\/span><\/span><\/span><\/span><\/span><\/div>\n<div style=\"text-align: justify;\"><span style=\"font-size: large;\"><span style=\"font-family: verdana,geneva;\"><span style=\"font-size: small;\"><span style=\"font-family: verdana,geneva;\"><span style=\"font-size: x-small;\">\u00a0<\/span><\/span><\/span><\/span><\/span><\/div>\n<div style=\"text-align: justify;\"><span style=\"font-size: large;\"><span style=\"font-family: verdana,geneva;\"><span style=\"font-size: small;\">\u00a0<\/span><\/span><\/span><span style=\"font-family: verdana,geneva;\"><span style=\"font-size: x-small;\">Ingredienti:<\/span><\/span><\/div>\n<div style=\"text-align: justify;\"><span style=\"font-family: verdana,geneva;\"><span style=\"font-size: x-small;\">1 kg di farina<\/span><\/span><\/div>\n<div style=\"text-align: justify;\"><span style=\"font-family: verdana,geneva;\"><span style=\"font-size: x-small;\">180gr di olio e.v.o.<\/span><\/span><\/div>\n<div style=\"text-align: justify;\"><span style=\"font-family: verdana,geneva;\"><span style=\"font-size: x-small;\">100gr di zucchero<\/span><\/span><\/div>\n<div style=\"text-align: justify;\"><span style=\"font-family: verdana,geneva;\"><span style=\"font-size: x-small;\">la buccia grattugiata di un limone+ la buccia di un altro limone<\/span><\/span><\/div>\n<div style=\"text-align: justify;\"><span style=\"font-family: verdana,geneva;\"><span style=\"font-size: x-small;\">1 bustina di cannella in polvere<\/span><\/span><\/div>\n<div style=\"text-align: justify;\"><span style=\"font-family: verdana,geneva;\"><span style=\"font-size: x-small;\">1 bustina di chiodi di garofano in polvere<\/span><\/span><\/div>\n<div style=\"text-align: justify;\"><span style=\"font-family: verdana,geneva;\"><span style=\"font-size: x-small;\">1 pizzico di sale<\/span><\/span><\/div>\n<div style=\"text-align: justify;\"><span style=\"font-family: verdana,geneva;\"><span style=\"font-size: x-small;\">7 foglie di lauro (alloro secco)<\/span><\/span><\/div>\n<div style=\"text-align: justify;\"><span style=\"font-family: verdana,geneva;\"><span style=\"font-size: x-small;\">acqua q.b.<\/span><\/span><\/div>\n<div style=\"text-align: justify;\"><span style=\"font-family: verdana,geneva;\"><span style=\"font-size: x-small;\">1,5 kg di miele millefiori o miele di fichi<\/span><\/span><\/div>\n<div style=\"text-align: justify;\"><span style=\"font-family: verdana,geneva;\"><span style=\"font-size: x-small;\">olio e.v.o. per friggere<\/span><\/span><\/div>\n<div style=\"text-align: justify;\"><span style=\"font-family: verdana,geneva;\"><span style=\"font-size: x-small;\">\u00a0<\/span><\/span><\/div>\n<div style=\"text-align: justify;\"><span style=\"font-family: verdana,geneva;\"><span style=\"font-size: x-small;\">Procedimento:<\/span><\/span><\/div>\n<div style=\"text-align: justify;\"><span style=\"font-family: verdana,geneva;\"><span style=\"font-size: x-small;\">Disporre a fontana su un ripiano in legno (o marmo) la farina setacciata e fare un buco al centro, in cui si inserir\u00e0 lo zucchero e il pizzico di sale e mescolare. In un pentolino scaldare l&#8217;olio con il lauro e la scorza di limone, l&#8217;olio deve diventare molto caldo ma non deve friggere. Quando l&#8217;olio si sar\u00e0 intiepidito, filtrarlo e unirlo alla miscela di farina, zucchero e sale, insieme alla cannella, ai fiori di garofano, la scorza grattugiata del\u00a0limone\u00a0e cominciare ad impastare. Aiutarsi con dell&#8217;acqua per raggiungere la giusta consistenza dell&#8217;impasto (l&#8217;impasto infatti deve risultare abbastanza sodo, ma allo stesso tempo lavorabile). Quando il panetto \u00e8 pronto, metterlo a riposare, coperto, per almeno una mezz&#8217;ora. Dopo il riposo, riprendere l&#8217;impasto e staccare dallo stesso piccoli pezzi per volta, che verranno lavorati con la macchina della pasta (l&#8217;imperia o l&#8217;atlas per intenderci). Ripassare la sfoglia pi\u00f9 volte, ripiegandola su se stessa partendo dallo spessore maggiore, fino ad arrivare a fare una sfoglia sottile e lunga (spessore 1) che poi verr\u00e0 rifilata con la rotella tagliapasta e tagliata in lunghezza in pi\u00f9 strisce, che poi verranno arrotolate su s\u00e8 stesse quasi a formare un fiore. Quando tutte le cartellate sono pronte si pu\u00f2 procedere con la frittura. Le cartellate devono essere passate in abbondante olio bollente per pochi secondi (15\/20 circa) e poi vanno messe a scolare l&#8217;olio in eccesso. L&#8217;ultima fase della preparazione delle carteddate sta nello sciogliere il miele sul fuoco; in questo miele saranno poi letteralmente tuffate le cartellate e poi disposte in un contenitore con chiusura ermetica (dove le carteddate potranno essere conservate anche per un paio di mesi). La versione pi\u00f9 tradizionale prevede che, anzich\u00e8 di miele classico, le carteddate siano ricoperte di miele di fichi (prodotto ancora a mano e con un procedimento lunghissimo, ecco perch\u00e8 arriva a costare anche 20Euro al Kg) e nella mia preparazione ho utilizzato proprio quest&#8217;ultimo.<br \/>Ecco alcune foto delle mie prime carteddate:<br \/><\/span><\/span><\/p>\n<div style=\"text-align: center; clear: both;\"><a href=\"http:\/\/1.bp.blogspot.com\/-MWQoC8us_8M\/TrmmI267EiI\/AAAAAAAAAZI\/3ei95wHbJg8\/s1600\/100_0648.JPG\" style=\"margin-left: 1em; margin-right: 1em;\"><\/a><\/div>\n<p> <\/p>\n<div style=\"text-align: center; clear: both;\"><a href=\"http:\/\/2.bp.blogspot.com\/-WSpFZl_Ba7o\/TrmmTBjanPI\/AAAAAAAAAZQ\/rA8p4oXWgz0\/s1600\/100_0655.JPG\" style=\"margin-left: 1em; margin-right: 1em;\"><img loading=\"lazy\" src=\"http:\/\/2.bp.blogspot.com\/-WSpFZl_Ba7o\/TrmmTBjanPI\/AAAAAAAAAZQ\/rA8p4oXWgz0\/s400\/100_0655.JPG\" border=\"0\" width=\"400\" height=\"300\" \/><\/a><\/div>\n<div style=\"text-align: center; clear: both;\"><a href=\"http:\/\/2.bp.blogspot.com\/-QUv-jwJ3Zac\/Trmmn0J3j2I\/AAAAAAAAAZg\/h3kqN06epD0\/s1600\/100_0663.JPG\" style=\"margin-left: 1em; margin-right: 1em;\"><img loading=\"lazy\" src=\"http:\/\/2.bp.blogspot.com\/-QUv-jwJ3Zac\/Trmmn0J3j2I\/AAAAAAAAAZg\/h3kqN06epD0\/s400\/100_0663.JPG\" border=\"0\" width=\"400\" height=\"300\" \/><\/a><\/div><\/div>\n","protected":false},"excerpt":{"rendered":"<p>Navigando in rete mi sono imbattuta per caso in questo contest indetto dal blog &#8220;PECORELLA DI MARZAPANE&#8221; in collaborazione con &#8220;Scelte di Gusto&#8220;. Mi ha molto incuriosito e quindi ho deciso di leggerne il regolamento. Io adoro da sempre il Natale, forse perch\u00e8 da piccola mi era stato inculcato il mito di Babbo Natale che [&hellip;]<\/p>\n","protected":false},"author":18,"featured_media":0,"comment_status":"open","ping_status":"open","sticky":false,"template":"","format":"standard","meta":[],"categories":[7,37,1],"tags":[],"jetpack_featured_media_url":"","_links":{"self":[{"href":"https:\/\/www.sceltedigusto.it\/public\/wp-json\/wp\/v2\/posts\/2012"}],"collection":[{"href":"https:\/\/www.sceltedigusto.it\/public\/wp-json\/wp\/v2\/posts"}],"about":[{"href":"https:\/\/www.sceltedigusto.it\/public\/wp-json\/wp\/v2\/types\/post"}],"author":[{"embeddable":true,"href":"https:\/\/www.sceltedigusto.it\/public\/wp-json\/wp\/v2\/users\/18"}],"replies":[{"embeddable":true,"href":"https:\/\/www.sceltedigusto.it\/public\/wp-json\/wp\/v2\/comments?post=2012"}],"version-history":[{"count":1,"href":"https:\/\/www.sceltedigusto.it\/public\/wp-json\/wp\/v2\/posts\/2012\/revisions"}],"predecessor-version":[{"id":4244,"href":"https:\/\/www.sceltedigusto.it\/public\/wp-json\/wp\/v2\/posts\/2012\/revisions\/4244"}],"wp:attachment":[{"href":"https:\/\/www.sceltedigusto.it\/public\/wp-json\/wp\/v2\/media?parent=2012"}],"wp:term":[{"taxonomy":"category","embeddable":true,"href":"https:\/\/www.sceltedigusto.it\/public\/wp-json\/wp\/v2\/categories?post=2012"},{"taxonomy":"post_tag","embeddable":true,"href":"https:\/\/www.sceltedigusto.it\/public\/wp-json\/wp\/v2\/tags?post=2012"}],"curies":[{"name":"wp","href":"https:\/\/api.w.org\/{rel}","templated":true}]}}