{"id":2011,"date":"2011-11-09T12:53:49","date_gmt":"2011-11-09T11:53:49","guid":{"rendered":"http:\/\/www.sceltedigusto.it\/public\/Test\/arrosto-di-vitello-ripieno-di-castagne\/"},"modified":"2016-01-17T20:53:47","modified_gmt":"2016-01-17T19:53:47","slug":"arrosto-di-vitello-ripieno-di-castagne","status":"publish","type":"post","link":"https:\/\/www.sceltedigusto.it\/public\/arrosto-di-vitello-ripieno-di-castagne\/","title":{"rendered":"Arrosto di vitello ripieno di castagne"},"content":{"rendered":"<div id=\"post-body-10051084262384431\">\n<div style=\"text-align: left;\" dir=\"ltr\">\n<h3 style=\"text-align: justify;\"><span style=\"font-size: small;\"><span style=\"font-family: verdana,geneva;\"><img loading=\"lazy\" src=\"http:\/\/4.bp.blogspot.com\/-92Z5yh3d9_E\/TrLzqyrTrpI\/AAAAAAAAAPc\/Lq03u-AQO-w\/s640\/ARROSTO+VITELLO+INTERO+COTTO+1.jpg\" border=\"0\" width=\"183\" height=\"180\" style=\"border: 0px;\" \/>\u00a0<\/span><\/span><span style=\"font-size: small;\"><span style=\"font-family: verdana,geneva;\">Sono ufficialmente aperte le prove per il nostro pranzo di Natale, questo secondo piatto \u00e8 attualmente ai primi posti tra i papabili, se cuocete le castagne il giorno prima, \u00e8 anche veloce da realizzare e si potr\u00e0\u00a0preparare il giorno stesso di festa. Con questa ricetta partecipo al contest &#8220;Strenne di Natale&#8221; del blog &#8220;Pecorella di Marzapane&#8221; in collaborazione con <a href=\"..\/\/\">&#8220;Scelte di Gusto&#8221;<\/a><\/span><\/span><\/h3>\n<h3 style=\"text-align: justify;\"><span style=\"font-size: small;\"><span style=\"font-family: verdana,geneva;\">L&#8217;<a href=\"http:\/\/leleganzadelpolpo.blogspot.com\/2011\/11\/arrosto-di-vitello-ripieno-di-castagne_03.html\">arrosto di vitello ripieno di castagne<\/a> di <strong>Sara <\/strong>del blog<em> L&#8217;eleganza del polpo<\/em><\/span><\/span><\/h3>\n<div style=\"text-align: justify;\"><span style=\"font-size: small;\"><span style=\"font-family: verdana,geneva;\">  <!--more-->  <\/span><\/span><\/div>\n<div style=\"text-align: justify;\"><span style=\"font-size: small;\"><span style=\"font-family: verdana,geneva;\">Prima di passare agli ingredienti, \u00e8 doveroso da parte mia ringraziare i miei macellai. Da quando ho cambiato casa, circa 1 anno e mezzo fa, ero alla ricerca di un nuovo macellaio di fiducia, ma ormai stavo perdendo le speranze, quando un giorno, nel mese di febbraio 2011, con la coda di un unico occhio, scorgo due visi nuovi dietro ad un bancone vecchio e penso, tante vale testare anche questi, tanto \u00e8 impossibile trovare carne peggiore\u00a0\u00a0di quella acquistata per l&#8217;ultimo dell&#8217;anno&#8230;. E qui \u00e8 avvenuto il miracolo, ho trovato finalmente due persone che mai una volta mi hanno delusa, da loro \u00e8 buono anche il tacchino e dopo mesi di astinenza ho ricominciato a mangiare il coniglio, avevo smesso dopo\u00a0che un individuo mi aveva venduto qualcosa di pi\u00f9 simili alla lepre&#8230;<\/span><\/span><\/div>\n<div style=\"text-align: justify;\"><span style=\"font-size: small;\"><span style=\"font-family: verdana,geneva;\">Giuro, questa non \u00e8 una collaborazione, ma se passate da Bologna, andate da loro e\u00a0portate con voi libri e ricette, con un unico sguardo alla foto, sapranno dirvi qual&#8217;\u00e8 il pezzo migliore da\u00a0prendere per il vostro piatto, questo senza neanche consultarsi, meglio che nei quiz televisivi e vi daranno pure i tempi di cottura reali, \u00e8 successo proprio a me con questo arrosto, in Cucina Moderna era indicato il carr\u00e8, ma loro, scossando la testa sconsolati, mi hanno rivelato che quella ciccia l\u00ec era sottospalla.<\/span><\/span><\/div>\n<div style=\"text-align: justify;\"><span style=\"font-size: small;\"><span style=\"font-family: verdana,geneva;\">A questo punto non posso che citarli, Luigi e Giuliano, li trovate in prossimit\u00e0 dell&#8217;ingresso da Via Ugo Bassi del Mercato delle Erbe , proprio\u00a0alla destra delle scalette centrali, se qualcuno vuole indirizzo esatto e numero telefonico, mi pu\u00f2 inviare una mail e glieli mander\u00f2 volentieri.<\/span><\/span><\/div>\n<div style=\"text-align: justify;\"><span style=\"font-size: small;\"><span style=\"font-family: verdana,geneva;\">Questi sono loro (notare la finezza della ciotola di caramelle sulla sinistra per ingannare l&#8217;attesa della clientela):<\/span><\/span><\/div>\n<div style=\"text-align: justify;\"><span style=\"font-size: small;\"><span style=\"font-family: verdana,geneva;\">\u00a0<\/span><\/span><\/div>\n<div style=\"text-align: center; clear: both;\"><a href=\"http:\/\/2.bp.blogspot.com\/-Ukhgx38e2P4\/TrL4rmB9XZI\/AAAAAAAAAPk\/MXg-msWV_18\/s1600\/MACELLAI+1.jpg\" style=\"margin-left: 1em; margin-right: 1em;\"><span style=\"font-size: small;\"><span style=\"font-family: verdana,geneva;\"><img loading=\"lazy\" src=\"http:\/\/2.bp.blogspot.com\/-Ukhgx38e2P4\/TrL4rmB9XZI\/AAAAAAAAAPk\/MXg-msWV_18\/s640\/MACELLAI+1.jpg\" border=\"0\" width=\"340\" height=\"255\" style=\"border: 0px;\" \/><\/span><\/span><\/a><\/div>\n<p><span style=\"font-size: small;\"><span style=\"font-family: verdana,geneva;\">Ingredienti per 6 persone:<\/p>\n<p>1,2 kg di sottospalla di vitello incisa al centro con due tagli incrociati<br \/>220 g di castagne gi\u00e0 lessate e pulite, circa 400 crude<br \/>Mezza cipolla<br \/>1 ciuffo di salvia<br \/>30 g di parmigiano reggiano grattugiato<br \/>200 g di pancetta a fettine non troppo sottili<br \/>1 mazzetto di timo, se lo trovate, anche 1 mazzetto di mirto<br \/>1 dl di vino bianco secco<br \/>Olio extravergine di oliva<br \/>Sale e pepe<\/p>\n<p><\/span><\/span> <\/p>\n<div style=\"text-align: justify;\"><span style=\"font-size: small;\"><span style=\"font-family: verdana,geneva;\">Sbucciate la cipolla, tritatela finemente e fatela soffriggere in una padella con un filo di olio, le foglie di salvia spezzettate e le castagne sbriciolate, in ultimo aggiungete anche il parmigiano grattugiato. Mescolate e fate insaporire per qualche istante.<\/span><\/span><\/div>\n<div style=\"text-align: justify;\"><span style=\"font-size: small;\"><span style=\"font-family: verdana,geneva;\">Appoggiate la carne sul piano di lavoro, salate e pepate la cavit\u00e0 ottenuta e riempitela con il mix di castagne dopo aver tolto la salvia.<\/span><\/span><\/div>\n<div style=\"text-align: justify;\"><span style=\"font-size: small;\"><span style=\"font-family: verdana,geneva;\">Avvolgete la carne con le fettine di pancetta, sovrapponendole leggermente in modo da ricoprirla tutta, legatela con lo spago\u00a0e infilate i rametti di timo lavati e asciugati, mettetelo in una teglia, irroratelo con un filo di olio e il vino e cuocete in forno gi\u00e0 caldo a 180\u00b0 per circa un&#8217;ora.<\/span><\/span><\/div>\n<p> <\/p>\n<div style=\"text-align: center; clear: both;\"><a href=\"http:\/\/4.bp.blogspot.com\/-tB3wEY7LT4A\/TrL6WQ9MqTI\/AAAAAAAAAPs\/QYIzypeqEEA\/s1600\/ARROSTO+VITELLO+ALLE+CASTAGNE+CRUDO1.jpg\" style=\"margin-left: 1em; margin-right: 1em;\"><span style=\"font-size: small;\"><span style=\"font-family: verdana,geneva;\"><img loading=\"lazy\" src=\"http:\/\/4.bp.blogspot.com\/-tB3wEY7LT4A\/TrL6WQ9MqTI\/AAAAAAAAAPs\/QYIzypeqEEA\/s640\/ARROSTO+VITELLO+ALLE+CASTAGNE+CRUDO1.jpg\" border=\"0\" width=\"340\" height=\"275\" style=\"border: 0px;\" \/><\/span><\/span><\/a><\/div>\n<p> <\/p>\n<div style=\"text-align: justify;\"><span style=\"font-size: small;\"><span style=\"font-family: verdana,geneva;\">Togliete l&#8217;arrosto dal forno, controllate con uno stecchino lungo che non esca pi\u00f9 liquido rosso, eliminate lo spago, lasciate riposare la carne coperta per una decina di minuti e servitelo a fette irrorandolo con il suo sugo.<\/span><\/span><\/div>\n<p> <\/p>\n<div style=\"text-align: center; clear: both;\"><a href=\"http:\/\/4.bp.blogspot.com\/-ACgr2C5JIy8\/TrL7mPpj_CI\/AAAAAAAAAP0\/cXM5Lem2bd8\/s1600\/ARROSTO+DI+VITELLO+TAGLIATO+1.jpg\" style=\"margin-left: 1em; margin-right: 1em;\"><img loading=\"lazy\" src=\"http:\/\/4.bp.blogspot.com\/-ACgr2C5JIy8\/TrL7mPpj_CI\/AAAAAAAAAP0\/cXM5Lem2bd8\/s640\/ARROSTO+DI+VITELLO+TAGLIATO+1.jpg\" border=\"0\" width=\"240\" height=\"195\" style=\"border: 0px;\" \/><\/a><\/div><\/div><\/div>\n","protected":false},"excerpt":{"rendered":"<p>\u00a0Sono ufficialmente aperte le prove per il nostro pranzo di Natale, questo secondo piatto \u00e8 attualmente ai primi posti tra i papabili, se cuocete le castagne il giorno prima, \u00e8 anche veloce da realizzare e si potr\u00e0\u00a0preparare il giorno stesso di festa. Con questa ricetta partecipo al contest &#8220;Strenne di Natale&#8221; del blog &#8220;Pecorella di [&hellip;]<\/p>\n","protected":false},"author":18,"featured_media":0,"comment_status":"open","ping_status":"open","sticky":false,"template":"","format":"standard","meta":[],"categories":[7,37,1],"tags":[],"jetpack_featured_media_url":"","_links":{"self":[{"href":"https:\/\/www.sceltedigusto.it\/public\/wp-json\/wp\/v2\/posts\/2011"}],"collection":[{"href":"https:\/\/www.sceltedigusto.it\/public\/wp-json\/wp\/v2\/posts"}],"about":[{"href":"https:\/\/www.sceltedigusto.it\/public\/wp-json\/wp\/v2\/types\/post"}],"author":[{"embeddable":true,"href":"https:\/\/www.sceltedigusto.it\/public\/wp-json\/wp\/v2\/users\/18"}],"replies":[{"embeddable":true,"href":"https:\/\/www.sceltedigusto.it\/public\/wp-json\/wp\/v2\/comments?post=2011"}],"version-history":[{"count":1,"href":"https:\/\/www.sceltedigusto.it\/public\/wp-json\/wp\/v2\/posts\/2011\/revisions"}],"predecessor-version":[{"id":4245,"href":"https:\/\/www.sceltedigusto.it\/public\/wp-json\/wp\/v2\/posts\/2011\/revisions\/4245"}],"wp:attachment":[{"href":"https:\/\/www.sceltedigusto.it\/public\/wp-json\/wp\/v2\/media?parent=2011"}],"wp:term":[{"taxonomy":"category","embeddable":true,"href":"https:\/\/www.sceltedigusto.it\/public\/wp-json\/wp\/v2\/categories?post=2011"},{"taxonomy":"post_tag","embeddable":true,"href":"https:\/\/www.sceltedigusto.it\/public\/wp-json\/wp\/v2\/tags?post=2011"}],"curies":[{"name":"wp","href":"https:\/\/api.w.org\/{rel}","templated":true}]}}