{"id":1962,"date":"2011-11-06T20:45:50","date_gmt":"2011-11-06T19:45:50","guid":{"rendered":"http:\/\/www.sceltedigusto.it\/public\/Test\/in-sicilia-la-filiera-e-cortissima-grazie-al-web\/"},"modified":"2016-01-17T18:22:18","modified_gmt":"2016-01-17T17:22:18","slug":"in-sicilia-la-filiera-e-cortissima-grazie-al-web","status":"publish","type":"post","link":"https:\/\/www.sceltedigusto.it\/public\/in-sicilia-la-filiera-e-cortissima-grazie-al-web\/","title":{"rendered":"In Sicilia la filiera \u00e8 cortissima: grazie al web"},"content":{"rendered":"<h3 style=\"text-align: justify;\"><img loading=\"lazy\" class=\" size-full wp-image-1027\" src=\"http:\/\/www.sceltedigusto.it\/public\/Test\/wp-content\/uploads\/2011\/08\/logo sicilia.jpg\" alt=\"\" width=\"604\" height=\"453\" border=\"0\" srcset=\"https:\/\/www.sceltedigusto.it\/public\/wp-content\/uploads\/2011\/08\/logo%20sicilia.jpg 604w, https:\/\/www.sceltedigusto.it\/public\/wp-content\/uploads\/2011\/08\/logo%20sicilia-300x225.jpg 300w, https:\/\/www.sceltedigusto.it\/public\/wp-content\/uploads\/2011\/08\/logo%20sicilia-150x113.jpg 150w, https:\/\/www.sceltedigusto.it\/public\/wp-content\/uploads\/2011\/08\/logo%20sicilia-560x420.jpg 560w, https:\/\/www.sceltedigusto.it\/public\/wp-content\/uploads\/2011\/08\/logo%20sicilia-80x60.jpg 80w, https:\/\/www.sceltedigusto.it\/public\/wp-content\/uploads\/2011\/08\/logo%20sicilia-265x198.jpg 265w\" sizes=\"(max-width: 604px) 100vw, 604px\" \/><\/h3>\n<h3 style=\"text-align: justify;\">I siciliani hanno recepito il messaggio forte e chiaro: il prodotto a chilometro zero non soltanto \u00e8 il futuro di un&#8217;economia traballante come mai prima d&#8217;ora, ma anche un vero patrimonio da salvare. E l&#8217;agroalimentare approda al web e ai social network per far bella mostra di s\u00e8 nella rete, come fa da secoli sulle nostre tavole (A.Ve.)<\/h3>\n<p><!--more--><\/p>\n<p style=\"text-align: justify;\"><span style=\"font-family: verdana,geneva;\"><span style=\"font-size: small;\">La pagina che ospita i prodotti tipici siciliani intanto \u00e8 <strong><em>Sicilia<\/em><\/strong> &#8211; una delle pochissime oltre a quelle di pop star, starlettes seminude e grosse griffes &#8211; a vantare un numero spropositato di fans, quindi di lettori, di seguaci&#8230;chiamateli come volete, rimane il fatto che sono ben oltre 700.000 a leggere ci\u00f2 che si pubblica su quella pagina di cui ci siamo gi\u00e0 occupati in passato proprio per il fatto che \u00e8 un fenomeno della nuova frontiera della comunicazione tout court.<\/span><\/span><\/p>\n<p style=\"text-align: justify;\"><span style=\"font-family: verdana,geneva;\"><span style=\"font-size: small;\"><img loading=\"lazy\" class=\" alignleft size-full wp-image-1026\" style=\"margin: 5px; float: left; border: 0px;\" src=\"http:\/\/www.sceltedigusto.it\/public\/Test\/wp-content\/uploads\/2011\/08\/sicilia facebook.jpg\" alt=\"\" width=\"180\" height=\"189\" border=\"0\" srcset=\"https:\/\/www.sceltedigusto.it\/public\/wp-content\/uploads\/2011\/08\/sicilia%20facebook.jpg 180w, https:\/\/www.sceltedigusto.it\/public\/wp-content\/uploads\/2011\/08\/sicilia%20facebook-150x158.jpg 150w\" sizes=\"(max-width: 180px) 100vw, 180px\" \/><\/span><\/span><\/p>\n<p style=\"text-align: justify;\"><span style=\"font-family: verdana,geneva;\"><span style=\"font-size: small;\">Cos\u00ec i titolari e patrons di quella pagina,<em><strong> La Guerriera<\/strong><\/em> in testa, si sono fatti venire un&#8217;idea: quella di un concorso fotografico che ritragga, immortali, fissi negli occhi e nella memoria consegnandoli ancora di pi\u00f9 alla storia, i piatti ed i prodotti tipici della nostra regione.<br \/>\nL&#8217;intento, che gi\u00e0 quella pagina porta avanzi strenuamente a 360 gradi e che riguarda tutto ci\u00f2 che nasce sotto la Triscele, \u00e8 quello di valorizzare i prodotti tipici della Sicilia,\u00a0 il suo patrimonio culinario,\u00a0 etnoculturale, e naturale.<br \/>\nE ce n&#8217;\u00e8 davvero tanta di carne al fuoco per chi voglia cimentarsi.<br \/>\nLa Sicilia \u00e8 sempre stata povera, e forse solo per questa ragione oggi non \u00e8 in lacrime come molte altre regioni d&#8217;Italia: perch\u00e8 vive nei siciliani una certa sana e gioiosa tendenza all&#8217;arte di arrangiarsi. E i siculi in cucina si sono sempre arrangiati pi\u00f9 che egregiamente, copiando e rielaborando anche piatti nobili, laddove le finanze non consentivano quasi a nessuno di reperire gli ingredienti originali.<\/span><\/span><\/p>\n<p><span style=\"font-family: verdana,geneva;\"><span style=\"font-size: small;\"><img loading=\"lazy\" class=\" alignleft size-full wp-image-34\" style=\"margin: 5px; float: left;\" src=\"http:\/\/www.sceltedigusto.it\/public\/Test\/wp-content\/uploads\/2011\/03\/caponata2.jpg\" alt=\"\" width=\"400\" height=\"266\" border=\"0\" \/><\/span><\/span><\/p>\n<p>&nbsp;<\/p>\n<p style=\"text-align: justify;\">\n<p style=\"text-align: justify;\">\n<p style=\"text-align: justify;\">\n<p style=\"text-align: justify;\">\n<p style=\"text-align: justify;\">\n<p style=\"text-align: justify;\">\n<p style=\"text-align: justify;\">\n<p style=\"text-align: justify;\">\n<p style=\"text-align: justify;\">\n<p style=\"text-align: justify;\"><span style=\"font-family: verdana,geneva;\"><span style=\"font-size: small;\">Proprio da li nascono due capisaldi della nostra gastronomia: il caciocavallo all&#8217;argentiera e la caponata di melanzane, in cui il pesce presente in entrambe le ricette originali \u00e8 stato furbescamente sostituito rispettivamente dal pi\u00f9 economico dei formaggi e dal pi\u00f9 comune vegetale.<\/span><\/span><\/p>\n<p><span style=\"font-family: verdana,geneva;\"><span style=\"font-size: small;\"><img loading=\"lazy\" class=\" alignright size-full wp-image-638\" style=\"margin: 5px; float: right; border: 0px none;\" src=\"http:\/\/www.sceltedigusto.it\/public\/Test\/wp-content\/uploads\/2011\/06\/sicilian fish milano 029.jpg\" alt=\"\" width=\"640\" height=\"480\" border=\"0\" srcset=\"https:\/\/www.sceltedigusto.it\/public\/wp-content\/uploads\/2011\/06\/sicilian%20fish%20milano%20029.jpg 640w, https:\/\/www.sceltedigusto.it\/public\/wp-content\/uploads\/2011\/06\/sicilian%20fish%20milano%20029-300x225.jpg 300w, https:\/\/www.sceltedigusto.it\/public\/wp-content\/uploads\/2011\/06\/sicilian%20fish%20milano%20029-150x113.jpg 150w, https:\/\/www.sceltedigusto.it\/public\/wp-content\/uploads\/2011\/06\/sicilian%20fish%20milano%20029-560x420.jpg 560w, https:\/\/www.sceltedigusto.it\/public\/wp-content\/uploads\/2011\/06\/sicilian%20fish%20milano%20029-80x60.jpg 80w, https:\/\/www.sceltedigusto.it\/public\/wp-content\/uploads\/2011\/06\/sicilian%20fish%20milano%20029-265x198.jpg 265w\" sizes=\"(max-width: 640px) 100vw, 640px\" \/> ( Foto a destra: le Sarde a Beccafico di Natale Giunta)<\/span><\/span><\/p>\n<p style=\"text-align: justify;\"><span style=\"font-family: verdana,geneva;\"><span style=\"font-size: small;\">O genio, quello siculo,\u00a0 foriero di pasti luculliani che ancor oggi fanno venire l&#8217;acquolina alla bocca ai pi\u00f9 esigenti gourmands. O geniale individuo, colui che con quattro sarde e una manciata di pane raffermo ha creato le sarde a beccafico, piatto ambito da chiunque ed a qualsiasi latitudine.<\/span><\/span><\/p>\n<p style=\"text-align: justify;\">\n<p style=\"text-align: justify;\">\n<p style=\"text-align: justify;\">\n<p style=\"text-align: justify;\">\n<p style=\"text-align: justify;\">\n<p style=\"text-align: justify;\">\n<p><span style=\"font-family: verdana,geneva;\"><span style=\"font-size: small;\"><img loading=\"lazy\" class=\" alignleft size-full wp-image-74\" style=\"margin: 5px; float: left; border: 0px;\" src=\"http:\/\/www.sceltedigusto.it\/public\/Test\/wp-content\/uploads\/2011\/03\/pasta con le sarde.jpg\" alt=\"\" width=\"1190\" height=\"813\" border=\"0\" \/><\/span><\/span><\/p>\n<p style=\"text-align: justify;\"><span style=\"font-family: verdana,geneva;\"><span style=\"font-size: small;\">O di chi, con le stesse quattro sarde, ha inondato piatti di pasta di profumato finocchietto selvatico, ed uva sultanina, dando vita alla pasta con le sarde: un gusto unico e simile a nessun altro. Un piatto che viene servito persino al ristorante dell&#8217; Hotel Sheraton Manhattan &amp; Towers di New York a raffinate signore con preziosi sacchettini di color turchese al seguito con su una scritta quasi commovente: Tiffany &amp; Co.<br \/>\nE plauso a Curcio, Messina &amp; Co. per diffondere per il mondo la nostra salda tradizione gastronomica. Ma non soltanto quella, \u00e8 ovvio. Il concorso premia il territorio, la tradizione, la cucina, la cultura: in forma di fotografia.<br \/>\nIl nostro giornale, che guarda verso l&#8217;alto al resto d&#8217;Italia ma che nasce in Sicilia amando la Sicilia, fornisce incondizionato patrocinio a questa inziativa che parla di forte spirito di appartenenza regionale: che non significa chiusura ma anzi, al contrario, nuova apertura di nuovi orizzonti a quanto di bello esiste ed insiste sulla nostra isola, affinch\u00e8 gli altri italiani possano apprezzare quello di cui i telegiornali non hanno mai parlato.<br \/>\nMa non soltanto: l&#8217;iniziativa si prefigge di far conoscere anche ai siciliani quello che c&#8217;\u00e8 nella loro terra perch\u00e8 &#8211; badate bene &#8211; i siciliani sono proprio quelli a conoscere meno della loro stessa regione.<br \/>\nQuesto significa incoraggiare a consumare il prodotto locale, a recarsi dai fattori, dai contadini, nelle piccole cantine, nelle aziende casearie locali : per ridurre i costi e favorire la ripresa dell&#8217;economia interna. Non a caso una delle ultime sponsorizzazioni di Sicilia rispetto al prodotto locale ha riguardato un gruppo di giovani riberesi divenuti &#8220;Contadini per caso&#8221; per rilanciare la splendida arancia Washington Navel di Ribera, insignita della DOP.<br \/>\nE dunque l&#8217;invito alla partecipazione \u00e8 esteso a tutti i lettori di <em><strong>Scelte di<\/strong> <strong>Gust<\/strong><\/em><strong>o<\/strong> e <strong><em>Scelte di Vino<\/em><\/strong>, che con il buon bere e il buon mangiare hanno ampia dimestichezza.<br \/>\nBaster\u00e0 seguire le poche semplici regole del concorso che &#8211; intanto &#8211; potrete visionare qui, dove sono elencate in modo assai chiaro:<\/span><\/span><\/p>\n<p style=\"text-align: justify;\"><a href=\"http:\/\/www.facebook.com\/notes\/sicilia\/concorso-fotografico-prodotti-tipici-di-sicilia-dal-1-novembre-2011-al-1-dicembr\/10150434177453428\"><span style=\"font-family: verdana,geneva;\"><span style=\"font-size: small;\"><span style=\"font-family: verdana,geneva;\"><span style=\"font-size: small;\">http:\/\/www.facebook.com\/notes\/sicilia\/concorso-fotografico-prodotti-tipici-di-sicilia-dal-1-novembre-2011-al-1-dicembr\/10150434177453428<\/span><\/span><\/span><\/span><\/a><\/p>\n<p style=\"text-align: justify;\"><span style=\"font-family: verdana,geneva;\"><span style=\"font-size: small;\"><span style=\"font-family: verdana,geneva;\"><span style=\"font-size: small;\">Inoltre, se ci tenete a tenervi informati sulla vita dell&#8217;isola e delle sue molteplici attivit\u00e0, l&#8217;url da visitare \u00e8 : <\/span><\/span><\/span><\/span><a href=\"http:\/\/www.facebook.com\/lasicilia\"><span style=\"font-family: verdana,geneva;\"><span style=\"font-size: small;\"><span style=\"font-family: verdana,geneva;\"><span style=\"font-size: small;\">http:\/\/www.facebook.com\/lasicilia<\/span><\/span><\/span><\/span><\/a><\/p>\n<p style=\"text-align: justify;\"><span style=\"font-family: verdana,geneva;\"><span style=\"font-size: small;\"><span style=\"font-family: verdana,geneva;\"><span style=\"font-size: small;\">E buona Sicilia a tutti.<\/span><\/span><\/span><\/span><\/p>\n<p style=\"text-align: justify;\"><span style=\"font-family: verdana,geneva;\"><span style=\"font-size: small;\"><span style=\"font-family: verdana,geneva;\"><span style=\"font-size: small;\"><strong>Alessandra Verzera<\/strong><\/span><\/span><\/span><\/span><\/p>\n","protected":false},"excerpt":{"rendered":"<p>I siciliani hanno recepito il messaggio forte e chiaro: il prodotto a chilometro zero non soltanto \u00e8 il futuro di un&#8217;economia traballante come mai prima d&#8217;ora, ma anche un vero patrimonio da salvare. E l&#8217;agroalimentare approda al web e ai social network per far bella mostra di s\u00e8 nella rete, come fa da secoli sulle [&hellip;]<\/p>\n","protected":false},"author":18,"featured_media":1027,"comment_status":"open","ping_status":"open","sticky":false,"template":"","format":"standard","meta":[],"categories":[29],"tags":[1252,7439,927],"jetpack_featured_media_url":"https:\/\/www.sceltedigusto.it\/public\/wp-content\/uploads\/2011\/08\/logo sicilia.jpg","_links":{"self":[{"href":"https:\/\/www.sceltedigusto.it\/public\/wp-json\/wp\/v2\/posts\/1962"}],"collection":[{"href":"https:\/\/www.sceltedigusto.it\/public\/wp-json\/wp\/v2\/posts"}],"about":[{"href":"https:\/\/www.sceltedigusto.it\/public\/wp-json\/wp\/v2\/types\/post"}],"author":[{"embeddable":true,"href":"https:\/\/www.sceltedigusto.it\/public\/wp-json\/wp\/v2\/users\/18"}],"replies":[{"embeddable":true,"href":"https:\/\/www.sceltedigusto.it\/public\/wp-json\/wp\/v2\/comments?post=1962"}],"version-history":[{"count":3,"href":"https:\/\/www.sceltedigusto.it\/public\/wp-json\/wp\/v2\/posts\/1962\/revisions"}],"predecessor-version":[{"id":11085,"href":"https:\/\/www.sceltedigusto.it\/public\/wp-json\/wp\/v2\/posts\/1962\/revisions\/11085"}],"wp:featuredmedia":[{"embeddable":true,"href":"https:\/\/www.sceltedigusto.it\/public\/wp-json\/wp\/v2\/media\/1027"}],"wp:attachment":[{"href":"https:\/\/www.sceltedigusto.it\/public\/wp-json\/wp\/v2\/media?parent=1962"}],"wp:term":[{"taxonomy":"category","embeddable":true,"href":"https:\/\/www.sceltedigusto.it\/public\/wp-json\/wp\/v2\/categories?post=1962"},{"taxonomy":"post_tag","embeddable":true,"href":"https:\/\/www.sceltedigusto.it\/public\/wp-json\/wp\/v2\/tags?post=1962"}],"curies":[{"name":"wp","href":"https:\/\/api.w.org\/{rel}","templated":true}]}}