{"id":1889,"date":"2011-11-01T16:10:01","date_gmt":"2011-11-01T15:10:01","guid":{"rendered":"http:\/\/www.sceltedigusto.it\/public\/Test\/editoriale-il-nostro-turismo-regge-bene-ma-quanto-lotteremo-per-distruggerlo-focus-sul-turismo-qladroq\/"},"modified":"2016-01-18T21:41:27","modified_gmt":"2016-01-18T20:41:27","slug":"editoriale-il-nostro-turismo-regge-bene-ma-quanto-lotteremo-per-distruggerlo-focus-sul-turismo-qladroq","status":"publish","type":"post","link":"https:\/\/www.sceltedigusto.it\/public\/editoriale-il-nostro-turismo-regge-bene-ma-quanto-lotteremo-per-distruggerlo-focus-sul-turismo-qladroq\/","title":{"rendered":"Editoriale. Il nostro turismo regge bene: ma quanto lotteremo per distruggerlo? Focus sul turismo &#8220;ladro&#8221;"},"content":{"rendered":"<h3 style=\"text-align: justify;\"><a href=\"http:\/\/www.sceltedigusto.it\/public\/wp-content\/uploads\/2011\/11\/panarea_31.jpg\"><img loading=\"lazy\" class=\"alignnone size-medium wp-image-5260\" alt=\"panarea_3\" src=\"http:\/\/www.sceltedigusto.it\/public\/wp-content\/uploads\/2011\/11\/panarea_31-300x212.jpg\" width=\"300\" height=\"212\" srcset=\"https:\/\/www.sceltedigusto.it\/public\/wp-content\/uploads\/2011\/11\/panarea_31-300x212.jpg 300w, https:\/\/www.sceltedigusto.it\/public\/wp-content\/uploads\/2011\/11\/panarea_31-150x106.jpg 150w, https:\/\/www.sceltedigusto.it\/public\/wp-content\/uploads\/2011\/11\/panarea_31-593x420.jpg 593w, https:\/\/www.sceltedigusto.it\/public\/wp-content\/uploads\/2011\/11\/panarea_31-100x70.jpg 100w, https:\/\/www.sceltedigusto.it\/public\/wp-content\/uploads\/2011\/11\/panarea_31.jpg 640w\" sizes=\"(max-width: 300px) 100vw, 300px\" \/><\/a>Mi allettava l&#8217;idea di trascorrere un paio di settimane nel sublime incanto di Panarea. Mi allettava portare in vacanza la mia famiglia allargata, e magari anche un paio di amici. Cos\u00ec mi sono messa a cercare una villetta che potesse ospitare da un minimo di sei ad un massimo di otto persone, per le prime tre settimane del mese di agosto del 2012. Mi sono sentita derubata, anzi peggio: presa in giro.<\/h3>\n<p>&nbsp;<\/p>\n<p><!--more--><\/p>\n<p style=\"text-align: justify;\"><img loading=\"lazy\" class=\" alignleft size-full wp-image-1882\" style=\"margin: 5px; float: left;\" alt=\"\" src=\"http:\/\/www.sceltedigusto.it\/public\/Test\/wp-content\/uploads\/2011\/11\/panarea_2.jpg\" width=\"251\" height=\"201\" border=\"0\" \/>La villa \u00e8 indubbiamente bella sia strutturalmente che- principalmente &#8211; per il fatto che si trova in un luogo che sembra un dipinto venuto fuori dalla mano di Dio: quel dipinto si chiama Panarea il cui nome, ingrato, significa pi\u00f9 o meno &#8221; disordine, scompiglio&#8221;: ovviamente \u00e8 riferito alla sua morfologia.<br \/>\nI colori bianchi ed azzurri tipicamente eoliani e cos\u00ec evocativi di solare mediterraneit\u00e0 hanno fatto cadere i miei occhi su una bella propriet\u00e0. Leggo la descrizione e penso che andrebbe bene: ci staremmo anche in otto. Certo portarsi dietro lenzuola ed asciugamani per otto persone \u00e8 una piccola impresa, come pure riordinare la casa ogni mattina e cucinare almeno qualche pasto ogni tanto. Per\u00f2 ne vale la pena. La casa \u00e8 pied dans l&#8217;eau ed anche se non amo gli scogli decido che chieder\u00f2 il prezzo. Mi piace, voglio andarci. La propriet\u00e0 era pubblicizzata su un sito web, uno dei tanti, uno a caso. Scrivo la mia mail ed invio. La risposta mi arriva poco dopo: quella villetta &#8211; per tre settimane &#8211; costa 33.000 euro e dunque, per un intero mese saliamo a 44.000, euro pi\u00f9 euro meno.<br \/>\nHo un sussulto, un piccolo capogiro: credo e spero di aver letto male. Invece ho letto benissimo, ed il sussulto si fa conato, sdegno allo stato puro. Atteso che non spenderei quelle cifre neppure avendole &#8211; e non le ho, sia ben chiaro &#8211; decido che non abbandoner\u00f2 tanto facilmente la prospettiva di almeno una settimana eoliana. E comincia lo &#8220;smanettamento&#8221; sui motori di ricerca.<\/p>\n<p><img loading=\"lazy\" class=\" alignright size-full wp-image-1883\" style=\"float: right;\" alt=\"\" src=\"http:\/\/www.sceltedigusto.it\/public\/Test\/wp-content\/uploads\/2011\/11\/booking.com_logo_small1.jpg\" width=\"299\" height=\"110\" border=\"0\" \/><\/p>\n<p>Faccio un giro sull&#8217;ormai mitico booking.com<br \/>\nAlberghi a Panarea, stesso periodo, per due persone: ebbene, ecco cosa ho trovato.<\/p>\n<p>Hotel La Piazza &#8211; euro 6120<\/p>\n<p>Hotel Best Western Lisca Bianca &#8211; euro 5.350<\/p>\n<p>Hotel Oasi &#8211; euro 5880<\/p>\n<p>Residence Casa Nonna &#8211; euro 4200<\/p>\n<p>Hotel Amarea &#8211; euro 3150<\/p>\n<p>Albergo Boutique Casajanca euro 3990<\/p>\n<p style=\"text-align: justify;\">Tutti i prezzi sono riferiti a 21 pernottamenti, per due persone, con altrettante colazioni incluse nella tariffa. Ve ne sono molti altri, ma si allontanano un po&#8217; dal centro dell&#8217;isola. Grossomodo i pi\u00f9 vicini sono i primi due. Prendendo in esame il pi\u00f9 caro di quelli da me trovati,l&#8217; Hotel La Piazza , si ottiene una tariffa settimanale di euro 2040 per due persone. Dunque, circa 280 euro al giorno per coppia, poco pi\u00f9. Le cifre pro capite sono quasi dimezzate se si sceglie l&#8217;Hotel Amarea, che rende un soggiorno a Panarea un lusso ancora possibile. Si tratta di alberghi di tutto rispetto, non certo di locande: la &#8220;stellatura&#8221; minima \u00e8 tre, la massima quattro; tanto per non voler strafare.<\/p>\n<p style=\"text-align: justify;\">\n<p style=\"text-align: justify;\">Quindi mi chiedo: perch\u00e8 una sedicente agenzia di affitti turistici pensa di poter rifilare una casa &#8211; ancorch\u00e8 sul mare &#8211; alla stratosferica cifra di euro 1500 al giorno? Provate a dirlo: &#8220;quarantacinquemila euro al mese&#8230;&#8221;. Non suona atroce? Non vi sembra un assurdo schiaffo alla miseria ma anche una sonora presa per i fondelli? Non vi sembra il classico prezzo da strozzo da estorcere allo sprovveduto straniero di turno? Ma che straniero deve essere un folle che scuce per un mese l&#8217;equivalente che gli basterebbe ad acquistare un monolocale in citt\u00e0? Anche a voler dividere la cifra tra gli otto presunti occupanti, si arriva quasi ai duecento euro a persona. Perch\u00e8, se almeno in hotel vi sono tutta una serie di servizi che nella casina ti devi fare da solo? Perch\u00e8, se devi lavare i piatti, rifarti i letti, preparare la colazione e pulire i bagni, dovresti essere disposto a pagare 200 euro a persona a fronte di tanti alberghi dove \u00e8 possibile pagare molto ma molto di meno fruendo di molti ma molti pi\u00f9 servizi?<br \/>\nPerch\u00e8 \u00e8 un mercato libero, \u00e8 vero.<\/p>\n<p style=\"text-align: justify;\"><img loading=\"lazy\" class=\" alignleft size-full wp-image-1885\" style=\"margin: 5px; float: left;\" alt=\"\" src=\"http:\/\/www.sceltedigusto.it\/public\/Test\/wp-content\/uploads\/2011\/11\/panarea_1.jpg\" width=\"250\" height=\"159\" border=\"0\" \/>Ma che tipo di mercato \u00e8 un mercato che affida nelle mani di pseudo agenti turistici delle propriet\u00e0 ed alienando il turista? Mi ha fatto sorridere il commento della signorina che ha risposto alla mia mail dicendo &#8211; come se mi aspettassi qualcosa di diverso &#8211; che &#8220;al momento le due ville d cui avevo chiesto dettagli erano ancora libere&#8221;. Devo confessare di aver risposto perdendo un po&#8217; del mio consueto savoir faire ed ho osservato che dal momento che costano pi\u00f9 della Costa Azzurra e pi\u00f9 di Porto Cervo messe insieme per me potevano rimanere libere a vita. Ma mi spiace immensamente per gli eoliani: un turismo troppo selettivo difficilmente porta benessere economico per gli operatori. Metti quattro ricconi che si chiudono in questa villetta, uscendo in mare con la loro barchetta da svariati milioni di euro: che denaro porteranno al turismo ed al suo indotto? Pochissimo, se non quello dell&#8217;affitto nelle avide tasche dei proprietari ed in quelle di agenti turistici con pochi scrupoli. Un po&#8217; di soldi per il carburante e via, nessun eoliano al di fuori di tre o quattro avr\u00e0 alcun vantaggio. Ma queste sono considerazioni romantiche ed un po&#8217; d&#8217;accatto, lo ammetto senza opporre a me stessa alcuna resistenza.<\/p>\n<p><img loading=\"lazy\" class=\" alignleft size-full wp-image-1886\" style=\"margin: 5px; float: left;\" alt=\"\" src=\"http:\/\/www.sceltedigusto.it\/public\/Test\/wp-content\/uploads\/2011\/11\/panarea_4.jpg\" width=\"151\" height=\"160\" border=\"0\" \/><\/p>\n<p style=\"text-align: justify;\">Sar\u00f2 molto pi\u00f9 chiara e meno melensa: quando la smetteremo di dare al mondo l&#8217;idea che l&#8217;Italia sia un paese di ladri? E quando la smetteremo di dare al mondo l&#8217;idea che in Italia i pi\u00f9 ladri di tutti siano i siciliani? Chi controlla, anche fiscalmente parlando, queste &#8220;agenzie&#8221; che affittano case private a prezzi ingiustificati ed ingiustificabili?<\/p>\n<p style=\"text-align: justify;\">Perch\u00e8 quell&#8217;antipatico e cacofonico verbo che \u00e8 &#8220;calmierare&#8221; in questi settori non trova alcuna applicazione? Chi vigila sulla bont\u00e0 delle offerte turistiche e sulla loro coerenza con le logiche e le regole del mercato? Vi do io un indirizzo web in cui poter trovare seria professionalit\u00e0 : <a href=\"http:\/\/www.thinksicily.com\">www.thinksicily.com<\/a> gestito &#8211; con una certa coscienza &#8211; da anglosassoni.<\/p>\n<p style=\"text-align: justify;\">\n<p>&nbsp;<\/p>\n<p><img loading=\"lazy\" class=\" alignright size-full wp-image-1887\" style=\"margin: 5px; float: right;\" alt=\"\" src=\"http:\/\/www.sceltedigusto.it\/public\/Test\/wp-content\/uploads\/2011\/11\/think_sicily_logo.jpg\" width=\"225\" height=\"95\" border=\"0\" \/><\/p>\n<p style=\"text-align: justify;\">Hanno in catalogo le pi\u00f9 belle ville sull&#8217;isola; costano anche loro un botto. Ma questo botto \u00e8 un petardo umido rispetto alle follie di Panarea, ed in pi\u00f9 vi offrono una serie esclusiva di servizi. Ed ora due parole di disclaimer per la signorina dell&#8217;agenzia che leggiadramente mi ha chiesto 33.000 euro e che si sentir\u00e0 offesa da questo mio articolo. Cara signorina, prima che sia lei stessa a ventilare la poco simpatica ipotesi, le dir\u00f2 subito che non ho preso un euro n\u00e8 da booking.com, n\u00e8 dagli hotels che ho menzionato n\u00e8 tantomeno dalla thinksicily per aver pubblicizzato il loro sito. E&#8217; che proprio ce l&#8217;ho per hobby. Un hobby tutto sommato facile da mantenere ma non altrettanto facile da possedere. Questo hobby si chiama &#8220;onest\u00e0&#8221;, e di solito porta a dare spazio e voce ai detentori dello stesso hobby. In questo caso mi porta a farvi conoscere le realt\u00e0 alberghiere che ancora non ci lasciano a casa a piangere sulle nostre miserie lasciandoci ancora concedere il lusso di una settimana di vacanza e, per chi ha ancora qualche soldino in pi\u00f9, una vera agenzia di intermediazione turistica che vi propone ville da sogno con tanto di servizi annessi ed a costi elevati ma realistici. La controindicazione per chi ha l&#8217;hobby dell&#8217;onest\u00e0? Lo scovare spesso i disonesti e non aver paura di denunciarli, pur nella consapevolezza di attirarsi addosso improperi &#8211; quando va bene- e carte bollate, nella peggiore delle ipotesi.<br \/>\nMa non \u00e8 tutto: succede qualcosa di inquietante anche in altre regioni d&#8217;Italia\u00a0in\u00a0hotels\u00a0con tanto di blasone e varie stelle che, pur facendo capo a catene ormai note nel mondo, in prossimit\u00e0 di eventi specifici ( uno per tutti, il Vinitaly) quadruplicano ( avete letto bene: QUADRUPLICANO) le tariffe da listino prendendo per il collo visitatori, espositori e giornalisti. C&#8217;\u00e8 poi tanto da soprendersi se, in tempi di vacche magre, a quella manifestazione la gente non vuol pi\u00f9 partecipare, gli espositori non vogliono pi\u00f9 esporre e i giornalisti non vogliono pi\u00f9 andare? Non vogliono, o forse non possono?<\/p>\n<p style=\"text-align: justify;\">Era stato un mio svarione ritenere che il Vinitaly si sarebbe svolto dall&#8217;1 al 4 di aprile del 2012. Ed in funzione di questo mio ricordo avevo effettuato la prenotazione per me e due colleghi. Poi, due giorni dopo, mi sono ricordata della variazione del calendario della manifestazione, e sono corsa a modificare la mia prenotazione. Guardate un po&#8217; cosa \u00e8 successo alla mia prenotazione cambiando le date di pochi giorni : stesse camere, stessi occupanti, ma con uno scarto di tre giorni. La prima, dall&#8217;1 al 4 di aprile costa un quarto perch\u00e8 \u00e8 un periodo &#8220;morto&#8221;; la seconda &#8211; dal 25 al 28 marzo &#8211; costa uno sproposito perch\u00e8 \u00e8 di scena Verona ed il Vinitaly. A me sembra un furto autorizzato; ma ognuno \u00e8 libero di pensarla come meglio crede. Eh no, cari signori: una camera quattro volte il suo normale prezzo io non la pagher\u00f2 mai. Ovviamente sono disponibile ad accogliere motivazioni e rettifiche da parte di chi dovesse sentirsi offeso od ingiustamente accusato da quanto scrivo: ma dubito seriamente che arriveranno &#8220;chiarimenti&#8221; in merito a questa faccenda. Ovviamente sono disponibile anche a fornire il link dell&#8217;agenzia che affitta villette al peso dell&#8217;oro: ma &#8211; anche qui &#8211; dubito che qualcuno me lo chieder\u00e0.<\/p>\n<p><strong>La tua prenotazione <\/strong><\/p>\n<p><strong>Informazioni sull&#8217;hotel <\/strong><\/p>\n<table border=\"0\" cellspacing=\"0\" cellpadding=\"0\">\n<tbody>\n<tr>\n<td width=\"134\">Hotel<\/td>\n<td><strong>B4 Verona Leon d\u2019Oro by Boscolo<\/strong><\/td>\n<\/tr>\n<tr>\n<td valign=\"top\">Indirizzo<\/td>\n<td>Viale Piave 5, Cittadella &#8211; Porta Nuova<br \/>\nVerona, 37135<br \/>\nItalia<\/td>\n<\/tr>\n<tr>\n<td>Telefono<\/td>\n<td>+39 0498287725<\/td>\n<\/tr>\n<tr>\n<td>Fax<\/td>\n<td>+390498287726<\/td>\n<\/tr>\n<tr>\n<td>E-mail<\/td>\n<td>reservation.ecommerce@boscolo.com<\/td>\n<\/tr>\n<tr>\n<td valign=\"top\">Come raggiungerci<\/td>\n<td valign=\"top\">Per indicazioni stradali personalizzate clicca su <a href=\"http:\/\/www.booking.com\/directions.it.html?id=885712020\">http:\/\/www.booking.com\/directions.it.html?id=885712020<\/a><\/td>\n<\/tr>\n<\/tbody>\n<\/table>\n<p><strong>I dati della tua prenotazione <\/strong><\/p>\n<table style=\"width: 100%;\" border=\"0\" cellspacing=\"0\" cellpadding=\"0\">\n<tbody>\n<tr>\n<td width=\"134\">Check-in<\/td>\n<td>domenica 1 aprile 2012, check in dopo le 14:00<\/td>\n<\/tr>\n<tr>\n<td>Check-out<\/td>\n<td>mercoled\u00ec 4 aprile 2012, check out entro le 12:00<\/td>\n<\/tr>\n<tr>\n<td>Pagina dell&#8217;hotel<\/td>\n<td><a href=\"http:\/\/www.booking.com\/hotel\/it\/boscololeon.html?aid=304142&amp;label=postbooking_confemail\">http:\/\/www.booking.com\/hotel\/it\/boscololeon.html?aid=304142&amp;label=postbooking_confemail<\/a><\/td>\n<\/tr>\n<tr>\n<td valign=\"top\">Quantit\u00e0<\/td>\n<td>2 camere<\/td>\n<\/tr>\n<tr>\n<td valign=\"top\" bgcolor=\"#e8edf3\"><strong><strong>Prezzo totale della camera<\/strong><\/strong><\/td>\n<td bgcolor=\"#e8edf3\"><strong><strong>\u20ac\u00a0855.00<\/strong><\/strong> Gli eventuali costi aggiuntivi (ad es., letti supplementari\/culla) non vengono calcolati automaticamente nell&#8217;importo totale e devono essere pagati separatamente presso l&#8217;hotel.<\/td>\n<\/tr>\n<\/tbody>\n<\/table>\n<p><img loading=\"lazy\" class=\" size-full wp-image-1888\" alt=\"\" src=\"http:\/\/www.sceltedigusto.it\/public\/Test\/wp-content\/uploads\/2011\/11\/boscolo_booking_vr_25_28_03.jpg\" width=\"569\" height=\"222\" border=\"0\" srcset=\"https:\/\/www.sceltedigusto.it\/public\/wp-content\/uploads\/2011\/11\/boscolo_booking_vr_25_28_03.jpg 569w, https:\/\/www.sceltedigusto.it\/public\/wp-content\/uploads\/2011\/11\/boscolo_booking_vr_25_28_03-300x117.jpg 300w\" sizes=\"(max-width: 569px) 100vw, 569px\" \/><\/p>\n<p>&nbsp;<\/p>\n<p>Bravi tutti, albergatori e fittavoli: ce la farete a mettere in ginocchio l&#8217;unico comparto che tira? Ce la farete a farci dichiarare bancarotta su tutti i fronti? Sembra di si, ma spero proprio di no. Io, per la mia piccolissima parte, vi tengo d&#8217;occhio.<br \/>\nE se avete qualcosa da dirmi io &#8211; naturalmente &#8211; sono a vostra totale e completa disposizione. Gratuitamente, s&#8217;intende.<\/p>\n<p><strong>Alessandra Verzera<\/strong><\/p>\n","protected":false},"excerpt":{"rendered":"<p>Mi allettava l&#8217;idea di trascorrere un paio di settimane nel sublime incanto di Panarea. Mi allettava portare in vacanza la mia famiglia allargata, e magari anche un paio di amici. Cos\u00ec mi sono messa a cercare una villetta che potesse ospitare da un minimo di sei ad un massimo di otto persone, per le prime [&hellip;]<\/p>\n","protected":false},"author":18,"featured_media":5260,"comment_status":"open","ping_status":"open","sticky":false,"template":"","format":"standard","meta":[],"categories":[4,5436],"tags":[2518,2517,2520,2519,2521,1655],"jetpack_featured_media_url":"https:\/\/www.sceltedigusto.it\/public\/wp-content\/uploads\/2011\/11\/panarea_31.jpg","_links":{"self":[{"href":"https:\/\/www.sceltedigusto.it\/public\/wp-json\/wp\/v2\/posts\/1889"}],"collection":[{"href":"https:\/\/www.sceltedigusto.it\/public\/wp-json\/wp\/v2\/posts"}],"about":[{"href":"https:\/\/www.sceltedigusto.it\/public\/wp-json\/wp\/v2\/types\/post"}],"author":[{"embeddable":true,"href":"https:\/\/www.sceltedigusto.it\/public\/wp-json\/wp\/v2\/users\/18"}],"replies":[{"embeddable":true,"href":"https:\/\/www.sceltedigusto.it\/public\/wp-json\/wp\/v2\/comments?post=1889"}],"version-history":[{"count":1,"href":"https:\/\/www.sceltedigusto.it\/public\/wp-json\/wp\/v2\/posts\/1889\/revisions"}],"predecessor-version":[{"id":5261,"href":"https:\/\/www.sceltedigusto.it\/public\/wp-json\/wp\/v2\/posts\/1889\/revisions\/5261"}],"wp:featuredmedia":[{"embeddable":true,"href":"https:\/\/www.sceltedigusto.it\/public\/wp-json\/wp\/v2\/media\/5260"}],"wp:attachment":[{"href":"https:\/\/www.sceltedigusto.it\/public\/wp-json\/wp\/v2\/media?parent=1889"}],"wp:term":[{"taxonomy":"category","embeddable":true,"href":"https:\/\/www.sceltedigusto.it\/public\/wp-json\/wp\/v2\/categories?post=1889"},{"taxonomy":"post_tag","embeddable":true,"href":"https:\/\/www.sceltedigusto.it\/public\/wp-json\/wp\/v2\/tags?post=1889"}],"curies":[{"name":"wp","href":"https:\/\/api.w.org\/{rel}","templated":true}]}}