{"id":1828,"date":"2011-10-26T09:20:25","date_gmt":"2011-10-26T07:20:25","guid":{"rendered":"http:\/\/www.sceltedigusto.it\/public\/Test\/serego-alighieri-quattro-vini-e-unarisata\/"},"modified":"2019-11-17T21:52:44","modified_gmt":"2019-11-17T20:52:44","slug":"serego-alighieri-quattro-vini-e-unarisata","status":"publish","type":"post","link":"https:\/\/www.sceltedigusto.it\/public\/serego-alighieri-quattro-vini-e-unarisata\/","title":{"rendered":"Serego Alighieri: quattro vini e una&#8230;risata."},"content":{"rendered":"<p><a href=\"http:\/\/www.sceltedigusto.it\/public\/wp-content\/uploads\/2011\/10\/serego.jpg\"><img loading=\"lazy\" class=\"alignleft wp-image-5258 \" src=\"http:\/\/www.sceltedigusto.it\/public\/wp-content\/uploads\/2011\/10\/serego-300x213.jpg\" alt=\"serego\" width=\"829\" height=\"589\" \/><\/a>L&#8217;allestimento \u00e8 quello delle grandi occasioni alla Foresteria Serego Alighieri: la famiglia infatti ha invitato una ristretta cerchia di giornalisti, buyers e titolari di\u00a0 enoteche a visitare le possessioni Serego Alighieri. Foresteria, cantine e produzioni. Due giorni di grande ospitalit\u00e0 all&#8217;insegna del buon cibo e dell&#8217;ancor migliore bere con i vini d&#8217;eccellenza della valpolicella.<\/p>\n<p style=\"text-align: justify;\"><span style=\"font-size: small;\"><span style=\"font-family: trebuchet ms,geneva;\">Arrivando in Valpolicella si ha la consapevolezza dell&#8217;autunno: non soltanto un periodo dell&#8217;anno sul calendario, ma una bella realt\u00e0 carica di sentori e di foglie brunite.<\/span><\/span><\/p>\n<p style=\"text-align: justify;\"><span style=\"font-size: small;\"><span style=\"font-family: trebuchet ms,geneva;\"><img loading=\"lazy\" class=\" alignleft size-full wp-image-1811\" style=\"float: left; border: 0pt none; margin: 5px;\" src=\"http:\/\/www.sceltedigusto.it\/public\/Test\/wp-content\/uploads\/2011\/10\/alvise serego.jpg\" alt=\"\" width=\"159\" height=\"212\" border=\"0\" srcset=\"https:\/\/www.sceltedigusto.it\/public\/wp-content\/uploads\/2011\/10\/alvise%20serego.jpg 180w, https:\/\/www.sceltedigusto.it\/public\/wp-content\/uploads\/2011\/10\/alvise%20serego-150x200.jpg 150w\" sizes=\"(max-width: 159px) 100vw, 159px\" \/> <\/span><\/span><span style=\"font-size: small;\"><span style=\"font-family: trebuchet ms,geneva;\"><img loading=\"lazy\" class=\" alignleft size-full wp-image-1812\" style=\"float: left; border: 0pt none; margin: 5px;\" src=\"http:\/\/www.sceltedigusto.it\/public\/Test\/wp-content\/uploads\/2011\/10\/massimilla.jpg\" alt=\"\" width=\"160\" height=\"211\" border=\"0\" srcset=\"https:\/\/www.sceltedigusto.it\/public\/wp-content\/uploads\/2011\/10\/massimilla.jpg 271w, https:\/\/www.sceltedigusto.it\/public\/wp-content\/uploads\/2011\/10\/massimilla-227x300.jpg 227w\" sizes=\"(max-width: 160px) 100vw, 160px\" \/><\/span><\/span><span style=\"font-size: small;\"><span style=\"font-family: trebuchet ms,geneva;\">Ad accoglierci, in questo luogo idilliaco alla fine di un lungo viale stretto tra due fianchi di cipressi, troviamo Pier Alvise Serego Alighieri insieme alla figlia maggiore, Massimilla, che dell&#8217;azienda \u00e8 il timone della nuova generazione. Troviamo anche Raffaele Boscaini, titolare dell&#8217;Azienda Masi che da oltre un trentennio opera in partnership con la Serego Alighieri. E troviamo un ottimo aperitivo: naturalmente un ottimo e fresco bianco delle cantine di famiglia, un Possessioni etichetta 2010, dal bouquet fresco e raffinato. Un vino che io definirei leggiadro e di facile beva.<\/span><\/span><\/p>\n<p style=\"text-align: justify;\">\n<p style=\"text-align: justify;\">\n<p><span style=\"font-size: small;\"><span style=\"font-family: trebuchet ms,geneva;\"><img loading=\"lazy\" class=\"size-full wp-image-1814 alignleft\" style=\"margin: 5px;\" src=\"http:\/\/www.sceltedigusto.it\/public\/Test\/wp-content\/uploads\/2011\/10\/chef.jpg\" alt=\"\" width=\"165\" height=\"240\" border=\"0\" \/>Poi \u00e8 ora di accomodarsi a tavola: sar\u00e0 lo Chef Andrea Messini ad occuparsi di noi, con un men\u00f9 decisamente originale. Tutto a base di riso. Un virtuosismo che sa di azzardo, ma decisamente ben congegnato ed ottimamente riuscito. Ben quattro portate a base di riso. Una gran bella &#8220;risata&#8221;, appunto. Si inizia con una Polenta di riso con salumi, in accompagnamento ad un Possessioni Rosso, annata 2009 IGT.<br \/>\nTra un sorso ed un assaggio, ad una bella tavola elegantemente apparecchiata ed animata da chiacchiere conviviali, si arriva ai primi: ben tre tipi di risotto.<\/span><\/span><\/p>\n<p style=\"text-align: justify;\"><span style=\"font-size: small;\"><span style=\"font-family: trebuchet ms,geneva;\">Il primo, e a mio parere anche il migliore dei tre, \u00e8 ai porri, taleggio e pepe verde. Una cremosit\u00e0 gustosa e stuzzicante ma al contempo delicata che ben si sposa al Valpolicella dell&#8217;Anniversario 2008 Superiore DOC di casa Serego Alighieri, vino di grande carattere.<br \/>\nMa il principe della tavola \u00e8 senza ombra di dubbio un attesissimo Vaio Armaron del 2005, un Amarone DOC fiore all&#8217;occhiello delle storiche cantine: ideale compagno di un risotto con salsa brasata di bue ma, ancor prima, di un altro risotto dalla realizzazione originale &#8211;\u00a0 alla purea di zucca e ristretto all&#8217;Amarone. Gusti forti sapientemente scalati.<\/span><\/span><\/p>\n<p><span style=\"font-size: small;\"><span style=\"font-family: trebuchet ms,geneva;\"><img loading=\"lazy\" class=\"alignright wp-image-1817 \" style=\"float: right; border: 0pt none; margin: 5px;\" src=\"http:\/\/www.sceltedigusto.it\/public\/Test\/wp-content\/uploads\/2011\/10\/torta riso.jpg\" alt=\"\" width=\"369\" height=\"287\" border=\"0\" \/><\/span><\/span><\/p>\n<p style=\"text-align: justify;\"><span style=\"font-size: small;\"><span style=\"font-family: trebuchet ms,geneva;\">Ma la sorpresa delle sorprese \u00e8 stato il dessert: una torta di riso in crosta di frolla con cioccolato caldo versato. Nozze felicissime con un Recioto Valpolicella Classico DOC Casal dei Ronchi 2008.<br \/>\nVino corposo, dal meraviglioso bouquet e con una nota di dolcezza che non stanca mai; perfetto contraltare alla giusta robustezza ed alla forte struttura di un Amarone deciso, sostanziale, pastoso, che aveva accompagnato &#8211; esaltandole &#8211; le portate precedenti.<\/span><\/span><\/p>\n<p style=\"text-align: justify;\"><span style=\"font-size: small;\"><span style=\"font-family: trebuchet ms,geneva;\"><img loading=\"lazy\" class=\"alignleft wp-image-1818\" style=\"float: left; margin: 5px;\" src=\"http:\/\/www.sceltedigusto.it\/public\/Test\/wp-content\/uploads\/2011\/10\/tavolata.jpg\" alt=\"\" width=\"837\" height=\"493\" border=\"0\" \/><\/span><\/span><\/p>\n<p style=\"text-align: justify;\"><span style=\"font-size: small;\"><span style=\"font-family: trebuchet ms,geneva;\">Ascoltiamo tutti con piacere aneddoti e storie legate a quel casato, cos\u00ec ricco di tradizione e cos\u00ec tanto epitomio di una bell&#8217;Italia. Ascoltiamo e continuiamo ad assaporare quel &#8220;succo di vigna&#8221; di cui il giorno dopo avremmo saputo tutto, scoprendo di saperne ben poco.<\/span><\/span><\/p>\n<p style=\"text-align: justify;\"><span style=\"font-size: small;\"><span style=\"font-family: trebuchet ms,geneva;\">Poi ci ritiriamo nelle nostre camere, che definirile camere \u00e8 un eufemismo assai riduttivo. La nostra infatti misurava ben oltre 80 metri quadri di calore e buon gusto che da un ampio salone ed attraverso un largo corridoio bene illuminato, conducevano alla camera matrimoniale, ai due bagni di grandi dimensioni e completi, e ad una cameretta a due letti.<\/span><\/span><\/p>\n<p style=\"text-align: justify;\"><span style=\"font-size: small;\"><span style=\"font-family: trebuchet ms,geneva;\"> Travi a vista, mobilio in arte povera d&#8217;epoca, divani e poltrone in colori tenui, accessori essenziali e raffinati, ed una collezione a dir poco immensa di porcellane da tavola: non sono riuscita a determinare quanti coperti si potessero allestire. La cucina, attrezzatissima, ci riservava ancora una bella bottiglia di bianco ed una serie di altri stuzzichini La finestra di pietra ci ha lasciati a lungo irretiti ad osservare la maestosit\u00e0 di un enorme castagno ed il dispiegarsi di <\/span><\/span><span style=\"font-size: small;\"><span style=\"font-family: trebuchet ms,geneva;\"><img loading=\"lazy\" class=\"alignleft wp-image-1820 \" style=\"float: left; margin: 5px;\" src=\"http:\/\/www.sceltedigusto.it\/public\/wp-content\/uploads\/2011\/10\/finestra.jpg\" alt=\"\" width=\"420\" height=\"557\" border=\"0\" srcset=\"https:\/\/www.sceltedigusto.it\/public\/wp-content\/uploads\/2011\/10\/finestra.jpg 263w, https:\/\/www.sceltedigusto.it\/public\/wp-content\/uploads\/2011\/10\/finestra-226x300.jpg 226w\" sizes=\"(max-width: 420px) 100vw, 420px\" \/><\/span><\/span><span style=\"font-size: small;\"><span style=\"font-family: trebuchet ms,geneva;\">una vallata verdeggiante, a perdita d&#8217;occhio. I filari di cipressi regalavano profumi strepitosi e la sensazione \u00e8 stata di immediato comfort. Il desiderio quello di tornare per una permanenza decisamente pi\u00f9 lunga, perch\u00e8 quella grande suite sapeva irrimediabilmente di casa. Il sonno \u00e8 stato garantito da un silenzio quasi surreale e, in senso molto pi\u00f9 prosaico, da un letto di eccellente fattura. Al di la di qualsiasi altra considerazione, al di la della bont\u00e0 del cibo e della esclusivit\u00e0 di quei vini, il pensiero comune \u00e8 stato che eravamo a scuola di ospitalit\u00e0: ci siamo sentiti coccolati ed assistiti dal primo istante del nostro arrivo sino al momento di ripartire. La propriet\u00e0 ha messo a disposizione degli ospiti le otto residenze, che portano ognuna il nome di un vitigno: Corvina, Rondinella, Molinara, Negrara, Rossignola, Dindarella, Forselina e Oseleta.<\/span><\/span><\/p>\n<p><span style=\"font-size: small;\"><span style=\"font-family: trebuchet ms,geneva;\"><img loading=\"lazy\" class=\" alignright size-full wp-image-1821\" style=\"margin: 5px; float: right;\" src=\"http:\/\/www.sceltedigusto.it\/public\/Test\/wp-content\/uploads\/2011\/10\/uve masi.jpg\" alt=\"\" width=\"188\" height=\"252\" border=\"0\" \/><\/span><\/span><\/p>\n<p style=\"text-align: justify;\"><span style=\"font-size: small;\"><span style=\"font-family: trebuchet ms,geneva;\">Ma prima di ripartire altre sorprese ci aspettano: come la visita ai fruttai in cui riposa l&#8217;uva destinata a diventare il migliore Amarone. Disposti in ordine perfetto, quei grappoli dormono su graticole di bamb\u00f9, le arele, spandendo profumi unici. Resteranno li ad essiccarsi seguendo il ciclo delle stagioni, per almeno 4 mesi. Saranno attaccati da una muffa nobile &#8211; la botrite &#8211; che conferir\u00e0 loro piccole macchie bianche ma anche un gusto particolare. Delle tre variet\u00e0 soltanto la Corvina ne rimane vittima.<br \/>\n<\/span><\/span><\/p>\n<p><span style=\"font-size: small;\"><span style=\"font-family: trebuchet ms,geneva;\">Tre i vitigni che costituiscono i blend di queste produzioni, con piccole variazioni nelle percentuali di ognuno: la succitata Corvina, grossomodo in ragione del 60%, la\u00a0 Rondinella in percentuale di circa il 25% e la Molinara, in misura di un buon 15% .E proprio nell&#8217;atrio della Foresteria abbiamo avuto modo di apprezzare un pergolato assai affascinante, da cui pendeva la Molinara: quella originale, quella vera. Quella sfuggita, un secolo e mezzo fa, alla filossera, e che ha dato vita &#8211; per volere del nonno di Massimilla Serego Alighieri, ai nuovi innesti. E&#8217; stata poi la volta di visitare l&#8217;Azienga Agricola Masi, partner di lungo corso della Serego Alighieri: un altro luogo d&#8217;incanto, in cui il tempo sembra essersi fermato bench\u00e8 sia efficacemente gestita da giovani.<\/span><\/span><\/p>\n<p>&nbsp;<\/p>\n<p style=\"text-align: justify;\"><span style=\"font-size: small;\"><span style=\"font-family: trebuchet ms,geneva;\">Giardini curati e panorami spettacolari di inusitata verdezza ci accompagnano in altri fruttai: emozioni gi\u00e0 provate ma che riviviamo con piacere. E poi gi\u00f9 per scale strette, fino a dove dimorano le botti, le barriques e i tonneau, ma anche immensi tini e persino la cantina privata della famiglia Masi, adiacente ad un piccolo museo privato. Ma non soltanto: abbiamo visto i vini sperimentali, mai immessi sul mercato e frutto di sperimentazione volta al miglioramento dei prodotti finali. Fascino senza fine ed emozione forte: passare attraverso pareti di bottiglie che sembravano quasi delle celle \u00e8 stata una sensazione impagabile ed ineguagliabile. Come pure trovarsi dinnanzi ad un&#8217;enorme botte con una suggestiva scritta che parla di premi e di benemerenze.<\/span><\/span><\/p>\n<p style=\"text-align: left;\"><span style=\"font-size: small;\"><span style=\"font-family: trebuchet ms,geneva;\"><img loading=\"lazy\" class=\"  alignnone wp-image-1824\" src=\"http:\/\/www.sceltedigusto.it\/public\/Test\/wp-content\/uploads\/2011\/10\/parete bottiglie.jpg\" alt=\"\" width=\"189\" height=\"253\" border=\"0\" srcset=\"https:\/\/www.sceltedigusto.it\/public\/wp-content\/uploads\/2011\/10\/parete%20bottiglie.jpg 230w, https:\/\/www.sceltedigusto.it\/public\/wp-content\/uploads\/2011\/10\/parete%20bottiglie-224x300.jpg 224w\" sizes=\"(max-width: 189px) 100vw, 189px\" \/><\/span><\/span><span style=\"font-size: small;\"><span style=\"font-family: trebuchet ms,geneva;\"><img loading=\"lazy\" class=\"alignnone wp-image-1826 \" src=\"http:\/\/www.sceltedigusto.it\/public\/Test\/wp-content\/uploads\/2011\/10\/bottiglie sperimentali.jpg\" alt=\"\" width=\"339\" height=\"253\" border=\"0\" \/> Tra uno stupore e l&#8217;altro si torna in Foresteria, dove siamo attesi per una degustazione d&#8217;eccellenza: una verticale senza eguali. Contrariamente a quanto usa di solito fare, si inizia la verticale dai vecchi, per giungere via via ai nuovi: otto calici, otto vini, otto annate, otto storie di successo, tutti dei cinque stelle. Oltre trent&#8217;anni di produzione Serego Alighieri in otto calici.<\/span><\/span><\/p>\n<p style=\"text-align: justify;\"><span style=\"font-size: small;\"><span style=\"font-family: trebuchet ms,geneva;\"><img loading=\"lazy\" class=\"alignleft wp-image-1827 \" style=\"float: left; margin: 5px;\" src=\"http:\/\/www.sceltedigusto.it\/public\/Test\/wp-content\/uploads\/2011\/10\/degustazione.jpg\" alt=\"\" width=\"420\" height=\"560\" border=\"0\" \/><\/span><\/span><\/p>\n<p style=\"text-align: justify;\"><span style=\"font-family: trebuchet ms,geneva;\"><span style=\"font-size: small;\">Un&#8217;esperienza irripetibile resa irrinunciabile dal commento dell&#8217;enologo Andrea Del Cin. Quindi ci attende il pranzo non prima per\u00f2 di aver consumato ancora un delizioso aperitivo nel giardino d&#8217;inverno: una ricca selezione di salumi e formaggi, di creme e spume all&#8217;erba cipollina e al tartufo, di conserve e mieli, di ortaggi freschi: e di un delizioso Pinot Grigio, Masianco 2010, dell&#8217;Azienda Masi, come tutti i vini in accompagnamento al nostro pranzo di quella giornata.<br \/>\nCi vengono serviti Tortellini di Valeggio al burro fuso e salvia, esaltati da un Brolo Campofiorin Oro 2008 Igt, per passare poi alla forza di un eccellente Brasato all&#8217;Amarone con polenta gialla &#8211; accompagnato da un Costasera Doc Classico Riserva 2005.<br \/>\nAl dessert esplode il gusto del dolce di Pere al Recioto con croccante di mele in abbinamento ad un Amabile degli Angeli Recioto Valpolicella Doc Classico 2005.<br \/>\nPoi, tutti insieme verso Verona, la citt\u00e0 degli innamorati celebrata da Shakespeare: un piccolo gioiello immortale, sulle orme di Dante Alighieri e verso i luoghi che furono cari al Sommo Poeta.<br \/>\nLasciamo la Foresteria Serego Alighieri con il desiderio, e la promessa, di tornarci di nuovo tutti in formazione per una vacanza all&#8217;insegna del buon gusto, del lusso discreto, della signorilit\u00e0 ma anche della tranquillit\u00e0, del relax e del fascino di luoghi cos\u00ec tanto all&#8217;avanguardia ma al contempo cos\u00ec tanto pregni di storia e cos\u00ec tanto a stretto contatto di una natura generosa, in una terra fertile.<\/span><\/span><\/p>\n<p style=\"text-align: justify;\"><strong>Alessandra Verzera<\/strong><\/p>\n","protected":false},"excerpt":{"rendered":"<p>L&#8217;allestimento \u00e8 quello delle grandi occasioni alla Foresteria Serego Alighieri: la famiglia infatti ha invitato una ristretta cerchia di giornalisti, buyers e titolari di\u00a0 enoteche a visitare le possessioni Serego Alighieri. Foresteria, cantine e produzioni. Due giorni di grande ospitalit\u00e0 all&#8217;insegna del buon cibo e dell&#8217;ancor migliore bere con i vini d&#8217;eccellenza della valpolicella. Arrivando [&hellip;]<\/p>\n","protected":false},"author":18,"featured_media":5258,"comment_status":"open","ping_status":"open","sticky":false,"template":"","format":"standard","meta":[],"categories":[4,13],"tags":[],"jetpack_featured_media_url":"https:\/\/www.sceltedigusto.it\/public\/wp-content\/uploads\/2011\/10\/serego.jpg","_links":{"self":[{"href":"https:\/\/www.sceltedigusto.it\/public\/wp-json\/wp\/v2\/posts\/1828"}],"collection":[{"href":"https:\/\/www.sceltedigusto.it\/public\/wp-json\/wp\/v2\/posts"}],"about":[{"href":"https:\/\/www.sceltedigusto.it\/public\/wp-json\/wp\/v2\/types\/post"}],"author":[{"embeddable":true,"href":"https:\/\/www.sceltedigusto.it\/public\/wp-json\/wp\/v2\/users\/18"}],"replies":[{"embeddable":true,"href":"https:\/\/www.sceltedigusto.it\/public\/wp-json\/wp\/v2\/comments?post=1828"}],"version-history":[{"count":6,"href":"https:\/\/www.sceltedigusto.it\/public\/wp-json\/wp\/v2\/posts\/1828\/revisions"}],"predecessor-version":[{"id":16816,"href":"https:\/\/www.sceltedigusto.it\/public\/wp-json\/wp\/v2\/posts\/1828\/revisions\/16816"}],"wp:featuredmedia":[{"embeddable":true,"href":"https:\/\/www.sceltedigusto.it\/public\/wp-json\/wp\/v2\/media\/5258"}],"wp:attachment":[{"href":"https:\/\/www.sceltedigusto.it\/public\/wp-json\/wp\/v2\/media?parent=1828"}],"wp:term":[{"taxonomy":"category","embeddable":true,"href":"https:\/\/www.sceltedigusto.it\/public\/wp-json\/wp\/v2\/categories?post=1828"},{"taxonomy":"post_tag","embeddable":true,"href":"https:\/\/www.sceltedigusto.it\/public\/wp-json\/wp\/v2\/tags?post=1828"}],"curies":[{"name":"wp","href":"https:\/\/api.w.org\/{rel}","templated":true}]}}