{"id":1809,"date":"2011-10-25T23:15:21","date_gmt":"2011-10-25T21:15:21","guid":{"rendered":"http:\/\/www.sceltedigusto.it\/public\/Test\/nel-nostro-paese-e-boom-delle-paste-100-di-grano-made-in-italy\/"},"modified":"2016-01-18T15:31:47","modified_gmt":"2016-01-18T14:31:47","slug":"nel-nostro-paese-e-boom-delle-paste-100-di-grano-made-in-italy","status":"publish","type":"post","link":"https:\/\/www.sceltedigusto.it\/public\/nel-nostro-paese-e-boom-delle-paste-100-di-grano-made-in-italy\/","title":{"rendered":"Nel nostro Paese \u00e8 boom delle paste 100% di grano made in Italy"},"content":{"rendered":"<h3 style=\"text-align: justify;\"><img loading=\"lazy\" class=\" size-full wp-image-1803\" src=\"http:\/\/www.sceltedigusto.it\/public\/Test\/wp-content\/uploads\/2011\/10\/pasta_italy.jpg\" border=\"0\" width=\"214\" height=\"294\" width=\"205\" height=\"294\" \/> <span style=\"font-family: verdana,geneva;\">L&#8217;Italia non \u00e8 solo il Paese di poeti, navigatori, artisti, allenatori, &#8220;tuttologi&#8221;, ma anche la patria di&#8230; divoratori di pasta. Siamo i principali consumatori al mondo con 26 chilogrammi di pasta a persona all&#8217;anno (Fonte: elaborazioni Coldiretti). Al secondo posto il Venezuela con 13, seguito da Tunisia con 12, Grecia e Svizzera 10, Stati Uniti e Svezia 9. E&#8217; in Italia il &#8220;boom&#8221; delle paste al 100% di grano di &#8220;casa nostra&#8221;. (A. Fi.)<\/span>   <!--more-->  <\/h3>\n<p style=\"text-align: center;\"><span style=\"font-size: small;\"><span style=\"font-family: verdana,geneva;\"><img loading=\"lazy\" class=\" size-full wp-image-787\" src=\"http:\/\/www.sceltedigusto.it\/public\/Test\/wp-content\/uploads\/2011\/07\/spaghetti.bmp\" border=\"0\" width=\"400\" height=\"278\" width=\"425\" height=\"319\" \/><\/span><\/span><\/p>\n<p style=\"text-align: justify;\"><span style=\"font-size: small;\"><span style=\"font-family: verdana,geneva;\">In Italia vengono consumati oltre 1,5 milioni di tonnellate di pasta all&#8217;anno, per un controvalore pari a 2,8 miliardi di euro ma, nonostante il successo della pasta made in Italy e nel mondo si \u00e8 per\u00f2 verificato un calo nei primi sei mesi del 2011, dell&#8217;1,6 per cento in quantit\u00e0. <\/span><\/span><\/p>\n<p style=\"text-align: justify;\"><span style=\"font-size: small;\"><span style=\"font-family: verdana,geneva;\">L\u2019Italia detiene il primato mondiale nel consumo di pasta che ha raggiunto &#8211; sottolinea la Coldiretti &#8211; attorno ai 26 chili a persona, tre volte superiore a quello di uno statunitense, di un greco o di un francese, cinque volte superiore a quello di un tedesco o di uno spagnolo e sedici volte superiore a quello di un giapponese. Nel podio dei mangiatori di pasta salgono \u2013 precisa la Coldiretti &#8211; l\u2019Italia con i 26 chili all\u2019anno a testa, il Venezuela con 13 chili all\u2019anno a testa e la Tunisia con 12 chili all\u2019anno a testa.<\/span><\/span><\/p>\n<p style=\"text-align: center;\"><span style=\"font-size: small;\"><span style=\"font-family: verdana,geneva;\"><img loading=\"lazy\" class=\" size-full wp-image-1804\" src=\"http:\/\/www.sceltedigusto.it\/public\/Test\/wp-content\/uploads\/2011\/10\/pasta_1.jpg\" border=\"0\" width=\"243\" height=\"267\" style=\"border: 0pt none;\" width=\"276\" height=\"183\" \/> <img loading=\"lazy\" class=\" size-full wp-image-1805\" src=\"http:\/\/www.sceltedigusto.it\/public\/Test\/wp-content\/uploads\/2011\/10\/logo coldiretti 2011.jpg\" border=\"0\" width=\"225\" height=\"266\" width=\"655\" height=\"890\" \/><\/span><\/span><\/p>\n<p style=\"text-align: justify;\"><span style=\"font-size: small;\"><span style=\"font-family: verdana,geneva;\">Il dato \u00e8 stato diffuso nei giorni scorsi dall&#8217;associazione dei coltivatori diretti che sottolinea tra l&#8217;altro come &#8220;la riduzione quantitativa \u00e8 stata per\u00f2 accompagnata da una qualificazione degli acquisti con il boom del 2011 delle vendite sul mercato della pasta pi\u00f9 artigianale ottenuta con grando al 100% italiano&#8221;, anche nell&#8217;ambito del progetto della filiera agricola tutta italiana della Coldiretti: dalla &#8220;pasta dei coltivatori&#8221; con grano toscano alla valle del grano con quello siciliano fino alla pasta Chigi prodotta in Emilia Romagna.<\/span><\/span><\/p>\n<p style=\"text-align: justify;\"><span style=\"font-size: small;\"><span style=\"font-family: verdana,geneva;\"><img loading=\"lazy\" class=\" size-full wp-image-1806\" src=\"http:\/\/www.sceltedigusto.it\/public\/Test\/wp-content\/uploads\/2011\/10\/fusilli.jpg\" border=\"0\" width=\"190\" height=\"250\" width=\"250\" height=\"329\" srcset=\"https:\/\/www.sceltedigusto.it\/public\/wp-content\/uploads\/2011\/10\/fusilli.jpg 250w, https:\/\/www.sceltedigusto.it\/public\/wp-content\/uploads\/2011\/10\/fusilli-227x300.jpg 227w\" sizes=\"(max-width: 190px) 100vw, 190px\" \/><\/span><\/span><\/p>\n<p style=\"text-align: justify;\"><span style=\"font-size: small;\"><span style=\"font-family: verdana,geneva;\">Ma il nostro Paese \u00e8 leader anche nella produzione con un piatto di pasta su quattro consumato nel mondo che, come si legge ancora in una nota della Coldiretti &#8220;\u00e8 fatto in casa nostra. L\u2019Italia \u00e8 leader nella produzione con 3,2 milioni di tonnellate superiore a quella degli Stati Uniti (2 milioni di tonnellate), del Brasile (1,3 milione di tonnellate) e della Russia (858 mila tonnellate)&#8221;. <br \/><\/span><\/span><\/p>\n<p style=\"text-align: justify;\"><span style=\"font-size: small;\"><span style=\"font-family: verdana,geneva;\">A preoccupare \u00e8 per\u00f2 l\u2019elevata percentuale di grano straniero utilizzata per la produzione nazionale di pasta all\u2019insaputa del consumatori perch\u00e9 non \u00e8 ancora obbligatorio indicare in etichetta l\u2019origine: la Coldiretti stima che\u00a0 provenga dall\u2019estero oltre il 40 per cento del grano utilizzato. In altre parole quasi un pacco di pasta \u201citaliana\u201d su due \u00e8 fatto con grano straniero. <br \/><\/span><\/span><\/p>\n<p style=\"text-align: justify;\"><span style=\"font-size: small;\"><span style=\"font-family: verdana,geneva;\">Peraltro \u2013 prosegue la Coldiretti &#8211; per il grano duro la produzione 2011 dovrebbe attestarsi sui 3,6 milioni di tonnellate, il sei per cento in meno rispetto allo scorso anno, per colpa di 128mila ettari persi a inizio campagna e alle ondate di maltempo che hanno condizionato a pi\u00f9 riprese le semine annuali ma anche delle forti oscillazioni nei prezzi riconosciuti ai produttori che alimentano incertezza e comprimono i redditi.<\/span><\/span><\/p>\n<p style=\"text-align: center;\"><span style=\"font-size: small;\"><span style=\"font-family: verdana,geneva;\"><img loading=\"lazy\" class=\" size-full wp-image-1807\" src=\"http:\/\/www.sceltedigusto.it\/public\/Test\/wp-content\/uploads\/2011\/10\/documents pasta_3.jpg\" border=\"0\" width=\"382\" height=\"233\" width=\"430\" height=\"240\" \/><\/span><\/span><\/p>\n<p style=\"text-align: justify;\"><span style=\"font-size: small;\"><span style=\"font-family: verdana,geneva;\">Ed ancora un altro dato che mette l&#8217;Italia tra i primi al mondo in tema di esportazione del &#8220;prodotto pasta&#8221;. <\/span><\/span><span style=\"font-size: small;\"><span style=\"font-family: verdana,geneva;\">Crescono, infatti, del 10% negli Stati Uniti le esportazioni in quantit\u00e0 di pasta italiana che fa registrare un trend positivo nel 2011 anche a livello globale con un aumento del 4 per cento.<\/span><\/span><\/p>\n<p style=\"text-align: justify;\"><span style=\"font-size: small;\"><span style=\"font-family: verdana,geneva;\">E\u2019 quanto emerge da una analisi della Coldiretti divulgata in occasione del World Pasta Day sulla base del primo trimestre del 2011 dalla quale si evidenzia che la pasta italiana \u00e8 entrata nelle abitudini alimentari in tutti i continenti con 1,8 muiliardi di valore dell\u2019export all\u2019anno anche se i consumatori pi\u00f9 appassionati di pasta italiana sono i tedeschi, seguiti nell\u2019ordine dai francesi, dagli inglesi, dagli statunitensi e dai giapponesi.<\/span><\/span><\/p>\n<p style=\"text-align: justify;\"><span style=\"font-size: small;\"><span style=\"font-family: verdana,geneva;\">Nonostante la sostanziale tenuta dei consumi a livello nazionale si \u00e8 per\u00f2 verificato &#8211; denuncia l&#8217;associazione dei coltivatori diretti &#8211; un crollo dei prezzi pagati agli agricoltori per il grano duro necessario per la pasta su livelli di circa 15 centesimi al chilo che non riescono a coprire i costi di produzione e mettono a rischio il futuro. Per salvare la pasta di grano italiano la Coldiretti \u00e8 impegnata nel progetto una &#8220;filiera agricola tutta italiana&#8221; per combattere le distorsioni e le speculazione dal campo alla tavola con il coinvolgimento delle imprese agricole, dei mercati degli agricoltori, delle cooperative e dei Consorzi Agrari che hanno recentemente varato l&#8217;holding &#8220;Consorzi Agrari d&#8217;Italia&#8221;.<\/span><\/span><\/p>\n<p style=\"text-align: justify;\"><span style=\"font-size: small;\"><span style=\"font-family: verdana,geneva;\"><img loading=\"lazy\" class=\" size-full wp-image-1808\" src=\"http:\/\/www.sceltedigusto.it\/public\/Test\/wp-content\/uploads\/2011\/10\/pasta10.jpg\" border=\"0\" width=\"265\" height=\"300\" width=\"321\" height=\"450\" \/><\/p>\n<p>La storia della <\/span><span style=\"font-family: verdana,geneva;\">pasta &#8211; sottolinea ancora &#8211; la Coldiretti<a href=\"http:\/\/www.newsfood.com\/key\/360\/coldiretti\"><\/a> &#8211; ha inizio circa 7000 anni fa e sono molte le leggende e le credenze intessute attorno alla sua nascita: c&#8217;\u00e8 chi l&#8217;attribuisce agli Dei, chi agli Etruschi, chi a Marco Polo e al suo ritorno dalla Cina e chi pensa che i primi inventori della pasta siano stati gli arabi. Ma, tra leggenda e verit\u00e0 &#8211; conclude la Coldiretti &#8211; sicuramente l&#8217;Italia \u00e8 il Paese che ha maggior titolo nel rivendicare la paternit\u00e0 di questo alimento grazie al forte legame con il territorio, alle tecniche di lavorazione e alle sapienti combinazioni culinarie. Di certo, infatti, si sa che nel XVII secolo, a Napoli, la pasta &#8220;incontra&#8221; il pomodoro, arrivato in Europa con la scoperta dell&#8217;America e con il tocco aggiuntivo del basilico nasce un fortunato tris di colori, testimonial indiscusso della nostra bandiera che ancora oggi fa il giro del mondo<\/span><\/span><\/p>\n<p style=\"text-align: justify;\"><span style=\"font-size: small;\"><span style=\"font-family: verdana,geneva;\"><strong>Antonio Fiasconaro<\/strong><br \/><\/span><\/span><\/p>\n","protected":false},"excerpt":{"rendered":"<p>L&#8217;Italia non \u00e8 solo il Paese di poeti, navigatori, artisti, allenatori, &#8220;tuttologi&#8221;, ma anche la patria di&#8230; divoratori di pasta. Siamo i principali consumatori al mondo con 26 chilogrammi di pasta a persona all&#8217;anno (Fonte: elaborazioni Coldiretti). Al secondo posto il Venezuela con 13, seguito da Tunisia con 12, Grecia e Svizzera 10, Stati Uniti [&hellip;]<\/p>\n","protected":false},"author":18,"featured_media":1803,"comment_status":"open","ping_status":"open","sticky":false,"template":"","format":"standard","meta":[],"categories":[4],"tags":[1683,1887,2434,805,2437,2439,2428,2436,2429,2438,799,591,2435,1483,2440,2433,2430,2432,1774,2431],"jetpack_featured_media_url":"https:\/\/www.sceltedigusto.it\/public\/wp-content\/uploads\/2011\/10\/pasta_italy.jpg","_links":{"self":[{"href":"https:\/\/www.sceltedigusto.it\/public\/wp-json\/wp\/v2\/posts\/1809"}],"collection":[{"href":"https:\/\/www.sceltedigusto.it\/public\/wp-json\/wp\/v2\/posts"}],"about":[{"href":"https:\/\/www.sceltedigusto.it\/public\/wp-json\/wp\/v2\/types\/post"}],"author":[{"embeddable":true,"href":"https:\/\/www.sceltedigusto.it\/public\/wp-json\/wp\/v2\/users\/18"}],"replies":[{"embeddable":true,"href":"https:\/\/www.sceltedigusto.it\/public\/wp-json\/wp\/v2\/comments?post=1809"}],"version-history":[{"count":1,"href":"https:\/\/www.sceltedigusto.it\/public\/wp-json\/wp\/v2\/posts\/1809\/revisions"}],"predecessor-version":[{"id":4600,"href":"https:\/\/www.sceltedigusto.it\/public\/wp-json\/wp\/v2\/posts\/1809\/revisions\/4600"}],"wp:featuredmedia":[{"embeddable":true,"href":"https:\/\/www.sceltedigusto.it\/public\/wp-json\/wp\/v2\/media\/1803"}],"wp:attachment":[{"href":"https:\/\/www.sceltedigusto.it\/public\/wp-json\/wp\/v2\/media?parent=1809"}],"wp:term":[{"taxonomy":"category","embeddable":true,"href":"https:\/\/www.sceltedigusto.it\/public\/wp-json\/wp\/v2\/categories?post=1809"},{"taxonomy":"post_tag","embeddable":true,"href":"https:\/\/www.sceltedigusto.it\/public\/wp-json\/wp\/v2\/tags?post=1809"}],"curies":[{"name":"wp","href":"https:\/\/api.w.org\/{rel}","templated":true}]}}