{"id":1746,"date":"2011-10-16T20:51:21","date_gmt":"2011-10-16T18:51:21","guid":{"rendered":"http:\/\/www.sceltedigusto.it\/public\/Test\/qcasa-barillaq-sara-in-sicilia-il-12-novembre-a-catania-e-il-20-novembre-a-palermo\/"},"modified":"2013-11-16T21:13:22","modified_gmt":"2013-11-16T20:13:22","slug":"qcasa-barillaq-sara-in-sicilia-il-12-novembre-a-catania-e-il-20-novembre-a-palermo","status":"publish","type":"post","link":"https:\/\/www.sceltedigusto.it\/public\/qcasa-barillaq-sara-in-sicilia-il-12-novembre-a-catania-e-il-20-novembre-a-palermo\/","title":{"rendered":"&#8220;Casa Barilla&#8221; sar\u00e0 in Sicilia il 12 novembre a Catania e il 20 novembre a Palermo"},"content":{"rendered":"<h3 style=\"text-align: justify;\"><img loading=\"lazy\" class=\" size-full wp-image-1742\" src=\"http:\/\/www.sceltedigusto.it\/public\/Test\/wp-content\/uploads\/2011\/10\/casa barilla.jpg\" border=\"0\" width=\"200\" height=\"274\" width=\"427\" height=\"640\" \/><\/h3>\n<h3 style=\"text-align: justify;\"><span style=\"font-size: small;\"><span style=\"font-family: verdana,geneva;\">Un tour dedicato alla pasta, cucina e all&#8217;enogastronomia lungo tutto lo Stivale. Otto citt\u00e0 saranno attraversate anche quest&#8217;anno da &#8220;Casa Barilla&#8221;. Dopo Salerno (2 ottobre 2011) e Milano (16 ottobre 2011), adesso la carovana si trasferir\u00e0 in altri capoluogo italiani. In Sicilia l&#8217;appuntamento \u00e8 il 13 novembre a Catania (Villa Bellini) e il 20 novembre a Palermo (Piazza Unit\u00e0 d&#8217;Italia). (A. Fi.)<\/span><\/span><\/h3>\n<p>  <!--more-->  <\/p>\n<p style=\"text-align: justify;\"><span style=\"font-size: small;\"><span style=\"font-family: verdana,geneva;\">Gi\u00e0 un primo successo siciliano lo si deve alla partecipazione alla finale della gara di cucina che ha fatto tappa, la seconda di questa edizione, a Milano domenica 16 ottobre in Piazza del Cannone, di Antonio C. che si \u00e8 cimentato ai fornelli, assistito dagli chef di &#8220;Academia Barilla&#8221; preparando strozzapreti con sugo alla puttanesca arricchito da carote e zucchine.<\/span><\/span><\/p>\n<p style=\"text-align: center;\"><span style=\"font-size: small;\"><span style=\"font-family: verdana,geneva;\"><img loading=\"lazy\" class=\" size-full wp-image-1743\" src=\"http:\/\/www.sceltedigusto.it\/public\/Test\/wp-content\/uploads\/2011\/10\/antonio c.jpg\" border=\"0\" width=\"354\" height=\"245\" width=\"300\" height=\"201\" \/><br \/><\/span><\/span><\/p>\n<p style=\"text-align: justify;\"><span style=\"font-size: small;\"><span style=\"font-family: verdana,geneva;\">&#8220;Spesso mi ritrovo a Milano per motivi di lavoro &#8211; ha commentato durante la finale il palermitano Antonio C. &#8211; e quando ho saputo di questa gara di cucina non ho potuto resistere e non sono rientrato a Palermo proprio per parteciparvi. Ma torner\u00f2 a Casa Barilla il 20 novembre prossimo quando far\u00e0 tappa nella mia Palermo (l&#8217;appuntamento \u00e8 in Piazza Unit\u00e0 d&#8217;Italia, ndr)&#8221;.<\/span><\/span><\/p>\n<p style=\"text-align: justify;\"><span style=\"font-size: small;\"><span style=\"font-family: verdana,geneva;\"><span style=\"font-size: small;\"><span style=\"font-family: verdana,geneva;\"><img loading=\"lazy\" class=\" size-full wp-image-1744\" src=\"http:\/\/www.sceltedigusto.it\/public\/Test\/wp-content\/uploads\/2011\/10\/casa barilla_2.jpg\" border=\"0\" width=\"332\" height=\"263\" width=\"640\" height=\"427\" \/><\/span><\/span><\/span><\/span><\/p>\n<p style=\"text-align: justify;\"><span style=\"font-size: small;\"><span style=\"font-family: verdana,geneva;\">Per quanto riguarda la tappa Lombarda, &#8220;Casa Barilla&#8221; ha fornito i numeri della partecipazione all&#8217;happening enogastronomico itinerante. <\/span><span style=\"font-family: verdana,geneva;\"><strong>Oltre 8.000 visitatori <\/strong>hanno hanno voluto trascorrere una domenica diversa, all\u2019insegna della convivialit\u00e0 e della gioia di stare insieme.\u00a0 La struttura di &#8220;Casa Barilla&#8221; ha ospitato un ricco programma, che ha coinvolto gli ospiti in diverse attivit\u00e0.<br \/><\/span><\/span><\/p>\n<p><span style=\"font-size: small;\"><span style=\"font-family: verdana,geneva;\"> <\/span><\/span><\/p>\n<ul style=\"text-align: justify;\">\n<li><span style=\"font-size: small;\"><span style=\"font-family: verdana,geneva;\">Le <strong>lezioni teorico-pratiche<\/strong> di cucina: gli chef di Academia Barilla hanno cucinato insieme a circa <strong>50 aspiranti cuochi<\/strong>, dando consigli pratici e suggerimenti per preparare piatti gustosi e nutrizionalmente equilibrati. <br \/><\/span><\/span><\/li>\n<\/ul>\n<ul style=\"text-align: justify;\">\n<li><span style=\"font-size: small;\"><span style=\"font-family: verdana,geneva;\">I <strong>seminari<\/strong>: lo <strong>chef Marcello Zaccaria di Academia Barilla<\/strong> e <strong>Barbara Ronchi Della Rocca<\/strong>, esperta di bon ton in cucina hanno intrattenuto gli ospiti con un programma di lezioni\/seminari sulla tavola e la cucina.<\/span><\/span><\/li>\n<\/ul>\n<ul style=\"text-align: justify;\">\n<li><span style=\"font-size: small;\"><span style=\"font-family: verdana,geneva;\"><strong>L\u2019area Piccolini<\/strong>: uno spazio ludico dove i piccoli chef hanno imparato a mangiar sano divertendosi con lezioni e laboratori di cucina, giochi e attivit\u00e0 creative. Un percorso alla scoperta del magico mondo di Piccolini, la linea di prodotti pensata da Barilla per i bambini e amata da tutta la famiglia. <br \/><\/span><\/span><\/li>\n<\/ul>\n<ul style=\"text-align: justify;\">\n<li><span style=\"font-size: small;\"><span style=\"font-family: verdana,geneva;\"><strong>Sfide in cucina<\/strong>: l\u2019importante non \u00e8 vincere, ma divertirsi insieme ai fornelli. <strong>16 appassionati di cucina e 4 food blogger<\/strong> della citt\u00e0 ospite si sono misurati in una giocosa sfida per testare le proprie abilit\u00e0 culinarie, sotto la guida e l\u2019occhio vigile degli chef di Academia Barilla.<\/span><\/span><\/li>\n<\/ul>\n<p style=\"text-align: center;\"><img loading=\"lazy\" class=\" size-full wp-image-1745\" src=\"http:\/\/www.sceltedigusto.it\/public\/Test\/wp-content\/uploads\/2011\/10\/garadicucina.jpg\" border=\"0\" width=\"355\" height=\"245\" width=\"195\" height=\"135\" \/><\/p>\n<p style=\"text-align: justify;\"><span style=\"font-family: Century Gothic;\"><span style=\"font-size: small;\"><span style=\"font-family: verdana,geneva;\">La vincitrice della<strong> &#8220;Food Blogger&#8221; Cup<\/strong> per la tappa di Milano \u00e8 stata <strong>Teresa Balzano<\/strong>, 26enne di Crotone, ma da 8 anni a Milano. La ricetta che le ha permesso di sbaragliare la concorrenza, \u00e8 stata \u201cPizzoccheri rivisitati\u201d (Cellentani integrali preparati con porro, spinaci e parmigiano). <\/span><\/span><\/span><\/p>\n<p style=\"text-align: justify;\"><span style=\"font-family: Century Gothic;\"><span style=\"font-size: small;\"><span style=\"font-family: verdana,geneva;\">&#8220;Vivendo da sola ho dovuto imparare a cucinare \u2013 racconta Teresa &#8211; e con gli anni mi sono appassionata alla cucina\u201d. Il blog di Teresa, www.peperoniepatate.com, \u00e8 attivo da quasi due anni e racconta della passione di Teresa per la pasta, dei suoi esperimenti in cucina e degli eventi ai quali partecipa. Teresa, insieme a Fiorella (la vincitrice della prima tappa di Salerno del 2 ottobre), parteciper\u00e0 alla competizione finale tra blogger, che si terr\u00e0 a Roma il 4 dicembre.<\/p>\n<p>Per accedere a &#8220;Casa Barilla&#8221; \u00e8 stato richiesto un contributo simbolico di 3 euro<strong> <\/strong>per tutti i partecipanti ad eccezione dei ragazzi al di sotto dei 15 anni di et\u00e0, che entrano gratuitamente. L\u2019incasso di ogni tappa sar\u00e0 infatti dedicato ad uno specifico progetto a favore dell\u2019Associazione ABIO che opera presso i reparti di pediatria delle citt\u00e0 coinvolte.<\/span><\/span><\/span><\/p>\n<p style=\"text-align: justify;\"><span style=\"font-family: Century Gothic;\"><span style=\"font-size: small;\"><span style=\"font-family: verdana,geneva;\"><strong>Antonio Fiasconaro<\/strong><br \/><\/span><\/span><\/span><\/p>\n","protected":false},"excerpt":{"rendered":"<p>Un tour dedicato alla pasta, cucina e all&#8217;enogastronomia lungo tutto lo Stivale. Otto citt\u00e0 saranno attraversate anche quest&#8217;anno da &#8220;Casa Barilla&#8221;. Dopo Salerno (2 ottobre 2011) e Milano (16 ottobre 2011), adesso la carovana si trasferir\u00e0 in altri capoluogo italiani. In Sicilia l&#8217;appuntamento \u00e8 il 13 novembre a Catania (Villa Bellini) e il 20 novembre [&hellip;]<\/p>\n","protected":false},"author":18,"featured_media":1742,"comment_status":"open","ping_status":"open","sticky":false,"template":"","format":"standard","meta":[],"categories":[4],"tags":[2345,2340,1683,2347,2341,2338,539,2349,800,2077,2339,1059,2344,2346,171,104,591,2342,2348,2343],"jetpack_featured_media_url":"https:\/\/www.sceltedigusto.it\/public\/wp-content\/uploads\/2011\/10\/casa barilla.jpg","_links":{"self":[{"href":"https:\/\/www.sceltedigusto.it\/public\/wp-json\/wp\/v2\/posts\/1746"}],"collection":[{"href":"https:\/\/www.sceltedigusto.it\/public\/wp-json\/wp\/v2\/posts"}],"about":[{"href":"https:\/\/www.sceltedigusto.it\/public\/wp-json\/wp\/v2\/types\/post"}],"author":[{"embeddable":true,"href":"https:\/\/www.sceltedigusto.it\/public\/wp-json\/wp\/v2\/users\/18"}],"replies":[{"embeddable":true,"href":"https:\/\/www.sceltedigusto.it\/public\/wp-json\/wp\/v2\/comments?post=1746"}],"version-history":[{"count":1,"href":"https:\/\/www.sceltedigusto.it\/public\/wp-json\/wp\/v2\/posts\/1746\/revisions"}],"predecessor-version":[{"id":4535,"href":"https:\/\/www.sceltedigusto.it\/public\/wp-json\/wp\/v2\/posts\/1746\/revisions\/4535"}],"wp:featuredmedia":[{"embeddable":true,"href":"https:\/\/www.sceltedigusto.it\/public\/wp-json\/wp\/v2\/media\/1742"}],"wp:attachment":[{"href":"https:\/\/www.sceltedigusto.it\/public\/wp-json\/wp\/v2\/media?parent=1746"}],"wp:term":[{"taxonomy":"category","embeddable":true,"href":"https:\/\/www.sceltedigusto.it\/public\/wp-json\/wp\/v2\/categories?post=1746"},{"taxonomy":"post_tag","embeddable":true,"href":"https:\/\/www.sceltedigusto.it\/public\/wp-json\/wp\/v2\/tags?post=1746"}],"curies":[{"name":"wp","href":"https:\/\/api.w.org\/{rel}","templated":true}]}}